{"id":50373,"date":"2024-05-31T12:00:36","date_gmt":"2024-05-31T15:00:36","guid":{"rendered":"https:\/\/temucotelevision.cl\/web\/?p=50373"},"modified":"2024-05-31T12:00:37","modified_gmt":"2024-05-31T15:00:37","slug":"productores-regionales-comienzan-venta-de-frutas-de-la-araucania-en-asia-y-europa","status":"publish","type":"post","link":"https:\/\/temucotelevision.cl\/web\/2024\/05\/31\/productores-regionales-comienzan-venta-de-frutas-de-la-araucania-en-asia-y-europa\/","title":{"rendered":"Productores regionales comienzan venta de frutas de La Araucan\u00eda en Asia y Europa"},"content":{"rendered":"<div class=\"pvc_clear\"><\/div><p id=\"pvc_stats_50373\" class=\"pvc_stats total_only  \" data-element-id=\"50373\" style=\"\"><i class=\"pvc-stats-icon large\" aria-hidden=\"true\"><svg aria-hidden=\"true\" focusable=\"false\" data-prefix=\"far\" data-icon=\"chart-bar\" role=\"img\" xmlns=\"http:\/\/www.w3.org\/2000\/svg\" viewBox=\"0 0 512 512\" class=\"svg-inline--fa fa-chart-bar fa-w-16 fa-2x\"><path fill=\"currentColor\" d=\"M396.8 352h22.4c6.4 0 12.8-6.4 12.8-12.8V108.8c0-6.4-6.4-12.8-12.8-12.8h-22.4c-6.4 0-12.8 6.4-12.8 12.8v230.4c0 6.4 6.4 12.8 12.8 12.8zm-192 0h22.4c6.4 0 12.8-6.4 12.8-12.8V140.8c0-6.4-6.4-12.8-12.8-12.8h-22.4c-6.4 0-12.8 6.4-12.8 12.8v198.4c0 6.4 6.4 12.8 12.8 12.8zm96 0h22.4c6.4 0 12.8-6.4 12.8-12.8V204.8c0-6.4-6.4-12.8-12.8-12.8h-22.4c-6.4 0-12.8 6.4-12.8 12.8v134.4c0 6.4 6.4 12.8 12.8 12.8zM496 400H48V80c0-8.84-7.16-16-16-16H16C7.16 64 0 71.16 0 80v336c0 17.67 14.33 32 32 32h464c8.84 0 16-7.16 16-16v-16c0-8.84-7.16-16-16-16zm-387.2-48h22.4c6.4 0 12.8-6.4 12.8-12.8v-70.4c0-6.4-6.4-12.8-12.8-12.8h-22.4c-6.4 0-12.8 6.4-12.8 12.8v70.4c0 6.4 6.4 12.8 12.8 12.8z\" class=\"\"><\/path><\/svg><\/i> <img loading=\"lazy\" decoding=\"async\" width=\"16\" height=\"16\" alt=\"Loading\" src=\"https:\/\/temucotelevision.cl\/web\/wp-content\/plugins\/page-views-count\/ajax-loader-2x.gif\" border=0 \/><\/p><div class=\"pvc_clear\"><\/div>\n<p><em>El Instrumento Corfo \u201cRed Mercado\u201d ha permitido a peque\u00f1as empresas frut\u00edcolas llegar con nueces, avellanas, cerezas, vinos, y otros productos hasta Espa\u00f1a y China.&nbsp;<\/em><\/p>\n\n\n\n<p>De manera sostenida, productores de La Araucan\u00eda comienzan a dar un giro en actividades y mirar nuevos productos y mercados. En la Regi\u00f3n, ya son m\u00e1s de 1.500 las hect\u00e1reas que se han reconvertido al rubro frut\u00edcola, gracias a la inyecci\u00f3n de recursos del Gobierno Regional a trav\u00e9s de Corfo. As\u00ed lo confirm\u00f3 el director de Corfo Araucan\u00eda, Eduardo Figueroa, quien explic\u00f3 que \u201cla industria frut\u00edcola ha tomado protagonismo en las exportaciones desde La Araucan\u00eda y, en particular desde la provincia de Malleco, a Europa y Asia\u201d.&nbsp;<\/p>\n\n\n\n<p><strong>Mercado Internacional&nbsp;<\/strong><\/p>\n\n\n\n<p>Uno de los primeros cultivos en abrirse paso en el exigente mercado internacional fue el de las nueces. El proyecto Corfo Red Mercado Austral Walnuts permiti\u00f3 a seis productores de las comunas de Angol y Renaico contar, no solo con financiamiento, sino tambi\u00e9n con apoyo en el desarrollo de competencias y, en el \u00e1mbito comercial, para comercializar su producci\u00f3n de manera directa, dejando fuera a los intermediarios, mejorando as\u00ed sus retornos, en un negocio con n\u00fameros cada vez m\u00e1s estrechos. El 2022 se logr\u00f3 materializar la venta del primer container del grupo hacia un cliente en el viejo continente. Al a\u00f1o siguiente, el env\u00edo de nueces se cuadruplic\u00f3 y se espera este a\u00f1o seguir creciendo. Para P\u00eda Delpiano, productora de nueces en la empresa Angol Nuts, de Angol, \u201cel apoyo de Corfo nos ayud\u00f3 a abrir oportunidades comerciales y lograr llegar a exportar de manera directa, lo que nos ha permitido seguir siendo competitivos en un negocio cada vez m\u00e1s complejo\u201d. Adem\u00e1s, reconoce que \u201chacer esto por cuenta propia habr\u00eda sido dif\u00edcil, por no decir imposible.\u201d<\/p>\n\n\n\n<p>Rodrigo Molina, socio de la consultora Ruta 12, desarrolladores del proyecto, reconoce que \u201ces una gran experiencia de \u00e9xito, porque gracias al apoyo y la confianza de Corfo se pudo ir a Europa a contactar potenciales clientes, nos entrevistamos con ellos y logramos que uno de esos clientes se interesara en establecer una relaci\u00f3n comercial de largo plazo. Gracias a eso, hoy las nueces de Angol son cosechadas y despachadas para ser comercializadas en Mercamadrid, el principal mercado de Espa\u00f1a y uno de los m\u00e1s grandes de Europa\u201d, relata, y a\u00f1ade que el trabajo con peque\u00f1as y medianas empresas ha ayudado a que estas puedan \u201cabordar nuevos mercados, abriendo oportunidades comerciales en Sudam\u00e9rica, Norteam\u00e9rica, Europa y Asia, conectando a estos productores con potenciales compradores, gracias al financiamiento de Corfo y al apoyo de ProChile en el mundo\u201d.<\/p>\n\n\n\n<p><strong>Llegada a China<\/strong><\/p>\n\n\n\n<p>En el caso de las cerezas, durante \u00faltima temporada, el 93% de las exportaciones de este fruto tuvieron como destino el mercado chino. En este caso, los peque\u00f1os y medianos empresarios beneficiarios viajaron hasta Asia en el marco del proyecto Red Mercado Malleco Cherries para reconocer el mercado, contactar clientes y participar de reuniones con potenciales compradores.&nbsp;<\/p>\n\n\n\n<p>La llegada a China les permiti\u00f3 conocer de manera presencial los mercados en donde se comercializan las cerezas chilenas, tanto en Guangzhou como en Shangh\u00e1i, as\u00ed como la recepci\u00f3n de los clientes finales. Rodrigo Molina relata que \u201cpudimos ver c\u00f3mo el cliente valora el producto nacional y c\u00f3mo el mercado de Guangzhou es capaz de asimilar la llegada de barcos con m\u00e1s de 1.800 containers de cerezas, los que en algunos casos logran ser comercializados en apenas una semana, empujado sobre todo por la apertura de mercados hacia el interior de China.\u201d<\/p>\n\n\n\n<p><strong>Instrumento<\/strong><\/p>\n\n\n\n<p>Jorge Cortes productor y exportador de cerezas y representante de la empresa Agroangol de Renaico, reconoce que \u201cel proyecto Red Mercado de Corfo nos abri\u00f3 la oportunidad de salir a mostrarle al mundo que lo que producimos es de la m\u00e1s alta calidad y que puede competir de igual a igual en mercados tan exigentes como Europa y China\u201d. Para lograrlo, asegura, \u201chemos puesto todo de nuestra parte porque buscamos que, de cierta forma, nuestras cerezas del valle de Malleco sean reconocidas en el mundo entero por su excelente calidad y condici\u00f3n\u201d.&nbsp;<\/p>\n\n\n\n<p>Un ejemplo del crecimento de esta industria es que las l\u00edneas navieras impulsaron la operaci\u00f3n de naves especializadas denominadas \u201cCherry Express\u201d, exclusivos para el transporte intercontinental de cerezas, muchas de ellas desde La Araucan\u00eda hasta China.<\/p>\n\n\n\n<p>Respecto al Instrumento Red Mercado, el director de Corfo Araucan\u00eda destaca que, \u201cEl instrumento busca apoyar el acceso y el uso de informaci\u00f3n de mercado, relevante para el proceso de exportaci\u00f3n de manera asociativa, para apoyar a nuestras pymes en su camino a la exportaci\u00f3n, ya sea directa o indirectamente\u201d. Figueroa adelant\u00f3 que, atendiendo a las exitosas experiencias desarrolladas, en los pr\u00f3ximos meses esperan abrir nuevas convocatorias destinadas a los productores. Se trata de m\u00e1s de $1.000 millones que estar\u00e1n disponibles \u201cpara el apoyo a plantaciones frut\u00edcolas, infraestructura y equipamiento post cosecha. Estas convocatorias estar\u00e1n disponibles para la Regi\u00f3n de La Araucan\u00eda\u201d.<\/p>\n\n\n\n<p>Desde el Agente Operador SOFO, afirman que este instrumento ha sido clave para conectar a las empresas frut\u00edcolas y de elaborados con nuevos compradores internacionales. Esto ha permitido que productos como nueces, cerezas y vinos del sur de nuestro pa\u00eds est\u00e9n llegando directamente a mercados extranjeros, sin intermediarios, permitiendo a las empresas agr\u00edcolas de nuestra regi\u00f3n impulsar el crecimiento internacional.<\/p>\n\n\n\n<p>En el caso de los productores de cerezas, al igual como ocurri\u00f3 con las nueces, los exportadores regionales esperan comenzar en la pr\u00f3xima temporada con la entrega directa, sin intermediarios, al exigente mercado del gigante asi\u00e1tico.<\/p>\n\n\n\n<figure class=\"wp-block-image size-full\"><img loading=\"lazy\" decoding=\"async\" width=\"897\" height=\"1000\" src=\"https:\/\/temucotelevision.cl\/web\/wp-content\/uploads\/2024\/05\/Fotos-cerezas-China.jpeg\" alt=\"\" class=\"wp-image-50375\" srcset=\"https:\/\/temucotelevision.cl\/web\/wp-content\/uploads\/2024\/05\/Fotos-cerezas-China.jpeg 897w, https:\/\/temucotelevision.cl\/web\/wp-content\/uploads\/2024\/05\/Fotos-cerezas-China-768x856.jpeg 768w\" sizes=\"auto, (max-width: 897px) 100vw, 897px\" \/><\/figure>\n","protected":false},"excerpt":{"rendered":"<div class=\"pvc_clear\"><\/div>\n<p id=\"pvc_stats_50373\" class=\"pvc_stats total_only  \" data-element-id=\"50373\" style=\"\"><i class=\"pvc-stats-icon large\" aria-hidden=\"true\"><svg aria-hidden=\"true\" focusable=\"false\" data-prefix=\"far\" data-icon=\"chart-bar\" role=\"img\" xmlns=\"http:\/\/www.w3.org\/2000\/svg\" viewBox=\"0 0 512 512\" class=\"svg-inline--fa fa-chart-bar fa-w-16 fa-2x\"><path fill=\"currentColor\" d=\"M396.8 352h22.4c6.4 0 12.8-6.4 12.8-12.8V108.8c0-6.4-6.4-12.8-12.8-12.8h-22.4c-6.4 0-12.8 6.4-12.8 12.8v230.4c0 6.4 6.4 12.8 12.8 12.8zm-192 0h22.4c6.4 0 12.8-6.4 12.8-12.8V140.8c0-6.4-6.4-12.8-12.8-12.8h-22.4c-6.4 0-12.8 6.4-12.8 12.8v198.4c0 6.4 6.4 12.8 12.8 12.8zm96 0h22.4c6.4 0 12.8-6.4 12.8-12.8V204.8c0-6.4-6.4-12.8-12.8-12.8h-22.4c-6.4 0-12.8 6.4-12.8 12.8v134.4c0 6.4 6.4 12.8 12.8 12.8zM496 400H48V80c0-8.84-7.16-16-16-16H16C7.16 64 0 71.16 0 80v336c0 17.67 14.33 32 32 32h464c8.84 0 16-7.16 16-16v-16c0-8.84-7.16-16-16-16zm-387.2-48h22.4c6.4 0 12.8-6.4 12.8-12.8v-70.4c0-6.4-6.4-12.8-12.8-12.8h-22.4c-6.4 0-12.8 6.4-12.8 12.8v70.4c0 6.4 6.4 12.8 12.8 12.8z\" class=\"\"><\/path><\/svg><\/i> <img loading=\"lazy\" decoding=\"async\" width=\"16\" height=\"16\" alt=\"Loading\" src=\"https:\/\/temucotelevision.cl\/web\/wp-content\/plugins\/page-views-count\/ajax-loader-2x.gif\" border=0 \/><\/p>\n<div class=\"pvc_clear\"><\/div>\n<p>El Instrumento Corfo \u201cRed Mercado\u201d ha permitido a peque\u00f1as empresas frut\u00edcolas llegar con nueces, avellanas, cerezas, vinos, y otros productos<\/p>\n","protected":false},"author":1,"featured_media":50374,"comment_status":"open","ping_status":"open","sticky":false,"template":"","format":"standard","meta":{"colormag_page_container_layout":"default_layout","colormag_page_sidebar_layout":"default_layout","footnotes":""},"categories":[15],"tags":[316],"class_list":["post-50373","post","type-post","status-publish","format-standard","has-post-thumbnail","hentry","category-la-araucania","tag-productores"],"a3_pvc":{"activated":true,"total_views":1189,"today_views":0},"_links":{"self":[{"href":"https:\/\/temucotelevision.cl\/web\/wp-json\/wp\/v2\/posts\/50373","targetHints":{"allow":["GET"]}}],"collection":[{"href":"https:\/\/temucotelevision.cl\/web\/wp-json\/wp\/v2\/posts"}],"about":[{"href":"https:\/\/temucotelevision.cl\/web\/wp-json\/wp\/v2\/types\/post"}],"author":[{"embeddable":true,"href":"https:\/\/temucotelevision.cl\/web\/wp-json\/wp\/v2\/users\/1"}],"replies":[{"embeddable":true,"href":"https:\/\/temucotelevision.cl\/web\/wp-json\/wp\/v2\/comments?post=50373"}],"version-history":[{"count":1,"href":"https:\/\/temucotelevision.cl\/web\/wp-json\/wp\/v2\/posts\/50373\/revisions"}],"predecessor-version":[{"id":50376,"href":"https:\/\/temucotelevision.cl\/web\/wp-json\/wp\/v2\/posts\/50373\/revisions\/50376"}],"wp:featuredmedia":[{"embeddable":true,"href":"https:\/\/temucotelevision.cl\/web\/wp-json\/wp\/v2\/media\/50374"}],"wp:attachment":[{"href":"https:\/\/temucotelevision.cl\/web\/wp-json\/wp\/v2\/media?parent=50373"}],"wp:term":[{"taxonomy":"category","embeddable":true,"href":"https:\/\/temucotelevision.cl\/web\/wp-json\/wp\/v2\/categories?post=50373"},{"taxonomy":"post_tag","embeddable":true,"href":"https:\/\/temucotelevision.cl\/web\/wp-json\/wp\/v2\/tags?post=50373"}],"curies":[{"name":"wp","href":"https:\/\/api.w.org\/{rel}","templated":true}]}}