{"id":50360,"date":"2024-05-30T13:27:06","date_gmt":"2024-05-30T16:27:06","guid":{"rendered":"https:\/\/temucotelevision.cl\/web\/?p=50360"},"modified":"2024-05-30T13:35:00","modified_gmt":"2024-05-30T16:35:00","slug":"atentado-incendiario-en-torres-de-telefonia-en-sector-pedro-de-valdivia","status":"publish","type":"post","link":"https:\/\/temucotelevision.cl\/web\/2024\/05\/30\/atentado-incendiario-en-torres-de-telefonia-en-sector-pedro-de-valdivia\/","title":{"rendered":"Temuco: Atentado incendiario en Torres de Telefon\u00eda en sector Pedro de Valdivia"},"content":{"rendered":"<div class=\"pvc_clear\"><\/div><p id=\"pvc_stats_50360\" class=\"pvc_stats total_only  \" data-element-id=\"50360\" style=\"\"><i class=\"pvc-stats-icon large\" aria-hidden=\"true\"><svg aria-hidden=\"true\" focusable=\"false\" data-prefix=\"far\" data-icon=\"chart-bar\" role=\"img\" xmlns=\"http:\/\/www.w3.org\/2000\/svg\" viewBox=\"0 0 512 512\" class=\"svg-inline--fa fa-chart-bar fa-w-16 fa-2x\"><path fill=\"currentColor\" d=\"M396.8 352h22.4c6.4 0 12.8-6.4 12.8-12.8V108.8c0-6.4-6.4-12.8-12.8-12.8h-22.4c-6.4 0-12.8 6.4-12.8 12.8v230.4c0 6.4 6.4 12.8 12.8 12.8zm-192 0h22.4c6.4 0 12.8-6.4 12.8-12.8V140.8c0-6.4-6.4-12.8-12.8-12.8h-22.4c-6.4 0-12.8 6.4-12.8 12.8v198.4c0 6.4 6.4 12.8 12.8 12.8zm96 0h22.4c6.4 0 12.8-6.4 12.8-12.8V204.8c0-6.4-6.4-12.8-12.8-12.8h-22.4c-6.4 0-12.8 6.4-12.8 12.8v134.4c0 6.4 6.4 12.8 12.8 12.8zM496 400H48V80c0-8.84-7.16-16-16-16H16C7.16 64 0 71.16 0 80v336c0 17.67 14.33 32 32 32h464c8.84 0 16-7.16 16-16v-16c0-8.84-7.16-16-16-16zm-387.2-48h22.4c6.4 0 12.8-6.4 12.8-12.8v-70.4c0-6.4-6.4-12.8-12.8-12.8h-22.4c-6.4 0-12.8 6.4-12.8 12.8v70.4c0 6.4 6.4 12.8 12.8 12.8z\" class=\"\"><\/path><\/svg><\/i> <img loading=\"lazy\" decoding=\"async\" width=\"16\" height=\"16\" alt=\"Loading\" src=\"https:\/\/temucotelevision.cl\/web\/wp-content\/plugins\/page-views-count\/ajax-loader-2x.gif\" border=0 \/><\/p><div class=\"pvc_clear\"><\/div>\n<p>Un incendio que afect\u00f3 a dos torres de telefon\u00eda en el sector Pedro de Valdivia, camino a Chol Chol, ha movilizado a equipos de emergencia y autoridades. El siniestro, registrado durante la madrugada, ha dejado a la comunidad preocupada por este acto de sabotaje.<\/p>\n\n\n\n<p>La 12\u00aa Compa\u00f1\u00eda de Bomberos de Temuco y Carabineros acudieron r\u00e1pidamente al lugar para controlar las llamas y garantizar la seguridad del \u00e1rea. A esta hora, personal de la Polic\u00eda de Investigaciones (PDI) se encuentra trabajando en la zona, acreditando lo que parece ser un ataque intencionado contra las antenas de telefon\u00eda.<\/p>\n\n\n\n<p>Seg\u00fan los primeros informes, el incendio afect\u00f3 gravemente las estructuras de ambas torres, interrumpiendo los servicios de telecomunicaciones en el \u00e1rea. Los t\u00e9cnicos de las empresas responsables de las antenas tambi\u00e9n se han desplazado al lugar para evaluar los da\u00f1os y comenzar las reparaciones necesarias.<\/p>\n\n\n\n<p>Personal de Bomberos, indic\u00f3 que recibieron la llamada de emergencia alrededor de las 3:00 a.m. &#8220;Nos encontramos con dos torres en llamas y trabajamos arduamente para evitar que el fuego se propagara a \u00e1reas cercanas. Afortunadamente, no hubo heridos&#8221;, declar\u00f3.<\/p>\n\n\n\n<p>Este incidente ha generado inquietud entre los vecinos y usuarios de los servicios de telefon\u00eda m\u00f3vil, quienes esperan la pronta restauraci\u00f3n del servicio. Las autoridades locales han solicitado a la comunidad que se mantenga vigilante y reporte cualquier actividad sospechosa.<\/p>\n\n\n\n<p>El Delegado Presidencial Regional, Jos\u00e9 Montalva, conden\u00f3 en\u00e9rgicamente el ataque y asegur\u00f3 que se tomar\u00e1n todas las medidas necesarias para garantizar la seguridad de las infraestructuras cr\u00edticas. &#8220;Este tipo de actos no solo atentan contra la propiedad, sino tambi\u00e9n contra el bienestar de nuestra comunidad. Vamos a colaborar estrechamente con las fuerzas de seguridad para encontrar a los responsables&#8221;, afirm\u00f3 Montalva.<\/p>\n\n\n\n<p>La investigaci\u00f3n contin\u00faa y se espera que en las pr\u00f3ximas horas se entreguen m\u00e1s detalles sobre el avance de las indagaciones y las acciones a seguir.<\/p>\n\n\n\n<figure class=\"wp-block-video\"><video height=\"848\" style=\"aspect-ratio: 480 \/ 848;\" width=\"480\" controls src=\"https:\/\/temucotelevision.cl\/web\/wp-content\/uploads\/2024\/05\/Torres-Video.mp4\"><\/video><\/figure>\n\n\n\n<figure class=\"wp-block-image size-large\"><img loading=\"lazy\" decoding=\"async\" width=\"750\" height=\"1000\" src=\"https:\/\/temucotelevision.cl\/web\/wp-content\/uploads\/2024\/05\/Torres3-750x1000.jpeg\" alt=\"\" class=\"wp-image-50363\" srcset=\"https:\/\/temucotelevision.cl\/web\/wp-content\/uploads\/2024\/05\/Torres3-750x1000.jpeg 750w, https:\/\/temucotelevision.cl\/web\/wp-content\/uploads\/2024\/05\/Torres3-768x1024.jpeg 768w, https:\/\/temucotelevision.cl\/web\/wp-content\/uploads\/2024\/05\/Torres3.jpeg 960w\" sizes=\"auto, (max-width: 750px) 100vw, 750px\" \/><\/figure>\n\n\n\n<figure class=\"wp-block-image size-large\"><img loading=\"lazy\" decoding=\"async\" width=\"750\" height=\"1000\" src=\"https:\/\/temucotelevision.cl\/web\/wp-content\/uploads\/2024\/05\/Torres2-750x1000.jpeg\" alt=\"\" class=\"wp-image-50362\" srcset=\"https:\/\/temucotelevision.cl\/web\/wp-content\/uploads\/2024\/05\/Torres2-750x1000.jpeg 750w, https:\/\/temucotelevision.cl\/web\/wp-content\/uploads\/2024\/05\/Torres2-768x1024.jpeg 768w, https:\/\/temucotelevision.cl\/web\/wp-content\/uploads\/2024\/05\/Torres2.jpeg 960w\" sizes=\"auto, (max-width: 750px) 100vw, 750px\" \/><\/figure>\n","protected":false},"excerpt":{"rendered":"<div class=\"pvc_clear\"><\/div>\n<p id=\"pvc_stats_50360\" class=\"pvc_stats total_only  \" data-element-id=\"50360\" style=\"\"><i class=\"pvc-stats-icon large\" aria-hidden=\"true\"><svg aria-hidden=\"true\" focusable=\"false\" data-prefix=\"far\" data-icon=\"chart-bar\" role=\"img\" xmlns=\"http:\/\/www.w3.org\/2000\/svg\" viewBox=\"0 0 512 512\" class=\"svg-inline--fa fa-chart-bar fa-w-16 fa-2x\"><path fill=\"currentColor\" d=\"M396.8 352h22.4c6.4 0 12.8-6.4 12.8-12.8V108.8c0-6.4-6.4-12.8-12.8-12.8h-22.4c-6.4 0-12.8 6.4-12.8 12.8v230.4c0 6.4 6.4 12.8 12.8 12.8zm-192 0h22.4c6.4 0 12.8-6.4 12.8-12.8V140.8c0-6.4-6.4-12.8-12.8-12.8h-22.4c-6.4 0-12.8 6.4-12.8 12.8v198.4c0 6.4 6.4 12.8 12.8 12.8zm96 0h22.4c6.4 0 12.8-6.4 12.8-12.8V204.8c0-6.4-6.4-12.8-12.8-12.8h-22.4c-6.4 0-12.8 6.4-12.8 12.8v134.4c0 6.4 6.4 12.8 12.8 12.8zM496 400H48V80c0-8.84-7.16-16-16-16H16C7.16 64 0 71.16 0 80v336c0 17.67 14.33 32 32 32h464c8.84 0 16-7.16 16-16v-16c0-8.84-7.16-16-16-16zm-387.2-48h22.4c6.4 0 12.8-6.4 12.8-12.8v-70.4c0-6.4-6.4-12.8-12.8-12.8h-22.4c-6.4 0-12.8 6.4-12.8 12.8v70.4c0 6.4 6.4 12.8 12.8 12.8z\" class=\"\"><\/path><\/svg><\/i> <img loading=\"lazy\" decoding=\"async\" width=\"16\" height=\"16\" alt=\"Loading\" src=\"https:\/\/temucotelevision.cl\/web\/wp-content\/plugins\/page-views-count\/ajax-loader-2x.gif\" border=0 \/><\/p>\n<div class=\"pvc_clear\"><\/div>\n<p>Un incendio que afect\u00f3 a dos torres de telefon\u00eda en el sector Pedro de Valdivia, camino a Chol Chol, ha<\/p>\n","protected":false},"author":1,"featured_media":50361,"comment_status":"open","ping_status":"open","sticky":false,"template":"","format":"standard","meta":{"colormag_page_container_layout":"default_layout","colormag_page_sidebar_layout":"default_layout","footnotes":""},"categories":[15],"tags":[231,6686,5572],"class_list":["post-50360","post","type-post","status-publish","format-standard","has-post-thumbnail","hentry","category-la-araucania","tag-atentado","tag-telefonia","tag-torres"],"a3_pvc":{"activated":true,"total_views":1247,"today_views":0},"_links":{"self":[{"href":"https:\/\/temucotelevision.cl\/web\/wp-json\/wp\/v2\/posts\/50360","targetHints":{"allow":["GET"]}}],"collection":[{"href":"https:\/\/temucotelevision.cl\/web\/wp-json\/wp\/v2\/posts"}],"about":[{"href":"https:\/\/temucotelevision.cl\/web\/wp-json\/wp\/v2\/types\/post"}],"author":[{"embeddable":true,"href":"https:\/\/temucotelevision.cl\/web\/wp-json\/wp\/v2\/users\/1"}],"replies":[{"embeddable":true,"href":"https:\/\/temucotelevision.cl\/web\/wp-json\/wp\/v2\/comments?post=50360"}],"version-history":[{"count":4,"href":"https:\/\/temucotelevision.cl\/web\/wp-json\/wp\/v2\/posts\/50360\/revisions"}],"predecessor-version":[{"id":50368,"href":"https:\/\/temucotelevision.cl\/web\/wp-json\/wp\/v2\/posts\/50360\/revisions\/50368"}],"wp:featuredmedia":[{"embeddable":true,"href":"https:\/\/temucotelevision.cl\/web\/wp-json\/wp\/v2\/media\/50361"}],"wp:attachment":[{"href":"https:\/\/temucotelevision.cl\/web\/wp-json\/wp\/v2\/media?parent=50360"}],"wp:term":[{"taxonomy":"category","embeddable":true,"href":"https:\/\/temucotelevision.cl\/web\/wp-json\/wp\/v2\/categories?post=50360"},{"taxonomy":"post_tag","embeddable":true,"href":"https:\/\/temucotelevision.cl\/web\/wp-json\/wp\/v2\/tags?post=50360"}],"curies":[{"name":"wp","href":"https:\/\/api.w.org\/{rel}","templated":true}]}}