{"id":50355,"date":"2024-05-30T12:55:04","date_gmt":"2024-05-30T15:55:04","guid":{"rendered":"https:\/\/temucotelevision.cl\/web\/?p=50355"},"modified":"2024-05-30T12:55:51","modified_gmt":"2024-05-30T15:55:51","slug":"procedimiento-por-matadero-clandestino-revela-gran-cantidad-de-armas-y-municion-en-angol","status":"publish","type":"post","link":"https:\/\/temucotelevision.cl\/web\/2024\/05\/30\/procedimiento-por-matadero-clandestino-revela-gran-cantidad-de-armas-y-municion-en-angol\/","title":{"rendered":"Procedimiento por matadero clandestino revela gran cantidad de armas y munici\u00f3n en Angol"},"content":{"rendered":"<div class=\"pvc_clear\"><\/div><p id=\"pvc_stats_50355\" class=\"pvc_stats total_only  \" data-element-id=\"50355\" style=\"\"><i class=\"pvc-stats-icon large\" aria-hidden=\"true\"><svg aria-hidden=\"true\" focusable=\"false\" data-prefix=\"far\" data-icon=\"chart-bar\" role=\"img\" xmlns=\"http:\/\/www.w3.org\/2000\/svg\" viewBox=\"0 0 512 512\" class=\"svg-inline--fa fa-chart-bar fa-w-16 fa-2x\"><path fill=\"currentColor\" d=\"M396.8 352h22.4c6.4 0 12.8-6.4 12.8-12.8V108.8c0-6.4-6.4-12.8-12.8-12.8h-22.4c-6.4 0-12.8 6.4-12.8 12.8v230.4c0 6.4 6.4 12.8 12.8 12.8zm-192 0h22.4c6.4 0 12.8-6.4 12.8-12.8V140.8c0-6.4-6.4-12.8-12.8-12.8h-22.4c-6.4 0-12.8 6.4-12.8 12.8v198.4c0 6.4 6.4 12.8 12.8 12.8zm96 0h22.4c6.4 0 12.8-6.4 12.8-12.8V204.8c0-6.4-6.4-12.8-12.8-12.8h-22.4c-6.4 0-12.8 6.4-12.8 12.8v134.4c0 6.4 6.4 12.8 12.8 12.8zM496 400H48V80c0-8.84-7.16-16-16-16H16C7.16 64 0 71.16 0 80v336c0 17.67 14.33 32 32 32h464c8.84 0 16-7.16 16-16v-16c0-8.84-7.16-16-16-16zm-387.2-48h22.4c6.4 0 12.8-6.4 12.8-12.8v-70.4c0-6.4-6.4-12.8-12.8-12.8h-22.4c-6.4 0-12.8 6.4-12.8 12.8v70.4c0 6.4 6.4 12.8 12.8 12.8z\" class=\"\"><\/path><\/svg><\/i> <img loading=\"lazy\" decoding=\"async\" width=\"16\" height=\"16\" alt=\"Loading\" src=\"https:\/\/temucotelevision.cl\/web\/wp-content\/plugins\/page-views-count\/ajax-loader-2x.gif\" border=0 \/><\/p><div class=\"pvc_clear\"><\/div>\n<p> Un operativo policial que comenz\u00f3 con una denuncia por matadero clandestino en el sector urbano de Angol dej\u00f3 al descubierto una importante cantidad de armas y munici\u00f3n, as\u00ed como otros objetos sospechosos. La intervenci\u00f3n fue llevada a cabo por Carabineros de la 1\u00aa Comisar\u00eda de Angol y su Patrulla Antiabigeato, quienes lograron la detenci\u00f3n de un hombre y una mujer, de 44 y 35 a\u00f1os respectivamente, por diversos delitos.<\/p>\n\n\n\n<p>Durante el procedimiento se incaut\u00f3 una amplia variedad de armas y municiones, incluyendo una escopeta, rifles, una pistola, un machete, un hacha, cuchillos y una ballesta. Entre los hallazgos tambi\u00e9n se encontraron ropa militarizada, pasamonta\u00f1as, radios port\u00e1tiles y lienzos alusivos a la Coordinadora Arauco Malleco (CAM) con consignas como &#8220;Libertad P.P.M&#8221; y &#8220;territorio en recuperaci\u00f3n Lof. Mar\u00eda Cayulleo&#8221;, junto con dibujos de armas de fuego.<\/p>\n\n\n\n<p><strong>Detalle del Material Incautado:<\/strong><\/p>\n\n\n\n<ul class=\"wp-block-list\">\n<li>Una escopeta<\/li>\n\n\n\n<li>Dos rifles a post\u00f3n modificados para disparar cartuchos calibre 12<\/li>\n\n\n\n<li>Una pistola y un rifle de resorte sin modificar<\/li>\n\n\n\n<li>Una ballesta y machete de fabricaci\u00f3n artesanal<\/li>\n\n\n\n<li>Tres cuchillos carniceros<\/li>\n\n\n\n<li>Un hacha de mano<\/li>\n\n\n\n<li>20 cartuchos calibre 12 sin percutir y un cartucho punto 38<\/li>\n<\/ul>\n\n\n\n<p>Adem\u00e1s, se encontraron m\u00e1s de 14 kilos de carne, cueros y restos de animal, dinero en efectivo y una camioneta con documentaci\u00f3n vencida.<\/p>\n\n\n\n<p>El General Manuel Cifuentes, Jefe de Zona de Carabineros Araucan\u00eda, se\u00f1al\u00f3 que el procedimiento se inici\u00f3 tras una denuncia an\u00f3nima que reportaba la existencia de un matadero clandestino en un inmueble particular. Al revisar el lugar, Carabineros descubrieron las armas y otros objetos, algunos de los cuales est\u00e1n siendo analizados por Labocar para determinar su aptitud para el disparo.<\/p>\n\n\n\n<p>Cifuentes destac\u00f3 que en el lugar se encontraron lienzos relacionados con la CAM y mencion\u00f3 que esto podr\u00eda indicar la operaci\u00f3n de una comunidad espec\u00edfica en Angol y Los Sauces, lo que requerir\u00e1 un trabajo cient\u00edfico-t\u00e9cnico adicional.<\/p>\n\n\n\n<p>El Delegado Presidencial Regional, Jos\u00e9 Montalva, elogi\u00f3 el operativo y mencion\u00f3 que se presentar\u00e1 una querella. &#8220;Este prolijo operativo de Carabineros, a partir de una denuncia an\u00f3nima de la comunidad, no solo confirm\u00f3 la existencia de un delito de abigeato, sino que tambi\u00e9n permiti\u00f3 incautar una cantidad significativa de armas y establecer posibles v\u00ednculos con actividades de control territorial&#8221;, afirm\u00f3 Montalva.<\/p>\n\n\n\n<p>C\u00e9sar Schibar, Jefe de la Fiscal\u00eda de Alta Complejidad Araucan\u00eda, a\u00f1adi\u00f3 que la colaboraci\u00f3n entre la comunidad y las instituciones, como Carabineros y la Fiscal\u00eda, fue clave para el \u00e9xito del operativo. Schibar tambi\u00e9n destac\u00f3 la relevancia de los cinco lienzos vinculados a la CAM encontrados en el lugar.<\/p>\n\n\n\n<p>Los detenidos fueron presentados en control de detenci\u00f3n este mi\u00e9rcoles y formalizados por delitos relacionados con la Ley de Armas y Explosivos, el funcionamiento de un matadero clandestino, abigeato y adulteraci\u00f3n de placa patente \u00fanica. La Fiscal\u00eda solicit\u00f3 prisi\u00f3n preventiva, pero el tribunal no accedi\u00f3 a esta medida. La Fiscal\u00eda ha decidido presentar una apelaci\u00f3n verbal cuyo resultado se conocer\u00e1 el jueves.<\/p>\n\n\n\n<figure class=\"wp-block-image size-large\"><img loading=\"lazy\" decoding=\"async\" width=\"1000\" height=\"750\" src=\"https:\/\/temucotelevision.cl\/web\/wp-content\/uploads\/2024\/05\/Matadero-1000x750.jpeg\" alt=\"\" class=\"wp-image-50358\" srcset=\"https:\/\/temucotelevision.cl\/web\/wp-content\/uploads\/2024\/05\/Matadero-1000x750.jpeg 1000w, https:\/\/temucotelevision.cl\/web\/wp-content\/uploads\/2024\/05\/Matadero-768x576.jpeg 768w, https:\/\/temucotelevision.cl\/web\/wp-content\/uploads\/2024\/05\/Matadero-1536x1152.jpeg 1536w, https:\/\/temucotelevision.cl\/web\/wp-content\/uploads\/2024\/05\/Matadero.jpeg 1600w\" sizes=\"auto, (max-width: 1000px) 100vw, 1000px\" \/><\/figure>\n","protected":false},"excerpt":{"rendered":"<div class=\"pvc_clear\"><\/div>\n<p id=\"pvc_stats_50355\" class=\"pvc_stats total_only  \" data-element-id=\"50355\" style=\"\"><i class=\"pvc-stats-icon large\" aria-hidden=\"true\"><svg aria-hidden=\"true\" focusable=\"false\" data-prefix=\"far\" data-icon=\"chart-bar\" role=\"img\" xmlns=\"http:\/\/www.w3.org\/2000\/svg\" viewBox=\"0 0 512 512\" class=\"svg-inline--fa fa-chart-bar fa-w-16 fa-2x\"><path fill=\"currentColor\" d=\"M396.8 352h22.4c6.4 0 12.8-6.4 12.8-12.8V108.8c0-6.4-6.4-12.8-12.8-12.8h-22.4c-6.4 0-12.8 6.4-12.8 12.8v230.4c0 6.4 6.4 12.8 12.8 12.8zm-192 0h22.4c6.4 0 12.8-6.4 12.8-12.8V140.8c0-6.4-6.4-12.8-12.8-12.8h-22.4c-6.4 0-12.8 6.4-12.8 12.8v198.4c0 6.4 6.4 12.8 12.8 12.8zm96 0h22.4c6.4 0 12.8-6.4 12.8-12.8V204.8c0-6.4-6.4-12.8-12.8-12.8h-22.4c-6.4 0-12.8 6.4-12.8 12.8v134.4c0 6.4 6.4 12.8 12.8 12.8zM496 400H48V80c0-8.84-7.16-16-16-16H16C7.16 64 0 71.16 0 80v336c0 17.67 14.33 32 32 32h464c8.84 0 16-7.16 16-16v-16c0-8.84-7.16-16-16-16zm-387.2-48h22.4c6.4 0 12.8-6.4 12.8-12.8v-70.4c0-6.4-6.4-12.8-12.8-12.8h-22.4c-6.4 0-12.8 6.4-12.8 12.8v70.4c0 6.4 6.4 12.8 12.8 12.8z\" class=\"\"><\/path><\/svg><\/i> <img loading=\"lazy\" decoding=\"async\" width=\"16\" height=\"16\" alt=\"Loading\" src=\"https:\/\/temucotelevision.cl\/web\/wp-content\/plugins\/page-views-count\/ajax-loader-2x.gif\" border=0 \/><\/p>\n<div class=\"pvc_clear\"><\/div>\n<p>Un operativo policial que comenz\u00f3 con una denuncia por matadero clandestino en el sector urbano de Angol dej\u00f3 al descubierto<\/p>\n","protected":false},"author":1,"featured_media":50356,"comment_status":"open","ping_status":"open","sticky":false,"template":"","format":"standard","meta":{"colormag_page_container_layout":"default_layout","colormag_page_sidebar_layout":"default_layout","footnotes":""},"categories":[16],"tags":[2860,133],"class_list":["post-50355","post","type-post","status-publish","format-standard","has-post-thumbnail","hentry","category-policial","tag-matadero","tag-operativo"],"a3_pvc":{"activated":true,"total_views":4198,"today_views":0},"_links":{"self":[{"href":"https:\/\/temucotelevision.cl\/web\/wp-json\/wp\/v2\/posts\/50355","targetHints":{"allow":["GET"]}}],"collection":[{"href":"https:\/\/temucotelevision.cl\/web\/wp-json\/wp\/v2\/posts"}],"about":[{"href":"https:\/\/temucotelevision.cl\/web\/wp-json\/wp\/v2\/types\/post"}],"author":[{"embeddable":true,"href":"https:\/\/temucotelevision.cl\/web\/wp-json\/wp\/v2\/users\/1"}],"replies":[{"embeddable":true,"href":"https:\/\/temucotelevision.cl\/web\/wp-json\/wp\/v2\/comments?post=50355"}],"version-history":[{"count":2,"href":"https:\/\/temucotelevision.cl\/web\/wp-json\/wp\/v2\/posts\/50355\/revisions"}],"predecessor-version":[{"id":50359,"href":"https:\/\/temucotelevision.cl\/web\/wp-json\/wp\/v2\/posts\/50355\/revisions\/50359"}],"wp:featuredmedia":[{"embeddable":true,"href":"https:\/\/temucotelevision.cl\/web\/wp-json\/wp\/v2\/media\/50356"}],"wp:attachment":[{"href":"https:\/\/temucotelevision.cl\/web\/wp-json\/wp\/v2\/media?parent=50355"}],"wp:term":[{"taxonomy":"category","embeddable":true,"href":"https:\/\/temucotelevision.cl\/web\/wp-json\/wp\/v2\/categories?post=50355"},{"taxonomy":"post_tag","embeddable":true,"href":"https:\/\/temucotelevision.cl\/web\/wp-json\/wp\/v2\/tags?post=50355"}],"curies":[{"name":"wp","href":"https:\/\/api.w.org\/{rel}","templated":true}]}}