{"id":50352,"date":"2024-05-30T12:43:13","date_gmt":"2024-05-30T15:43:13","guid":{"rendered":"https:\/\/temucotelevision.cl\/web\/?p=50352"},"modified":"2024-05-30T12:43:14","modified_gmt":"2024-05-30T15:43:14","slug":"corte-de-apelaciones-de-temuco-confirma-arresto-domiciliario-total-para-alfonso-coke-candia","status":"publish","type":"post","link":"https:\/\/temucotelevision.cl\/web\/2024\/05\/30\/corte-de-apelaciones-de-temuco-confirma-arresto-domiciliario-total-para-alfonso-coke-candia\/","title":{"rendered":"Corte de Apelaciones de Temuco confirma arresto domiciliario total para Alfonso Coke Candia"},"content":{"rendered":"<div class=\"pvc_clear\"><\/div><p id=\"pvc_stats_50352\" class=\"pvc_stats total_only  \" data-element-id=\"50352\" style=\"\"><i class=\"pvc-stats-icon large\" aria-hidden=\"true\"><svg aria-hidden=\"true\" focusable=\"false\" data-prefix=\"far\" data-icon=\"chart-bar\" role=\"img\" xmlns=\"http:\/\/www.w3.org\/2000\/svg\" viewBox=\"0 0 512 512\" class=\"svg-inline--fa fa-chart-bar fa-w-16 fa-2x\"><path fill=\"currentColor\" d=\"M396.8 352h22.4c6.4 0 12.8-6.4 12.8-12.8V108.8c0-6.4-6.4-12.8-12.8-12.8h-22.4c-6.4 0-12.8 6.4-12.8 12.8v230.4c0 6.4 6.4 12.8 12.8 12.8zm-192 0h22.4c6.4 0 12.8-6.4 12.8-12.8V140.8c0-6.4-6.4-12.8-12.8-12.8h-22.4c-6.4 0-12.8 6.4-12.8 12.8v198.4c0 6.4 6.4 12.8 12.8 12.8zm96 0h22.4c6.4 0 12.8-6.4 12.8-12.8V204.8c0-6.4-6.4-12.8-12.8-12.8h-22.4c-6.4 0-12.8 6.4-12.8 12.8v134.4c0 6.4 6.4 12.8 12.8 12.8zM496 400H48V80c0-8.84-7.16-16-16-16H16C7.16 64 0 71.16 0 80v336c0 17.67 14.33 32 32 32h464c8.84 0 16-7.16 16-16v-16c0-8.84-7.16-16-16-16zm-387.2-48h22.4c6.4 0 12.8-6.4 12.8-12.8v-70.4c0-6.4-6.4-12.8-12.8-12.8h-22.4c-6.4 0-12.8 6.4-12.8 12.8v70.4c0 6.4 6.4 12.8 12.8 12.8z\" class=\"\"><\/path><\/svg><\/i> <img loading=\"lazy\" decoding=\"async\" width=\"16\" height=\"16\" alt=\"Loading\" src=\"https:\/\/temucotelevision.cl\/web\/wp-content\/plugins\/page-views-count\/ajax-loader-2x.gif\" border=0 \/><\/p><div class=\"pvc_clear\"><\/div>\n<p>En una decisi\u00f3n mayoritaria, la Corte de Apelaciones de Temuco ha confirmado la resoluci\u00f3n del Juzgado de Garant\u00eda, manteniendo bajo arresto domiciliario total a Alfonso Coke Candia. El imputado es acusado como autor del delito consumado de abuso sexual en car\u00e1cter de reiterado.<\/p>\n\n\n\n<p>Adem\u00e1s del arresto domiciliario, Coke Candia estar\u00e1 sujeto a las medidas cautelares de arraigo nacional y la prohibici\u00f3n total de acercarse o tomar contacto con las v\u00edctimas, as\u00ed como con los funcionarios de la Municipalidad de Cunco. Estas restricciones incluyen la prohibici\u00f3n de acercarse a la Municipalidad y cualquier forma de comunicaci\u00f3n con las v\u00edctimas y funcionarios municipales.<\/p>\n\n\n\n<p>La fiscal a cargo del caso ha informado que est\u00e1n evaluando la situaci\u00f3n de una quinta v\u00edctima, tambi\u00e9n funcionaria municipal, lo que podr\u00eda agravar la situaci\u00f3n judicial de Coke Candia.<\/p>\n\n\n\n<p>Alfonso Coke Candia cumplir\u00e1 la medida cautelar de arresto domiciliario total en la comuna de Temuco, desde donde no podr\u00e1 desplazarse hasta que se realice el juicio o se emita una nueva resoluci\u00f3n judicial.<\/p>\n","protected":false},"excerpt":{"rendered":"<div class=\"pvc_clear\"><\/div>\n<p id=\"pvc_stats_50352\" class=\"pvc_stats total_only  \" data-element-id=\"50352\" style=\"\"><i class=\"pvc-stats-icon large\" aria-hidden=\"true\"><svg aria-hidden=\"true\" focusable=\"false\" data-prefix=\"far\" data-icon=\"chart-bar\" role=\"img\" xmlns=\"http:\/\/www.w3.org\/2000\/svg\" viewBox=\"0 0 512 512\" class=\"svg-inline--fa fa-chart-bar fa-w-16 fa-2x\"><path fill=\"currentColor\" d=\"M396.8 352h22.4c6.4 0 12.8-6.4 12.8-12.8V108.8c0-6.4-6.4-12.8-12.8-12.8h-22.4c-6.4 0-12.8 6.4-12.8 12.8v230.4c0 6.4 6.4 12.8 12.8 12.8zm-192 0h22.4c6.4 0 12.8-6.4 12.8-12.8V140.8c0-6.4-6.4-12.8-12.8-12.8h-22.4c-6.4 0-12.8 6.4-12.8 12.8v198.4c0 6.4 6.4 12.8 12.8 12.8zm96 0h22.4c6.4 0 12.8-6.4 12.8-12.8V204.8c0-6.4-6.4-12.8-12.8-12.8h-22.4c-6.4 0-12.8 6.4-12.8 12.8v134.4c0 6.4 6.4 12.8 12.8 12.8zM496 400H48V80c0-8.84-7.16-16-16-16H16C7.16 64 0 71.16 0 80v336c0 17.67 14.33 32 32 32h464c8.84 0 16-7.16 16-16v-16c0-8.84-7.16-16-16-16zm-387.2-48h22.4c6.4 0 12.8-6.4 12.8-12.8v-70.4c0-6.4-6.4-12.8-12.8-12.8h-22.4c-6.4 0-12.8 6.4-12.8 12.8v70.4c0 6.4 6.4 12.8 12.8 12.8z\" class=\"\"><\/path><\/svg><\/i> <img loading=\"lazy\" decoding=\"async\" width=\"16\" height=\"16\" alt=\"Loading\" src=\"https:\/\/temucotelevision.cl\/web\/wp-content\/plugins\/page-views-count\/ajax-loader-2x.gif\" border=0 \/><\/p>\n<div class=\"pvc_clear\"><\/div>\n<p>En una decisi\u00f3n mayoritaria, la Corte de Apelaciones de Temuco ha confirmado la resoluci\u00f3n del Juzgado de Garant\u00eda, manteniendo bajo<\/p>\n","protected":false},"author":1,"featured_media":50353,"comment_status":"open","ping_status":"open","sticky":false,"template":"","format":"standard","meta":{"colormag_page_container_layout":"default_layout","colormag_page_sidebar_layout":"default_layout","footnotes":""},"categories":[15],"tags":[202,6873,6383],"class_list":["post-50352","post","type-post","status-publish","format-standard","has-post-thumbnail","hentry","category-la-araucania","tag-alcalde","tag-alfonso-coke","tag-corte-apelaciones"],"a3_pvc":{"activated":true,"total_views":3311,"today_views":0},"_links":{"self":[{"href":"https:\/\/temucotelevision.cl\/web\/wp-json\/wp\/v2\/posts\/50352","targetHints":{"allow":["GET"]}}],"collection":[{"href":"https:\/\/temucotelevision.cl\/web\/wp-json\/wp\/v2\/posts"}],"about":[{"href":"https:\/\/temucotelevision.cl\/web\/wp-json\/wp\/v2\/types\/post"}],"author":[{"embeddable":true,"href":"https:\/\/temucotelevision.cl\/web\/wp-json\/wp\/v2\/users\/1"}],"replies":[{"embeddable":true,"href":"https:\/\/temucotelevision.cl\/web\/wp-json\/wp\/v2\/comments?post=50352"}],"version-history":[{"count":1,"href":"https:\/\/temucotelevision.cl\/web\/wp-json\/wp\/v2\/posts\/50352\/revisions"}],"predecessor-version":[{"id":50354,"href":"https:\/\/temucotelevision.cl\/web\/wp-json\/wp\/v2\/posts\/50352\/revisions\/50354"}],"wp:featuredmedia":[{"embeddable":true,"href":"https:\/\/temucotelevision.cl\/web\/wp-json\/wp\/v2\/media\/50353"}],"wp:attachment":[{"href":"https:\/\/temucotelevision.cl\/web\/wp-json\/wp\/v2\/media?parent=50352"}],"wp:term":[{"taxonomy":"category","embeddable":true,"href":"https:\/\/temucotelevision.cl\/web\/wp-json\/wp\/v2\/categories?post=50352"},{"taxonomy":"post_tag","embeddable":true,"href":"https:\/\/temucotelevision.cl\/web\/wp-json\/wp\/v2\/tags?post=50352"}],"curies":[{"name":"wp","href":"https:\/\/api.w.org\/{rel}","templated":true}]}}