{"id":50331,"date":"2024-05-28T23:54:16","date_gmt":"2024-05-29T02:54:16","guid":{"rendered":"https:\/\/temucotelevision.cl\/web\/?p=50331"},"modified":"2024-05-28T23:54:17","modified_gmt":"2024-05-29T02:54:17","slug":"una-noche-en-bogota-estrena-lugar-una-cancion-de-esperanza-libertad-y-pasion","status":"publish","type":"post","link":"https:\/\/temucotelevision.cl\/web\/2024\/05\/28\/una-noche-en-bogota-estrena-lugar-una-cancion-de-esperanza-libertad-y-pasion\/","title":{"rendered":"Una noche en Bogot\u00e1 estrena &#8216;Lugar&#8217;, una canci\u00f3n de esperanza, libertad y pasi\u00f3n"},"content":{"rendered":"<div class=\"pvc_clear\"><\/div><p id=\"pvc_stats_50331\" class=\"pvc_stats total_only  \" data-element-id=\"50331\" style=\"\"><i class=\"pvc-stats-icon large\" aria-hidden=\"true\"><svg aria-hidden=\"true\" focusable=\"false\" data-prefix=\"far\" data-icon=\"chart-bar\" role=\"img\" xmlns=\"http:\/\/www.w3.org\/2000\/svg\" viewBox=\"0 0 512 512\" class=\"svg-inline--fa fa-chart-bar fa-w-16 fa-2x\"><path fill=\"currentColor\" d=\"M396.8 352h22.4c6.4 0 12.8-6.4 12.8-12.8V108.8c0-6.4-6.4-12.8-12.8-12.8h-22.4c-6.4 0-12.8 6.4-12.8 12.8v230.4c0 6.4 6.4 12.8 12.8 12.8zm-192 0h22.4c6.4 0 12.8-6.4 12.8-12.8V140.8c0-6.4-6.4-12.8-12.8-12.8h-22.4c-6.4 0-12.8 6.4-12.8 12.8v198.4c0 6.4 6.4 12.8 12.8 12.8zm96 0h22.4c6.4 0 12.8-6.4 12.8-12.8V204.8c0-6.4-6.4-12.8-12.8-12.8h-22.4c-6.4 0-12.8 6.4-12.8 12.8v134.4c0 6.4 6.4 12.8 12.8 12.8zM496 400H48V80c0-8.84-7.16-16-16-16H16C7.16 64 0 71.16 0 80v336c0 17.67 14.33 32 32 32h464c8.84 0 16-7.16 16-16v-16c0-8.84-7.16-16-16-16zm-387.2-48h22.4c6.4 0 12.8-6.4 12.8-12.8v-70.4c0-6.4-6.4-12.8-12.8-12.8h-22.4c-6.4 0-12.8 6.4-12.8 12.8v70.4c0 6.4 6.4 12.8 12.8 12.8z\" class=\"\"><\/path><\/svg><\/i> <img loading=\"lazy\" decoding=\"async\" width=\"16\" height=\"16\" alt=\"Loading\" src=\"https:\/\/temucotelevision.cl\/web\/wp-content\/plugins\/page-views-count\/ajax-loader-2x.gif\" border=0 \/><\/p><div class=\"pvc_clear\"><\/div>\n<p><em>&#8216;Lugar&#8217; es una oda a la vida en Bogot\u00e1, a las oportunidades que ofrece y lo que les hace sentir a quienes la habitan y la transitan.<\/em><\/p>\n\n\n\n<p><strong>Una noche en Bogot\u00e1<\/strong>&nbsp;es una banda colombiana de indie rock alternativo que nace en el 2022 conformada por&nbsp;<strong>Gio Calder\u00f3n<\/strong>&nbsp;(voz principal y guitarra r\u00edtmica),&nbsp;<strong>Carlos Polo<\/strong>&nbsp;(bajo),&nbsp;<strong>Dar\u00edo Fern\u00e1ndez<\/strong>&nbsp;(guitarra l\u00edder) y&nbsp;<strong>Nicol\u00e1s Villamizar<\/strong>&nbsp;(bater\u00eda y secuencias). El grupo se funda por la necesidad de encontrar un proyecto basado en el amor por la m\u00fasica y el deseo de crear sonidos que cautiven los exigentes o\u00eddos de la audiencia en la actualidad. Sus integrantes conciben la banda como una empresa en donde cada uno cumple un rol espec\u00edfico adem\u00e1s de la interpretaci\u00f3n musical.<\/p>\n\n\n\n<p>La intenci\u00f3n de la propuesta de Una noche en Bogot\u00e1 es crear m\u00fasica que el p\u00fablico y la banda disfruten escuchar, mezclando los diferentes g\u00e9neros y gustos musicales de cada integrante, logrando as\u00ed, una identidad como grupo y un reconocimiento dentro de la industria.<\/p>\n\n\n\n<iframe loading=\"lazy\" width=\"560\" height=\"315\" src=\"https:\/\/www.youtube.com\/embed\/3g9D3IYUniQ?si=5fKjvP1PsdQu72o3\" title=\"YouTube video player\" frameborder=\"0\" allow=\"accelerometer; autoplay; clipboard-write; encrypted-media; gyroscope; picture-in-picture; web-share\" referrerpolicy=\"strict-origin-when-cross-origin\" allowfullscreen><\/iframe>\n\n\n\n<p><em>&#8220;Queremos que nuestra m\u00fasica mueva emociones en las personas. No queremos definir un mensaje como tal, ya que nos encanta que el p\u00fablico interprete cada canci\u00f3n desde su punto de vista, pero es evidente que lo que queremos lograr con nuestras canciones es que, a trav\u00e9s de ellas, se permitan liberar los diferentes tipos de sentimientos que tenemos como seres humanos; es decir, que el p\u00fablico se desahogue, libere, se alegre, tenga esperanza y vuelva a vivir o enfrentar la vida desde otro punto de vista&#8221;<\/em>, comenta Una noche en Bogot\u00e1 cuyas influencias musicales viajan por el rock, indie, pop, metal, hardcore, punk rock y britpop.<\/p>\n\n\n\n<figure class=\"wp-block-table\"><table><tbody><tr><td><strong>&#8216;Lugar&#8217;<\/strong>\u00a0es el nuevo lanzamiento de\u00a0<strong>Una noche en Bogot\u00e1<\/strong>, es una canci\u00f3n que habla de la forma en c\u00f3mo vemos y afrontamos la vida que muchas veces se vuelve mon\u00f3tona, dentro de una sociedad donde para muchos valen m\u00e1s las apariencias y en donde la informaci\u00f3n es demasiada, pero no hay certeza de nada, haci\u00e9ndonos olvidar que las oportunidades siempre estar\u00e1n ah\u00ed y es solo decisi\u00f3n nuestra tomarlas o dejarlas pasar. Transmite esperanza y lo que significa para Gio el hacer parte de UNB, siendo en este momento su mayor apuesta y su conexi\u00f3n con la libertad y su pasi\u00f3n, la m\u00fasica.<\/td><\/tr><tr><td><strong><a href=\"https:\/\/colectivosonoro.us4.list-manage.com\/track\/click?u=7f4a80f135376625779d82448&amp;id=1431e0a644&amp;e=3a050368bb\" target=\"_blank\" rel=\"noreferrer noopener\">Escucha \u2018Lugar\u2019 en Spotify<\/a><\/strong><\/td><\/tr><tr><td><strong>&#8216;Lugar&#8217;\u00a0<\/strong>explora sonoridades pop rock con sonidos alternativos y frescos, tiene distorsiones no muy pesadas con guitarras pronunciadas, sobre todo en la guitarra l\u00edder donde se identifica esa influencia del rock de los 2.000 mezclada con el shoegaze actual.<br>El video de<strong>\u00a0&#8216;Lugar&#8217;\u00a0<\/strong>de\u00a0<strong>Una noche en Bogot\u00e1\u00a0<\/strong>lo protagonizan sus integrantes y se film\u00f3 en la ciudad donde se form\u00f3 la banda. El concepto del video se basa en mostrar la ciudad y varios de sus lugares m\u00e1s reconocidos para pasar &#8216;Una noche en Bogot\u00e1&#8217;. El registro se hizo durante un performance de la banda en una terraza donde tienen de fondo la ciudad y lo alternaron con un stop motion de fotos de los m\u00fasicos de espalda recorriendo estos lugares frecuentados en la capital.<\/td><\/tr><tr><td><a href=\"https:\/\/colectivosonoro.us4.list-manage.com\/track\/click?u=7f4a80f135376625779d82448&amp;id=b87e9f1496&amp;e=3a050368bb\" target=\"_blank\" rel=\"noreferrer noopener\"><\/a><\/td><\/tr><tr><td>&#8216;Lugar&#8217; es el tercer sencillo de Una noche en Bogot\u00e1 despu\u00e9s de &#8216;Cicatrices&#8217; y &#8216;Br\u00fajulas&#8217;. Estas canciones estar\u00e1n incluidas en el disco debut del grupo que se lanzar\u00e1 a final de a\u00f1o.<br><em>&#8220;Lanzaremos el \u00e1lbum completo a final de este a\u00f1o y tenemos pensado grabar un Live Session y de ah\u00ed sacar videos y posiblemente algunas canciones del \u00e1lbum en vivo&#8221;<\/em>, cuenta la banda.<br><em>&#8220;Nuestra expectativa es vivir un par de minutos en el d\u00eda a d\u00eda de las personas, en donde podamos mover alguna emoci\u00f3n sin importar cu\u00e1l, en que podamos transportarlos a recuerdos o futuros imaginados. Creemos que tenemos un sonido caracter\u00edstico que a pesar de ser influenciado por muchos g\u00e9neros tiene su propia identidad y es un poco distinto de lo que est\u00e1 actualmente en el Mainstream tanto local como latinoamericano. Nuestra propuesta puede trascender de una manera adecuada y hemos recibido muy buen feedback de medios en Latinoam\u00e9rica y esperamos que siga as\u00ed este crecimiento en la regi\u00f3n&#8221;<\/em>, concluye Una noche en Bogot\u00e1.<\/td><\/tr><tr><td><img decoding=\"async\" width=\"497\" src=\"https:\/\/ci3.googleusercontent.com\/meips\/ADKq_NZn8bptLK-VZMRyMCgJTN9bamq0GuomkNY72iL_8yfTarEmdI7ee2HGB_Dmg-tIKz0piSxIwA_DZdJpFj3jlxic4F81Y9CLAO0O6BH6qAq8ZcWfSOko2s1BO_0x9T8jSHFFz2BrBqi43BrFjcC06bVgwT7LzHXgpHlu=s0-d-e1-ft#https:\/\/mcusercontent.com\/7f4a80f135376625779d82448\/images\/dd6d10fb-373d-65e8-651d-40b26723402e.jpeg\"><\/td><\/tr><\/tbody><\/table><\/figure>\n","protected":false},"excerpt":{"rendered":"<div class=\"pvc_clear\"><\/div>\n<p id=\"pvc_stats_50331\" class=\"pvc_stats total_only  \" data-element-id=\"50331\" style=\"\"><i class=\"pvc-stats-icon large\" aria-hidden=\"true\"><svg aria-hidden=\"true\" focusable=\"false\" data-prefix=\"far\" data-icon=\"chart-bar\" role=\"img\" xmlns=\"http:\/\/www.w3.org\/2000\/svg\" viewBox=\"0 0 512 512\" class=\"svg-inline--fa fa-chart-bar fa-w-16 fa-2x\"><path fill=\"currentColor\" d=\"M396.8 352h22.4c6.4 0 12.8-6.4 12.8-12.8V108.8c0-6.4-6.4-12.8-12.8-12.8h-22.4c-6.4 0-12.8 6.4-12.8 12.8v230.4c0 6.4 6.4 12.8 12.8 12.8zm-192 0h22.4c6.4 0 12.8-6.4 12.8-12.8V140.8c0-6.4-6.4-12.8-12.8-12.8h-22.4c-6.4 0-12.8 6.4-12.8 12.8v198.4c0 6.4 6.4 12.8 12.8 12.8zm96 0h22.4c6.4 0 12.8-6.4 12.8-12.8V204.8c0-6.4-6.4-12.8-12.8-12.8h-22.4c-6.4 0-12.8 6.4-12.8 12.8v134.4c0 6.4 6.4 12.8 12.8 12.8zM496 400H48V80c0-8.84-7.16-16-16-16H16C7.16 64 0 71.16 0 80v336c0 17.67 14.33 32 32 32h464c8.84 0 16-7.16 16-16v-16c0-8.84-7.16-16-16-16zm-387.2-48h22.4c6.4 0 12.8-6.4 12.8-12.8v-70.4c0-6.4-6.4-12.8-12.8-12.8h-22.4c-6.4 0-12.8 6.4-12.8 12.8v70.4c0 6.4 6.4 12.8 12.8 12.8z\" class=\"\"><\/path><\/svg><\/i> <img loading=\"lazy\" decoding=\"async\" width=\"16\" height=\"16\" alt=\"Loading\" src=\"https:\/\/temucotelevision.cl\/web\/wp-content\/plugins\/page-views-count\/ajax-loader-2x.gif\" border=0 \/><\/p>\n<div class=\"pvc_clear\"><\/div>\n<p>&#8216;Lugar&#8217; es una oda a la vida en Bogot\u00e1, a las oportunidades que ofrece y lo que les hace sentir<\/p>\n","protected":false},"author":1,"featured_media":50332,"comment_status":"open","ping_status":"open","sticky":false,"template":"","format":"standard","meta":{"colormag_page_container_layout":"default_layout","colormag_page_sidebar_layout":"default_layout","footnotes":""},"categories":[369],"tags":[374],"class_list":["post-50331","post","type-post","status-publish","format-standard","has-post-thumbnail","hentry","category-musica","tag-cancion"],"a3_pvc":{"activated":true,"total_views":816,"today_views":0},"_links":{"self":[{"href":"https:\/\/temucotelevision.cl\/web\/wp-json\/wp\/v2\/posts\/50331","targetHints":{"allow":["GET"]}}],"collection":[{"href":"https:\/\/temucotelevision.cl\/web\/wp-json\/wp\/v2\/posts"}],"about":[{"href":"https:\/\/temucotelevision.cl\/web\/wp-json\/wp\/v2\/types\/post"}],"author":[{"embeddable":true,"href":"https:\/\/temucotelevision.cl\/web\/wp-json\/wp\/v2\/users\/1"}],"replies":[{"embeddable":true,"href":"https:\/\/temucotelevision.cl\/web\/wp-json\/wp\/v2\/comments?post=50331"}],"version-history":[{"count":1,"href":"https:\/\/temucotelevision.cl\/web\/wp-json\/wp\/v2\/posts\/50331\/revisions"}],"predecessor-version":[{"id":50333,"href":"https:\/\/temucotelevision.cl\/web\/wp-json\/wp\/v2\/posts\/50331\/revisions\/50333"}],"wp:featuredmedia":[{"embeddable":true,"href":"https:\/\/temucotelevision.cl\/web\/wp-json\/wp\/v2\/media\/50332"}],"wp:attachment":[{"href":"https:\/\/temucotelevision.cl\/web\/wp-json\/wp\/v2\/media?parent=50331"}],"wp:term":[{"taxonomy":"category","embeddable":true,"href":"https:\/\/temucotelevision.cl\/web\/wp-json\/wp\/v2\/categories?post=50331"},{"taxonomy":"post_tag","embeddable":true,"href":"https:\/\/temucotelevision.cl\/web\/wp-json\/wp\/v2\/tags?post=50331"}],"curies":[{"name":"wp","href":"https:\/\/api.w.org\/{rel}","templated":true}]}}