{"id":50326,"date":"2024-05-28T23:38:25","date_gmt":"2024-05-29T02:38:25","guid":{"rendered":"https:\/\/temucotelevision.cl\/web\/?p=50326"},"modified":"2024-05-28T23:38:25","modified_gmt":"2024-05-29T02:38:25","slug":"diputado-leal-oficia-al-minsal-para-que-transparenten-listas-de-espera-en-la-araucania-y-emplaza-a-boric-a-ofrecer-una-solucion-en-la-cuenta-publica","status":"publish","type":"post","link":"https:\/\/temucotelevision.cl\/web\/2024\/05\/28\/diputado-leal-oficia-al-minsal-para-que-transparenten-listas-de-espera-en-la-araucania-y-emplaza-a-boric-a-ofrecer-una-solucion-en-la-cuenta-publica\/","title":{"rendered":"Diputado Leal oficia al Minsal para que transparenten listas de espera en La Araucan\u00eda y emplaza a Boric a ofrecer una soluci\u00f3n en la Cuenta P\u00fablica"},"content":{"rendered":"<div class=\"pvc_clear\"><\/div><p id=\"pvc_stats_50326\" class=\"pvc_stats total_only  \" data-element-id=\"50326\" style=\"\"><i class=\"pvc-stats-icon large\" aria-hidden=\"true\"><svg aria-hidden=\"true\" focusable=\"false\" data-prefix=\"far\" data-icon=\"chart-bar\" role=\"img\" xmlns=\"http:\/\/www.w3.org\/2000\/svg\" viewBox=\"0 0 512 512\" class=\"svg-inline--fa fa-chart-bar fa-w-16 fa-2x\"><path fill=\"currentColor\" d=\"M396.8 352h22.4c6.4 0 12.8-6.4 12.8-12.8V108.8c0-6.4-6.4-12.8-12.8-12.8h-22.4c-6.4 0-12.8 6.4-12.8 12.8v230.4c0 6.4 6.4 12.8 12.8 12.8zm-192 0h22.4c6.4 0 12.8-6.4 12.8-12.8V140.8c0-6.4-6.4-12.8-12.8-12.8h-22.4c-6.4 0-12.8 6.4-12.8 12.8v198.4c0 6.4 6.4 12.8 12.8 12.8zm96 0h22.4c6.4 0 12.8-6.4 12.8-12.8V204.8c0-6.4-6.4-12.8-12.8-12.8h-22.4c-6.4 0-12.8 6.4-12.8 12.8v134.4c0 6.4 6.4 12.8 12.8 12.8zM496 400H48V80c0-8.84-7.16-16-16-16H16C7.16 64 0 71.16 0 80v336c0 17.67 14.33 32 32 32h464c8.84 0 16-7.16 16-16v-16c0-8.84-7.16-16-16-16zm-387.2-48h22.4c6.4 0 12.8-6.4 12.8-12.8v-70.4c0-6.4-6.4-12.8-12.8-12.8h-22.4c-6.4 0-12.8 6.4-12.8 12.8v70.4c0 6.4 6.4 12.8 12.8 12.8z\" class=\"\"><\/path><\/svg><\/i> <img loading=\"lazy\" decoding=\"async\" width=\"16\" height=\"16\" alt=\"Loading\" src=\"https:\/\/temucotelevision.cl\/web\/wp-content\/plugins\/page-views-count\/ajax-loader-2x.gif\" border=0 \/><\/p><div class=\"pvc_clear\"><\/div>\n<p><em>El parlamentario solicit\u00f3 al Gobierno actualizar el listado, considerando que hasta agosto del a\u00f1o pasado eran casi 260 mil pacientes de la zona que estaban en dicha condici\u00f3n, quienes deb\u00edan esperar -en promedio- 370 d\u00edas para poder ser atendidos por un especialista.<\/em><\/p>\n\n\n\n<p>El diputado por el Distrito 23, Henry Leal (UDI), ofici\u00f3 esta semana al Ministerio de Salud (Minsal) para conocer -a la brevedad posible- la cantidad de habitantes de la Regi\u00f3n de La Araucan\u00eda que se encuentran actualmente en listas de esperas, detallando seg\u00fan el servicio de salud que corresponda.<\/p>\n\n\n\n<p>Al respecto, el parlamentario gremialista manifest\u00f3 su preocupaci\u00f3n por el eventual aumento que estar\u00edan experimentando las listas de esperas a lo largo del pa\u00eds, tanto de las personas que requieren de la atenci\u00f3n de un m\u00e9dico especialista, como tambi\u00e9n quienes necesitan una atenci\u00f3n quir\u00fargica.<\/p>\n\n\n\n<p>Lo anterior -explic\u00f3 Leal-, considerando tambi\u00e9n la grave crisis respiratoria por la que atraviesa el pa\u00eds y que amenaza con agravarse durante las pr\u00f3ximas semanas, donde en algunas regiones se est\u00e1 reportando el fallecimiento de pacientes casi a diario, la mayor\u00eda de ellos por el virus de influenza.<\/p>\n\n\n\n<p>\u201cHe decidido oficiar al Minsal y al seremi de Salud de nuestra regi\u00f3n, para que nos informen en detalle la cantidad de personas que se encuentran actualmente en listas de esperas, tanto en los centros m\u00e9dicos de La Araucan\u00eda Norte como de La Araucan\u00eda Sur. A nivel nacional, durante los \u00faltimos dos a\u00f1os se ha reportado la muerte de m\u00e1s de 70 mil personas que estaban esperando ser atendidos por un especialista m\u00e9dico o una intervenci\u00f3n quir\u00fargica, lo que es una inmoralidad\u201d, cuestion\u00f3 el parlamentario de la UDI, quien agreg\u00f3 que \u201ccomo diputado tengo el deber de visibilizar este tema y, por lo mismo, espero que el Gobierno transparente lo antes posible esta informaci\u00f3n\u201d.<\/p>\n\n\n\n<p>En esa l\u00ednea, Leal record\u00f3 que durante el a\u00f1o pasado denunci\u00f3 que, hasta el 31 de agosto de 2023, un total de 2.248 habitantes de La Araucan\u00eda hab\u00edan fallecido esperando ser atendidos. Asimismo, el parlamentario detall\u00f3 que, en el mismo per\u00edodo, casi 260 mil pacientes de la zona se encontraban en dicha condici\u00f3n, debiendo esperar -en promedio- 370 d\u00edas para ser atendidos por un especialista.<\/p>\n\n\n\n<p>Adem\u00e1s, el legislador UDI precis\u00f3 que entre las especialidades que presentaban un mayor retraso en el pa\u00eds, adem\u00e1s de las cirug\u00edas generales, estaban las atenciones cardiol\u00f3gicas, dermatol\u00f3gicas, gastrointestinales, reumatol\u00f3gicas, ginecol\u00f3gicas y traumatol\u00f3gicas, entre otro tipo de patolog\u00edas.<\/p>\n\n\n\n<p>Por lo mismo, el representante del Distrito 23 calific\u00f3 dicha situaci\u00f3n como una \u201ccat\u00e1strofe\u201d, emplazando de esta manera al Presidente Gabriel Boric a anunciar, en el marco de la Cuenta P\u00fablica que rendir\u00e1 el pr\u00f3ximo 1 de junio en Valpara\u00edso, una \u201csoluci\u00f3n definitiva\u201d al problema de las listas de esperas en el pa\u00eds, indicando que \u201csi el Gobierno no es capaz de inyectar una cantidad importante de recursos, lamentablemente van a seguir muriendo personas a diario esperando ser atendidos\u201d.<\/p>\n\n\n\n<p>\u201cEspero que el Presidente Boric est\u00e9 trabajando en una soluci\u00f3n definitiva a este grave problema y que la pueda dar a conocer en la Cuenta P\u00fablica del pr\u00f3ximo s\u00e1bado, porque no podemos seguir invisibilizando un problema que hoy est\u00e1 afectando a millones de chilenos\u201d, reiter\u00f3 el diputado Leal.<\/p>\n","protected":false},"excerpt":{"rendered":"<div class=\"pvc_clear\"><\/div>\n<p id=\"pvc_stats_50326\" class=\"pvc_stats total_only  \" data-element-id=\"50326\" style=\"\"><i class=\"pvc-stats-icon large\" aria-hidden=\"true\"><svg aria-hidden=\"true\" focusable=\"false\" data-prefix=\"far\" data-icon=\"chart-bar\" role=\"img\" xmlns=\"http:\/\/www.w3.org\/2000\/svg\" viewBox=\"0 0 512 512\" class=\"svg-inline--fa fa-chart-bar fa-w-16 fa-2x\"><path fill=\"currentColor\" d=\"M396.8 352h22.4c6.4 0 12.8-6.4 12.8-12.8V108.8c0-6.4-6.4-12.8-12.8-12.8h-22.4c-6.4 0-12.8 6.4-12.8 12.8v230.4c0 6.4 6.4 12.8 12.8 12.8zm-192 0h22.4c6.4 0 12.8-6.4 12.8-12.8V140.8c0-6.4-6.4-12.8-12.8-12.8h-22.4c-6.4 0-12.8 6.4-12.8 12.8v198.4c0 6.4 6.4 12.8 12.8 12.8zm96 0h22.4c6.4 0 12.8-6.4 12.8-12.8V204.8c0-6.4-6.4-12.8-12.8-12.8h-22.4c-6.4 0-12.8 6.4-12.8 12.8v134.4c0 6.4 6.4 12.8 12.8 12.8zM496 400H48V80c0-8.84-7.16-16-16-16H16C7.16 64 0 71.16 0 80v336c0 17.67 14.33 32 32 32h464c8.84 0 16-7.16 16-16v-16c0-8.84-7.16-16-16-16zm-387.2-48h22.4c6.4 0 12.8-6.4 12.8-12.8v-70.4c0-6.4-6.4-12.8-12.8-12.8h-22.4c-6.4 0-12.8 6.4-12.8 12.8v70.4c0 6.4 6.4 12.8 12.8 12.8z\" class=\"\"><\/path><\/svg><\/i> <img loading=\"lazy\" decoding=\"async\" width=\"16\" height=\"16\" alt=\"Loading\" src=\"https:\/\/temucotelevision.cl\/web\/wp-content\/plugins\/page-views-count\/ajax-loader-2x.gif\" border=0 \/><\/p>\n<div class=\"pvc_clear\"><\/div>\n<p>El parlamentario solicit\u00f3 al Gobierno actualizar el listado, considerando que hasta agosto del a\u00f1o pasado eran casi 260 mil pacientes<\/p>\n","protected":false},"author":1,"featured_media":41427,"comment_status":"open","ping_status":"open","sticky":false,"template":"","format":"standard","meta":{"colormag_page_container_layout":"default_layout","colormag_page_sidebar_layout":"default_layout","footnotes":""},"categories":[84],"tags":[154],"class_list":["post-50326","post","type-post","status-publish","format-standard","has-post-thumbnail","hentry","category-politica","tag-diputado"],"a3_pvc":{"activated":true,"total_views":837,"today_views":0},"_links":{"self":[{"href":"https:\/\/temucotelevision.cl\/web\/wp-json\/wp\/v2\/posts\/50326","targetHints":{"allow":["GET"]}}],"collection":[{"href":"https:\/\/temucotelevision.cl\/web\/wp-json\/wp\/v2\/posts"}],"about":[{"href":"https:\/\/temucotelevision.cl\/web\/wp-json\/wp\/v2\/types\/post"}],"author":[{"embeddable":true,"href":"https:\/\/temucotelevision.cl\/web\/wp-json\/wp\/v2\/users\/1"}],"replies":[{"embeddable":true,"href":"https:\/\/temucotelevision.cl\/web\/wp-json\/wp\/v2\/comments?post=50326"}],"version-history":[{"count":1,"href":"https:\/\/temucotelevision.cl\/web\/wp-json\/wp\/v2\/posts\/50326\/revisions"}],"predecessor-version":[{"id":50327,"href":"https:\/\/temucotelevision.cl\/web\/wp-json\/wp\/v2\/posts\/50326\/revisions\/50327"}],"wp:featuredmedia":[{"embeddable":true,"href":"https:\/\/temucotelevision.cl\/web\/wp-json\/wp\/v2\/media\/41427"}],"wp:attachment":[{"href":"https:\/\/temucotelevision.cl\/web\/wp-json\/wp\/v2\/media?parent=50326"}],"wp:term":[{"taxonomy":"category","embeddable":true,"href":"https:\/\/temucotelevision.cl\/web\/wp-json\/wp\/v2\/categories?post=50326"},{"taxonomy":"post_tag","embeddable":true,"href":"https:\/\/temucotelevision.cl\/web\/wp-json\/wp\/v2\/tags?post=50326"}],"curies":[{"name":"wp","href":"https:\/\/api.w.org\/{rel}","templated":true}]}}