{"id":50323,"date":"2024-05-28T23:33:35","date_gmt":"2024-05-29T02:33:35","guid":{"rendered":"https:\/\/temucotelevision.cl\/web\/?p=50323"},"modified":"2024-05-29T19:51:09","modified_gmt":"2024-05-29T22:51:09","slug":"es-clave-implementar-un-curriculum-de-ciudadania-digital-que-forme-estudiantes-para-ser-usuarios-conscientes-responsables-y-activos-en-el-entorno-digital","status":"publish","type":"post","link":"https:\/\/temucotelevision.cl\/web\/2024\/05\/28\/es-clave-implementar-un-curriculum-de-ciudadania-digital-que-forme-estudiantes-para-ser-usuarios-conscientes-responsables-y-activos-en-el-entorno-digital\/","title":{"rendered":"\u201cEs clave implementar un curr\u00edculum de Ciudadan\u00eda Digital, que forme estudiantes para ser usuarios conscientes, responsables y activos en el entorno digital\u201d"},"content":{"rendered":"<div class=\"pvc_clear\"><\/div><p id=\"pvc_stats_50323\" class=\"pvc_stats total_only  \" data-element-id=\"50323\" style=\"\"><i class=\"pvc-stats-icon large\" aria-hidden=\"true\"><svg aria-hidden=\"true\" focusable=\"false\" data-prefix=\"far\" data-icon=\"chart-bar\" role=\"img\" xmlns=\"http:\/\/www.w3.org\/2000\/svg\" viewBox=\"0 0 512 512\" class=\"svg-inline--fa fa-chart-bar fa-w-16 fa-2x\"><path fill=\"currentColor\" d=\"M396.8 352h22.4c6.4 0 12.8-6.4 12.8-12.8V108.8c0-6.4-6.4-12.8-12.8-12.8h-22.4c-6.4 0-12.8 6.4-12.8 12.8v230.4c0 6.4 6.4 12.8 12.8 12.8zm-192 0h22.4c6.4 0 12.8-6.4 12.8-12.8V140.8c0-6.4-6.4-12.8-12.8-12.8h-22.4c-6.4 0-12.8 6.4-12.8 12.8v198.4c0 6.4 6.4 12.8 12.8 12.8zm96 0h22.4c6.4 0 12.8-6.4 12.8-12.8V204.8c0-6.4-6.4-12.8-12.8-12.8h-22.4c-6.4 0-12.8 6.4-12.8 12.8v134.4c0 6.4 6.4 12.8 12.8 12.8zM496 400H48V80c0-8.84-7.16-16-16-16H16C7.16 64 0 71.16 0 80v336c0 17.67 14.33 32 32 32h464c8.84 0 16-7.16 16-16v-16c0-8.84-7.16-16-16-16zm-387.2-48h22.4c6.4 0 12.8-6.4 12.8-12.8v-70.4c0-6.4-6.4-12.8-12.8-12.8h-22.4c-6.4 0-12.8 6.4-12.8 12.8v70.4c0 6.4 6.4 12.8 12.8 12.8z\" class=\"\"><\/path><\/svg><\/i> <img loading=\"lazy\" decoding=\"async\" width=\"16\" height=\"16\" alt=\"Loading\" src=\"https:\/\/temucotelevision.cl\/web\/wp-content\/plugins\/page-views-count\/ajax-loader-2x.gif\" border=0 \/><\/p><div class=\"pvc_clear\"><\/div>\n<p>Por Carolina Bergamasco Valle, directora Proyectos Globales e Innovaci\u00f3n de Cognita Chile.<\/p>\n\n\n\n<p>Frente al reciente caso de \u201cdeepfake\u201d (noticia falsa, usando Inteligencia Artificial) ocurrido en un colegio de Santiago, es crucial reflexionar sobre la importancia y urgencia de formar ciudadanos digitales conscientes, responsables y emp\u00e1ticos desde edades tempranas.<\/p>\n\n\n\n<p>La educaci\u00f3n en la era digital no s\u00f3lo se trata de impartir conocimientos t\u00e9cnicos de comunicaci\u00f3n, conexi\u00f3n, programaci\u00f3n, etc., sino tambi\u00e9n de inculcar valores y habilidades que permitan a los estudiantes navegar de manera \u00e9tica y consciente en el entorno digital, manteniendo un comportamiento respetuoso y responsable &#8211; \u201chuella digital\u201d- en todo momento.<\/p>\n\n\n\n<p>Un enfoque integral y estrat\u00e9gico en materia de aprendizaje digital debe asegurar que los estudiantes no s\u00f3lo sean consumidores de tecnolog\u00eda, sino tambi\u00e9n espectadores y creadores cr\u00edticos y \u00e9ticos de contenido.<br>En ese sentido, es fundamental ofrecer, desde ya, a ni\u00f1os y j\u00f3venes, espacios para desarrollar competencias digitales en situaciones reales, donde puedan aplicar sus conocimientos y destrezas de forma creativa y colaborativa.<\/p>\n\n\n\n<p>Un ejemplo es la Conferencia anual School of the Future, que organiza la red Cognita Chile, con 17 colegios en nuestro pa\u00eds y m\u00e1s de 100 alrededor del mundo. Un evento h\u00edbrido que re\u00fane a cientos de estudiantes y docentes de diferentes pa\u00edses para compartir sus proyectos, ideas y experiencias sobre el uso de la tecnolog\u00eda en la educaci\u00f3n. En esta conferencia, los estudiantes interact\u00faan con expertos de EdTech y l\u00edderes educacionales, aprendiendo de sus conocimientos y proyectos.<\/p>\n\n\n\n<p>Es clave implementar un curr\u00edculo de Ciudadan\u00eda Digital desde la educaci\u00f3n inicial, que aborde aspectos como la seguridad, la privacidad, la \u00e9tica, la comunicaci\u00f3n y la participaci\u00f3n responsable y consciente en el entorno digital y en el uso de la tecnolog\u00eda, promoviendo valores como el respeto y la empat\u00eda.<\/p>\n\n\n\n<div class=\"wp-block-media-text is-stacked-on-mobile\" style=\"grid-template-columns:21% auto\"><figure class=\"wp-block-media-text__media\"><img loading=\"lazy\" decoding=\"async\" width=\"641\" height=\"1000\" src=\"https:\/\/temucotelevision.cl\/web\/wp-content\/uploads\/2024\/05\/Carolina-Bergamasco_Cognita_2-641x1000.jpg\" alt=\"\" class=\"wp-image-50324 size-full\" srcset=\"https:\/\/temucotelevision.cl\/web\/wp-content\/uploads\/2024\/05\/Carolina-Bergamasco_Cognita_2-641x1000.jpg 641w, https:\/\/temucotelevision.cl\/web\/wp-content\/uploads\/2024\/05\/Carolina-Bergamasco_Cognita_2-768x1199.jpg 768w, https:\/\/temucotelevision.cl\/web\/wp-content\/uploads\/2024\/05\/Carolina-Bergamasco_Cognita_2-984x1536.jpg 984w, https:\/\/temucotelevision.cl\/web\/wp-content\/uploads\/2024\/05\/Carolina-Bergamasco_Cognita_2-1312x2048.jpg 1312w, https:\/\/temucotelevision.cl\/web\/wp-content\/uploads\/2024\/05\/Carolina-Bergamasco_Cognita_2-scaled.jpg 1640w\" sizes=\"auto, (max-width: 641px) 100vw, 641px\" \/><\/figure><div class=\"wp-block-media-text__content\">\n<p>Las competencias digitales son hoy un elemento esencial para el adecuado desarrollo integral de los ni\u00f1os y j\u00f3venes, lo que les permite desenvolverse en un mundo en constante cambio. Para eso, se requiere un enfoque pedag\u00f3gico innovador y hol\u00edstico, que involucre a toda la comunidad educativa consistente y permanentemente.\u00a0\u00a0<\/p>\n<\/div><\/div>\n","protected":false},"excerpt":{"rendered":"<div class=\"pvc_clear\"><\/div>\n<p id=\"pvc_stats_50323\" class=\"pvc_stats total_only  \" data-element-id=\"50323\" style=\"\"><i class=\"pvc-stats-icon large\" aria-hidden=\"true\"><svg aria-hidden=\"true\" focusable=\"false\" data-prefix=\"far\" data-icon=\"chart-bar\" role=\"img\" xmlns=\"http:\/\/www.w3.org\/2000\/svg\" viewBox=\"0 0 512 512\" class=\"svg-inline--fa fa-chart-bar fa-w-16 fa-2x\"><path fill=\"currentColor\" d=\"M396.8 352h22.4c6.4 0 12.8-6.4 12.8-12.8V108.8c0-6.4-6.4-12.8-12.8-12.8h-22.4c-6.4 0-12.8 6.4-12.8 12.8v230.4c0 6.4 6.4 12.8 12.8 12.8zm-192 0h22.4c6.4 0 12.8-6.4 12.8-12.8V140.8c0-6.4-6.4-12.8-12.8-12.8h-22.4c-6.4 0-12.8 6.4-12.8 12.8v198.4c0 6.4 6.4 12.8 12.8 12.8zm96 0h22.4c6.4 0 12.8-6.4 12.8-12.8V204.8c0-6.4-6.4-12.8-12.8-12.8h-22.4c-6.4 0-12.8 6.4-12.8 12.8v134.4c0 6.4 6.4 12.8 12.8 12.8zM496 400H48V80c0-8.84-7.16-16-16-16H16C7.16 64 0 71.16 0 80v336c0 17.67 14.33 32 32 32h464c8.84 0 16-7.16 16-16v-16c0-8.84-7.16-16-16-16zm-387.2-48h22.4c6.4 0 12.8-6.4 12.8-12.8v-70.4c0-6.4-6.4-12.8-12.8-12.8h-22.4c-6.4 0-12.8 6.4-12.8 12.8v70.4c0 6.4 6.4 12.8 12.8 12.8z\" class=\"\"><\/path><\/svg><\/i> <img loading=\"lazy\" decoding=\"async\" width=\"16\" height=\"16\" alt=\"Loading\" src=\"https:\/\/temucotelevision.cl\/web\/wp-content\/plugins\/page-views-count\/ajax-loader-2x.gif\" border=0 \/><\/p>\n<div class=\"pvc_clear\"><\/div>\n<p>Por Carolina Bergamasco Valle, directora Proyectos Globales e Innovaci\u00f3n de Cognita Chile. Frente al reciente caso de \u201cdeepfake\u201d (noticia falsa,<\/p>\n","protected":false},"author":1,"featured_media":27999,"comment_status":"open","ping_status":"open","sticky":false,"template":"","format":"standard","meta":{"colormag_page_container_layout":"default_layout","colormag_page_sidebar_layout":"default_layout","footnotes":""},"categories":[6973],"tags":[565],"class_list":["post-50323","post","type-post","status-publish","format-standard","has-post-thumbnail","hentry","category-tecnologia","tag-tecnologia"],"a3_pvc":{"activated":true,"total_views":1143,"today_views":0},"_links":{"self":[{"href":"https:\/\/temucotelevision.cl\/web\/wp-json\/wp\/v2\/posts\/50323","targetHints":{"allow":["GET"]}}],"collection":[{"href":"https:\/\/temucotelevision.cl\/web\/wp-json\/wp\/v2\/posts"}],"about":[{"href":"https:\/\/temucotelevision.cl\/web\/wp-json\/wp\/v2\/types\/post"}],"author":[{"embeddable":true,"href":"https:\/\/temucotelevision.cl\/web\/wp-json\/wp\/v2\/users\/1"}],"replies":[{"embeddable":true,"href":"https:\/\/temucotelevision.cl\/web\/wp-json\/wp\/v2\/comments?post=50323"}],"version-history":[{"count":1,"href":"https:\/\/temucotelevision.cl\/web\/wp-json\/wp\/v2\/posts\/50323\/revisions"}],"predecessor-version":[{"id":50325,"href":"https:\/\/temucotelevision.cl\/web\/wp-json\/wp\/v2\/posts\/50323\/revisions\/50325"}],"wp:featuredmedia":[{"embeddable":true,"href":"https:\/\/temucotelevision.cl\/web\/wp-json\/wp\/v2\/media\/27999"}],"wp:attachment":[{"href":"https:\/\/temucotelevision.cl\/web\/wp-json\/wp\/v2\/media?parent=50323"}],"wp:term":[{"taxonomy":"category","embeddable":true,"href":"https:\/\/temucotelevision.cl\/web\/wp-json\/wp\/v2\/categories?post=50323"},{"taxonomy":"post_tag","embeddable":true,"href":"https:\/\/temucotelevision.cl\/web\/wp-json\/wp\/v2\/tags?post=50323"}],"curies":[{"name":"wp","href":"https:\/\/api.w.org\/{rel}","templated":true}]}}