{"id":50315,"date":"2024-05-28T22:00:26","date_gmt":"2024-05-29T01:00:26","guid":{"rendered":"https:\/\/temucotelevision.cl\/web\/?p=50315"},"modified":"2024-05-28T22:00:27","modified_gmt":"2024-05-29T01:00:27","slug":"la-araucania-es-la-quinta-region-con-mas-denuncias-por-vulneraciones-a-la-nueva-ley-de-40-horas","status":"publish","type":"post","link":"https:\/\/temucotelevision.cl\/web\/2024\/05\/28\/la-araucania-es-la-quinta-region-con-mas-denuncias-por-vulneraciones-a-la-nueva-ley-de-40-horas\/","title":{"rendered":"La Araucan\u00eda es la quinta regi\u00f3n con m\u00e1s denuncias por vulneraciones a la nueva Ley de 40 Horas"},"content":{"rendered":"<div class=\"pvc_clear\"><\/div><p id=\"pvc_stats_50315\" class=\"pvc_stats total_only  \" data-element-id=\"50315\" style=\"\"><i class=\"pvc-stats-icon large\" aria-hidden=\"true\"><svg aria-hidden=\"true\" focusable=\"false\" data-prefix=\"far\" data-icon=\"chart-bar\" role=\"img\" xmlns=\"http:\/\/www.w3.org\/2000\/svg\" viewBox=\"0 0 512 512\" class=\"svg-inline--fa fa-chart-bar fa-w-16 fa-2x\"><path fill=\"currentColor\" d=\"M396.8 352h22.4c6.4 0 12.8-6.4 12.8-12.8V108.8c0-6.4-6.4-12.8-12.8-12.8h-22.4c-6.4 0-12.8 6.4-12.8 12.8v230.4c0 6.4 6.4 12.8 12.8 12.8zm-192 0h22.4c6.4 0 12.8-6.4 12.8-12.8V140.8c0-6.4-6.4-12.8-12.8-12.8h-22.4c-6.4 0-12.8 6.4-12.8 12.8v198.4c0 6.4 6.4 12.8 12.8 12.8zm96 0h22.4c6.4 0 12.8-6.4 12.8-12.8V204.8c0-6.4-6.4-12.8-12.8-12.8h-22.4c-6.4 0-12.8 6.4-12.8 12.8v134.4c0 6.4 6.4 12.8 12.8 12.8zM496 400H48V80c0-8.84-7.16-16-16-16H16C7.16 64 0 71.16 0 80v336c0 17.67 14.33 32 32 32h464c8.84 0 16-7.16 16-16v-16c0-8.84-7.16-16-16-16zm-387.2-48h22.4c6.4 0 12.8-6.4 12.8-12.8v-70.4c0-6.4-6.4-12.8-12.8-12.8h-22.4c-6.4 0-12.8 6.4-12.8 12.8v70.4c0 6.4 6.4 12.8 12.8 12.8z\" class=\"\"><\/path><\/svg><\/i> <img loading=\"lazy\" decoding=\"async\" width=\"16\" height=\"16\" alt=\"Loading\" src=\"https:\/\/temucotelevision.cl\/web\/wp-content\/plugins\/page-views-count\/ajax-loader-2x.gif\" border=0 \/><\/p><div class=\"pvc_clear\"><\/div>\n<ul class=\"wp-block-list\">\n<li><strong>Las 27 denuncias representan el 5,2% de las recibidas a nivel nacional.\u00a0<\/strong><\/li>\n<\/ul>\n\n\n\n<p>La Direcci\u00f3n del Trabajo (DT) ha recibido en la Araucan\u00eda 27 denuncias por distintas vulneraciones a la Ley N\u00b021.561, de 40 Horas, desde su vigencia el pasado 26 de abril.&nbsp;<\/p>\n\n\n\n<p>As\u00ed lo inform\u00f3 el organismo fiscalizador regional al divulgar el primer informe de denuncias registradas hasta el lunes 27 de mayo.&nbsp;<\/p>\n\n\n\n<p>Las estad\u00edsticas fueron entregadas por la directora regional del Trabajo, Carolina Ojeda.<\/p>\n\n\n\n<p>La autoridad explic\u00f3 que \u201c<em>la implementaci\u00f3n de esta norma a la fecha es bastante exitosa, tenemos un alto cumplimiento de parte de las empresas de la obligaci\u00f3n de la reducci\u00f3n de la jornada laboral<\/em>\u201d.<\/p>\n\n\n\n<p>A\u00f1adi\u00f3 que \u201c<em>como se ve, evidentemente esto da cuenta sin lugar a dudas que tenemos una baja tasa de denuncia, una baja tasa de incumplimiento y por tanto podemos dar cuenta de una implementaci\u00f3n que a la fecha ha sido sin lugar a dudas bastante beneficiosa y se ha cumplido con las normativas se\u00f1aladas en la ley<\/em>\u201d.<\/p>\n\n\n\n<p>En total, las 27 denuncias hechas por trabajadores, trabajadoras y organizaciones sindicales representan el 5,2 por ciento de las denuncias recibidas a nivel nacional.<\/p>\n\n\n\n<p>Esto posiciona a la regi\u00f3n en el quinto lugar en el n\u00famero de denuncias a nivel nacional, despu\u00e9s del Biob\u00edo, con 31; Los Lagos, con 39; Valpara\u00edso con 50 y la Regi\u00f3n Metropolitana, con 223.&nbsp;<\/p>\n\n\n\n<p>En general, las materias denunciadas se refieren a:&nbsp;<\/p>\n\n\n\n<ul class=\"wp-block-list\">\n<li>No dar cumplimiento a las disposiciones legales referidas a la reducci\u00f3n de la jornada ordinaria semanal de 44 horas\u00a0<\/li>\n\n\n\n<li>Exceder la jornada ordinaria semanal de trabajo de 44 horas\u00a0<\/li>\n\n\n\n<li>Excluir de la limitaci\u00f3n de la jornada sin cumplir requisitos legales\u00a0<\/li>\n\n\n\n<li>No acordar o comunicar calendario para distribuci\u00f3n de horas de trabajo en ciclo\u00a0<\/li>\n\n\n\n<li>Adecuar la jornada de trabajo a 44 horas semanales en forma unilateral\u00a0<\/li>\n<\/ul>\n\n\n\n<p>La Ley de 40 horas tambi\u00e9n defini\u00f3 cu\u00e1les son las funciones o labores de los trabajadores a quienes se les puede aplicar la exclusi\u00f3n de la limitaci\u00f3n de jornada, conocido como Art\u00edculo 22, inciso 2\u00b0.&nbsp;<\/p>\n\n\n\n<p>Este aspecto registra en la regi\u00f3n el 14% de las denuncias. Esta materia requiere un procedimiento especial de fiscalizaci\u00f3n, ya que s\u00f3lo se activa a requerimiento de alguna de las partes (trabajador o trabajadora y empresa). Si ambas partes est\u00e1n de acuerdo con mantener la aplicaci\u00f3n de esa excepci\u00f3n, no es obligatorio que haya una modificaci\u00f3n.&nbsp;<\/p>\n\n\n\n<p>Adicionalmente, de las denuncias realizadas, desde el 26 de abril se agreg\u00f3 a todas las fiscalizaciones, tanto solicitadas como de oficio individual por programa, la revisi\u00f3n de la materia exceder la jornada ordinaria semanal de 44 horas.&nbsp;<\/p>\n\n\n\n<p>Todas las denuncias se encuentran en proceso de fiscalizaci\u00f3n, pero en caso de constatarse infracci\u00f3n, a todas las empresas de hasta 49 trabajadores se les otorgar\u00e1 plazo de correcci\u00f3n y a las empresas de 50 y m\u00e1s trabajadores se aplicar\u00e1n multas desde 3 a 60 UTM. &nbsp;<\/p>\n\n\n\n<p>Carolina Ojeda inform\u00f3 que hasta ahora se ha aplicado 1 sanci\u00f3n. A nivel nacional el total de sanciones es de 51.&nbsp;<\/p>\n\n\n\n<p>Por su parte Claudia Tapia de la Pe\u00f1a, Seremi de Trabajo y Previsi\u00f3n Social de la regi\u00f3n de la Araucan\u00eda, se\u00f1al\u00f3 \u201c<em>bueno les queremos contar que en el balance que se ha realizado con la Direcci\u00f3n del Trabajo respecto de este primer mes de implementaci\u00f3n de reducci\u00f3n de jornada laboral a 44 horas, la regi\u00f3n de la Araucan\u00eda, si bien es cierto es la quinta regi\u00f3n con m\u00e1s denuncias a nivel pa\u00eds, \u00e9stas no superan las 30, lo que es muy positivo. Contarles que la Direcci\u00f3n del Trabajo est\u00e1 incorporando en todas sus fiscalizaciones el \u00edtem de jornada laboral y que prontamente estaremos haciendo un balance con los sindicatos de trabajadores y tambi\u00e9n con los empleadores para contarles c\u00f3mo ha desarrollado esta rebaja en la regi\u00f3n de la Araucan\u00eda<\/em>\u201d.&nbsp;<\/p>\n\n\n\n<p>Adem\u00e1s de fiscalizaciones, desde antes de la entrada en vigencia de la nueva ley, la DRT de la Araucan\u00eda ha realizado m\u00e1s de 20 actividades de difusi\u00f3n y capacitaci\u00f3n dirigidas a micro, peque\u00f1as, medianas empresas y a dirigentes sindicales de toda la regi\u00f3n. Ello, adem\u00e1s de las actividades de difusi\u00f3n en la prensa regional.<\/p>\n","protected":false},"excerpt":{"rendered":"<div class=\"pvc_clear\"><\/div>\n<p id=\"pvc_stats_50315\" class=\"pvc_stats total_only  \" data-element-id=\"50315\" style=\"\"><i class=\"pvc-stats-icon large\" aria-hidden=\"true\"><svg aria-hidden=\"true\" focusable=\"false\" data-prefix=\"far\" data-icon=\"chart-bar\" role=\"img\" xmlns=\"http:\/\/www.w3.org\/2000\/svg\" viewBox=\"0 0 512 512\" class=\"svg-inline--fa fa-chart-bar fa-w-16 fa-2x\"><path fill=\"currentColor\" d=\"M396.8 352h22.4c6.4 0 12.8-6.4 12.8-12.8V108.8c0-6.4-6.4-12.8-12.8-12.8h-22.4c-6.4 0-12.8 6.4-12.8 12.8v230.4c0 6.4 6.4 12.8 12.8 12.8zm-192 0h22.4c6.4 0 12.8-6.4 12.8-12.8V140.8c0-6.4-6.4-12.8-12.8-12.8h-22.4c-6.4 0-12.8 6.4-12.8 12.8v198.4c0 6.4 6.4 12.8 12.8 12.8zm96 0h22.4c6.4 0 12.8-6.4 12.8-12.8V204.8c0-6.4-6.4-12.8-12.8-12.8h-22.4c-6.4 0-12.8 6.4-12.8 12.8v134.4c0 6.4 6.4 12.8 12.8 12.8zM496 400H48V80c0-8.84-7.16-16-16-16H16C7.16 64 0 71.16 0 80v336c0 17.67 14.33 32 32 32h464c8.84 0 16-7.16 16-16v-16c0-8.84-7.16-16-16-16zm-387.2-48h22.4c6.4 0 12.8-6.4 12.8-12.8v-70.4c0-6.4-6.4-12.8-12.8-12.8h-22.4c-6.4 0-12.8 6.4-12.8 12.8v70.4c0 6.4 6.4 12.8 12.8 12.8z\" class=\"\"><\/path><\/svg><\/i> <img loading=\"lazy\" decoding=\"async\" width=\"16\" height=\"16\" alt=\"Loading\" src=\"https:\/\/temucotelevision.cl\/web\/wp-content\/plugins\/page-views-count\/ajax-loader-2x.gif\" border=0 \/><\/p>\n<div class=\"pvc_clear\"><\/div>\n<p>La Direcci\u00f3n del Trabajo (DT) ha recibido en la Araucan\u00eda 27 denuncias por distintas vulneraciones a la Ley N\u00b021.561, de<\/p>\n","protected":false},"author":1,"featured_media":50316,"comment_status":"open","ping_status":"open","sticky":false,"template":"","format":"standard","meta":{"colormag_page_container_layout":"default_layout","colormag_page_sidebar_layout":"default_layout","footnotes":""},"categories":[15],"tags":[6074,506],"class_list":["post-50315","post","type-post","status-publish","format-standard","has-post-thumbnail","hentry","category-la-araucania","tag-40-horas","tag-ley"],"a3_pvc":{"activated":true,"total_views":3997,"today_views":1},"_links":{"self":[{"href":"https:\/\/temucotelevision.cl\/web\/wp-json\/wp\/v2\/posts\/50315","targetHints":{"allow":["GET"]}}],"collection":[{"href":"https:\/\/temucotelevision.cl\/web\/wp-json\/wp\/v2\/posts"}],"about":[{"href":"https:\/\/temucotelevision.cl\/web\/wp-json\/wp\/v2\/types\/post"}],"author":[{"embeddable":true,"href":"https:\/\/temucotelevision.cl\/web\/wp-json\/wp\/v2\/users\/1"}],"replies":[{"embeddable":true,"href":"https:\/\/temucotelevision.cl\/web\/wp-json\/wp\/v2\/comments?post=50315"}],"version-history":[{"count":1,"href":"https:\/\/temucotelevision.cl\/web\/wp-json\/wp\/v2\/posts\/50315\/revisions"}],"predecessor-version":[{"id":50317,"href":"https:\/\/temucotelevision.cl\/web\/wp-json\/wp\/v2\/posts\/50315\/revisions\/50317"}],"wp:featuredmedia":[{"embeddable":true,"href":"https:\/\/temucotelevision.cl\/web\/wp-json\/wp\/v2\/media\/50316"}],"wp:attachment":[{"href":"https:\/\/temucotelevision.cl\/web\/wp-json\/wp\/v2\/media?parent=50315"}],"wp:term":[{"taxonomy":"category","embeddable":true,"href":"https:\/\/temucotelevision.cl\/web\/wp-json\/wp\/v2\/categories?post=50315"},{"taxonomy":"post_tag","embeddable":true,"href":"https:\/\/temucotelevision.cl\/web\/wp-json\/wp\/v2\/tags?post=50315"}],"curies":[{"name":"wp","href":"https:\/\/api.w.org\/{rel}","templated":true}]}}