{"id":50296,"date":"2024-05-28T12:10:48","date_gmt":"2024-05-28T15:10:48","guid":{"rendered":"https:\/\/temucotelevision.cl\/web\/?p=50296"},"modified":"2024-05-28T13:51:42","modified_gmt":"2024-05-28T16:51:42","slug":"temuco-explosion-y-humo-en-supermercado-resulta-ser-robo-frustrado-en-paralelo-se-registraron-barricadas-y-miguelitos-en-rutas-cercanas","status":"publish","type":"post","link":"https:\/\/temucotelevision.cl\/web\/2024\/05\/28\/temuco-explosion-y-humo-en-supermercado-resulta-ser-robo-frustrado-en-paralelo-se-registraron-barricadas-y-miguelitos-en-rutas-cercanas\/","title":{"rendered":"Temuco: Explosi\u00f3n y humo en supermercado resulta ser robo frustrado; en paralelo se registraron barricadas y miguelitos en rutas cercanas"},"content":{"rendered":"<div class=\"pvc_clear\"><\/div><p id=\"pvc_stats_50296\" class=\"pvc_stats total_only  \" data-element-id=\"50296\" style=\"\"><i class=\"pvc-stats-icon large\" aria-hidden=\"true\"><svg aria-hidden=\"true\" focusable=\"false\" data-prefix=\"far\" data-icon=\"chart-bar\" role=\"img\" xmlns=\"http:\/\/www.w3.org\/2000\/svg\" viewBox=\"0 0 512 512\" class=\"svg-inline--fa fa-chart-bar fa-w-16 fa-2x\"><path fill=\"currentColor\" d=\"M396.8 352h22.4c6.4 0 12.8-6.4 12.8-12.8V108.8c0-6.4-6.4-12.8-12.8-12.8h-22.4c-6.4 0-12.8 6.4-12.8 12.8v230.4c0 6.4 6.4 12.8 12.8 12.8zm-192 0h22.4c6.4 0 12.8-6.4 12.8-12.8V140.8c0-6.4-6.4-12.8-12.8-12.8h-22.4c-6.4 0-12.8 6.4-12.8 12.8v198.4c0 6.4 6.4 12.8 12.8 12.8zm96 0h22.4c6.4 0 12.8-6.4 12.8-12.8V204.8c0-6.4-6.4-12.8-12.8-12.8h-22.4c-6.4 0-12.8 6.4-12.8 12.8v134.4c0 6.4 6.4 12.8 12.8 12.8zM496 400H48V80c0-8.84-7.16-16-16-16H16C7.16 64 0 71.16 0 80v336c0 17.67 14.33 32 32 32h464c8.84 0 16-7.16 16-16v-16c0-8.84-7.16-16-16-16zm-387.2-48h22.4c6.4 0 12.8-6.4 12.8-12.8v-70.4c0-6.4-6.4-12.8-12.8-12.8h-22.4c-6.4 0-12.8 6.4-12.8 12.8v70.4c0 6.4 6.4 12.8 12.8 12.8z\" class=\"\"><\/path><\/svg><\/i> <img loading=\"lazy\" decoding=\"async\" width=\"16\" height=\"16\" alt=\"Loading\" src=\"https:\/\/temucotelevision.cl\/web\/wp-content\/plugins\/page-views-count\/ajax-loader-2x.gif\" border=0 \/><\/p><div class=\"pvc_clear\"><\/div>\n<p>Esta madrugada, un aparente incendio en el supermercado Santa Isabel del sector Fundo El Carmen en Temuco result\u00f3 ser un robo frustrado, seg\u00fan inform\u00f3 Christian Mellado, capit\u00e1n de guardia de Bomberos Temuco. La emergencia moviliz\u00f3 a cinco compa\u00f1\u00edas de bomberos que, al llegar al lugar, descubrieron que no hab\u00eda fuego sino un intento de robo en curso.<\/p>\n\n\n\n<figure class=\"wp-block-audio\"><audio controls src=\"https:\/\/temucotelevision.cl\/web\/wp-content\/uploads\/2024\/05\/Bomberos-Emergencia-Santa-Isabel.mp3\"><\/audio><\/figure>\n\n\n\n<p>Paralelamente, m\u00faltiples rutas de Temuco y Labranza amanecieron bloqueadas por barricadas y Miguelitos. Los sectores afectados incluyen la Avenida Javiera Carrera, Luis Durand, la ruta a Imperial por Fundo El Carmen, y los puentes que conducen a Fundo El Carmen.<\/p>\n\n\n\n<p>Bomberos recibi\u00f3 un llamado minutos antes de la emergencia en el supermercado, informando de un auto en llamas en el cruce Tra\u00f1i Tra\u00f1i en la ruta a Labranza. Sin embargo, al llegar la 10\u00aa Compa\u00f1\u00eda de Bomberos al lugar, no encontraron ning\u00fan veh\u00edculo incendiado, sino una barricada compuesta de neum\u00e1ticos encendidos, basura y miguelitos, utilizados para obstaculizar el tr\u00e1nsito.<\/p>\n\n\n\n<p>Carabineros realiza patrullajes intensivos por las rutas de Labranza y sus alrededores para asegurar la zona y retirar los obst\u00e1culos que impiden el libre tr\u00e1nsito.<\/p>\n\n\n\n<figure class=\"wp-block-image size-large\"><img loading=\"lazy\" decoding=\"async\" width=\"750\" height=\"1000\" src=\"https:\/\/temucotelevision.cl\/web\/wp-content\/uploads\/2024\/05\/Puente-750x1000.jpeg\" alt=\"\" class=\"wp-image-50299\" srcset=\"https:\/\/temucotelevision.cl\/web\/wp-content\/uploads\/2024\/05\/Puente-750x1000.jpeg 750w, https:\/\/temucotelevision.cl\/web\/wp-content\/uploads\/2024\/05\/Puente-768x1024.jpeg 768w, https:\/\/temucotelevision.cl\/web\/wp-content\/uploads\/2024\/05\/Puente-1152x1536.jpeg 1152w, https:\/\/temucotelevision.cl\/web\/wp-content\/uploads\/2024\/05\/Puente.jpeg 1200w\" sizes=\"auto, (max-width: 750px) 100vw, 750px\" \/><\/figure>\n\n\n\n<figure class=\"wp-block-image aligncenter size-large\"><img loading=\"lazy\" decoding=\"async\" width=\"563\" height=\"1000\" src=\"https:\/\/temucotelevision.cl\/web\/wp-content\/uploads\/2024\/05\/santa-Isabel2-563x1000.jpeg\" alt=\"\" class=\"wp-image-50298\" srcset=\"https:\/\/temucotelevision.cl\/web\/wp-content\/uploads\/2024\/05\/santa-Isabel2-563x1000.jpeg 563w, https:\/\/temucotelevision.cl\/web\/wp-content\/uploads\/2024\/05\/santa-Isabel2.jpeg 720w\" sizes=\"auto, (max-width: 563px) 100vw, 563px\" \/><\/figure>\n","protected":false},"excerpt":{"rendered":"<div class=\"pvc_clear\"><\/div>\n<p id=\"pvc_stats_50296\" class=\"pvc_stats total_only  \" data-element-id=\"50296\" style=\"\"><i class=\"pvc-stats-icon large\" aria-hidden=\"true\"><svg aria-hidden=\"true\" focusable=\"false\" data-prefix=\"far\" data-icon=\"chart-bar\" role=\"img\" xmlns=\"http:\/\/www.w3.org\/2000\/svg\" viewBox=\"0 0 512 512\" class=\"svg-inline--fa fa-chart-bar fa-w-16 fa-2x\"><path fill=\"currentColor\" d=\"M396.8 352h22.4c6.4 0 12.8-6.4 12.8-12.8V108.8c0-6.4-6.4-12.8-12.8-12.8h-22.4c-6.4 0-12.8 6.4-12.8 12.8v230.4c0 6.4 6.4 12.8 12.8 12.8zm-192 0h22.4c6.4 0 12.8-6.4 12.8-12.8V140.8c0-6.4-6.4-12.8-12.8-12.8h-22.4c-6.4 0-12.8 6.4-12.8 12.8v198.4c0 6.4 6.4 12.8 12.8 12.8zm96 0h22.4c6.4 0 12.8-6.4 12.8-12.8V204.8c0-6.4-6.4-12.8-12.8-12.8h-22.4c-6.4 0-12.8 6.4-12.8 12.8v134.4c0 6.4 6.4 12.8 12.8 12.8zM496 400H48V80c0-8.84-7.16-16-16-16H16C7.16 64 0 71.16 0 80v336c0 17.67 14.33 32 32 32h464c8.84 0 16-7.16 16-16v-16c0-8.84-7.16-16-16-16zm-387.2-48h22.4c6.4 0 12.8-6.4 12.8-12.8v-70.4c0-6.4-6.4-12.8-12.8-12.8h-22.4c-6.4 0-12.8 6.4-12.8 12.8v70.4c0 6.4 6.4 12.8 12.8 12.8z\" class=\"\"><\/path><\/svg><\/i> <img loading=\"lazy\" decoding=\"async\" width=\"16\" height=\"16\" alt=\"Loading\" src=\"https:\/\/temucotelevision.cl\/web\/wp-content\/plugins\/page-views-count\/ajax-loader-2x.gif\" border=0 \/><\/p>\n<div class=\"pvc_clear\"><\/div>\n<p>Esta madrugada, un aparente incendio en el supermercado Santa Isabel del sector Fundo El Carmen en Temuco result\u00f3 ser un<\/p>\n","protected":false},"author":1,"featured_media":50297,"comment_status":"open","ping_status":"open","sticky":false,"template":"","format":"standard","meta":{"colormag_page_container_layout":"default_layout","colormag_page_sidebar_layout":"default_layout","footnotes":""},"categories":[15],"tags":[321,138],"class_list":["post-50296","post","type-post","status-publish","format-standard","has-post-thumbnail","hentry","category-la-araucania","tag-emergencia","tag-robo"],"a3_pvc":{"activated":true,"total_views":2382,"today_views":0},"_links":{"self":[{"href":"https:\/\/temucotelevision.cl\/web\/wp-json\/wp\/v2\/posts\/50296","targetHints":{"allow":["GET"]}}],"collection":[{"href":"https:\/\/temucotelevision.cl\/web\/wp-json\/wp\/v2\/posts"}],"about":[{"href":"https:\/\/temucotelevision.cl\/web\/wp-json\/wp\/v2\/types\/post"}],"author":[{"embeddable":true,"href":"https:\/\/temucotelevision.cl\/web\/wp-json\/wp\/v2\/users\/1"}],"replies":[{"embeddable":true,"href":"https:\/\/temucotelevision.cl\/web\/wp-json\/wp\/v2\/comments?post=50296"}],"version-history":[{"count":2,"href":"https:\/\/temucotelevision.cl\/web\/wp-json\/wp\/v2\/posts\/50296\/revisions"}],"predecessor-version":[{"id":50306,"href":"https:\/\/temucotelevision.cl\/web\/wp-json\/wp\/v2\/posts\/50296\/revisions\/50306"}],"wp:featuredmedia":[{"embeddable":true,"href":"https:\/\/temucotelevision.cl\/web\/wp-json\/wp\/v2\/media\/50297"}],"wp:attachment":[{"href":"https:\/\/temucotelevision.cl\/web\/wp-json\/wp\/v2\/media?parent=50296"}],"wp:term":[{"taxonomy":"category","embeddable":true,"href":"https:\/\/temucotelevision.cl\/web\/wp-json\/wp\/v2\/categories?post=50296"},{"taxonomy":"post_tag","embeddable":true,"href":"https:\/\/temucotelevision.cl\/web\/wp-json\/wp\/v2\/tags?post=50296"}],"curies":[{"name":"wp","href":"https:\/\/api.w.org\/{rel}","templated":true}]}}