{"id":50292,"date":"2024-05-27T14:01:43","date_gmt":"2024-05-27T17:01:43","guid":{"rendered":"https:\/\/temucotelevision.cl\/web\/?p=50292"},"modified":"2024-05-27T14:01:44","modified_gmt":"2024-05-27T17:01:44","slug":"garzon-salvo-a-clienta-experta-advierte-la-importancia-de-conocimientos-en-primeros-auxilios","status":"publish","type":"post","link":"https:\/\/temucotelevision.cl\/web\/2024\/05\/27\/garzon-salvo-a-clienta-experta-advierte-la-importancia-de-conocimientos-en-primeros-auxilios\/","title":{"rendered":"Garz\u00f3n salv\u00f3 a clienta:\u00a0Experta advierte la importancia de conocimientos en primeros auxilios\u00a0"},"content":{"rendered":"<div class=\"pvc_clear\"><\/div><p id=\"pvc_stats_50292\" class=\"pvc_stats total_only  \" data-element-id=\"50292\" style=\"\"><i class=\"pvc-stats-icon large\" aria-hidden=\"true\"><svg aria-hidden=\"true\" focusable=\"false\" data-prefix=\"far\" data-icon=\"chart-bar\" role=\"img\" xmlns=\"http:\/\/www.w3.org\/2000\/svg\" viewBox=\"0 0 512 512\" class=\"svg-inline--fa fa-chart-bar fa-w-16 fa-2x\"><path fill=\"currentColor\" d=\"M396.8 352h22.4c6.4 0 12.8-6.4 12.8-12.8V108.8c0-6.4-6.4-12.8-12.8-12.8h-22.4c-6.4 0-12.8 6.4-12.8 12.8v230.4c0 6.4 6.4 12.8 12.8 12.8zm-192 0h22.4c6.4 0 12.8-6.4 12.8-12.8V140.8c0-6.4-6.4-12.8-12.8-12.8h-22.4c-6.4 0-12.8 6.4-12.8 12.8v198.4c0 6.4 6.4 12.8 12.8 12.8zm96 0h22.4c6.4 0 12.8-6.4 12.8-12.8V204.8c0-6.4-6.4-12.8-12.8-12.8h-22.4c-6.4 0-12.8 6.4-12.8 12.8v134.4c0 6.4 6.4 12.8 12.8 12.8zM496 400H48V80c0-8.84-7.16-16-16-16H16C7.16 64 0 71.16 0 80v336c0 17.67 14.33 32 32 32h464c8.84 0 16-7.16 16-16v-16c0-8.84-7.16-16-16-16zm-387.2-48h22.4c6.4 0 12.8-6.4 12.8-12.8v-70.4c0-6.4-6.4-12.8-12.8-12.8h-22.4c-6.4 0-12.8 6.4-12.8 12.8v70.4c0 6.4 6.4 12.8 12.8 12.8z\" class=\"\"><\/path><\/svg><\/i> <img loading=\"lazy\" decoding=\"async\" width=\"16\" height=\"16\" alt=\"Loading\" src=\"https:\/\/temucotelevision.cl\/web\/wp-content\/plugins\/page-views-count\/ajax-loader-2x.gif\" border=0 \/><\/p><div class=\"pvc_clear\"><\/div>\n<p><em>Directora de carrera del \u00c1rea de Salud del IP-CFT Santo Tom\u00e1s Santiago Centro, Claudia Correa Jara, explic\u00f3 la Maniobra de Heimlich, utilizada principalmente en casos de atragantamientos.<\/em><\/p>\n\n\n\n<p>Actuar de forma r\u00e1pida y efectiva ante una emergencia m\u00e9dica puede marcar la diferencia entre la vida y la muerte. Por eso, resulta fundamental conocer las maniobras b\u00e1sicas de primeros auxilios, las cuales pueden ser aprendidas por cualquier persona sin necesidad de tener conocimientos m\u00e9dicos previos. Un ejemplo recientemente ocurri\u00f3 en un restaurante de Quilpu\u00e9, donde un garz\u00f3n salv\u00f3 la vida de clienta que se ator\u00f3 con un trozo de queso, tras aplicarse la Maniobra de Heimlich. &nbsp;<\/p>\n\n\n\n<p>Seg\u00fan explic\u00f3 la <strong>directora de carrera del \u00c1rea de Salud del Instituto Profesional (IP) y Centro de Formaci\u00f3n T\u00e9cnica (CFT) Santo Tom\u00e1s Santiago Centro, Claudia Correa Jara<\/strong>, entre las acciones m\u00e1s comunes de primeros auxilios destac\u00f3 la <strong>Maniobra de Heimlich<\/strong>, utilizada principalmente en casos de atragantamientos, ya sea por alimentos ingeridos o por un objeto que obstruya las v\u00edas respiratorias. Asimismo, resalt\u00f3 la <strong>Reanimaci\u00f3n cardiopulmonar<\/strong> (<strong>RCP<\/strong>), t\u00e9cnica aplicable en casos de paro cardiorrespiratorio.&nbsp;<\/p>\n\n\n\n<p><em>\u201cEs importante conocer estas dos maniobras, por la gravedad de las situaciones en que se utilizan, es decir, en ambas hay una interrupci\u00f3n del aporte de ox\u00edgeno. Si estas son realizadas r\u00e1pida y efectivamente, permiten salvar la vida de una persona o minimizar las posibles secuelas\u201d<\/em>, se\u00f1al\u00f3 la experta de Santo Tom\u00e1s.&nbsp;<\/p>\n\n\n\n<p>En ese sentido, para determinar <strong>cu\u00e1l es la maniobra adecuada<\/strong> que debe aplicarse en cada situaci\u00f3n de emergencia, la acad\u00e9mica sostuvo que, para casos de <strong>asfixia<\/strong> o <strong>atragantamiento<\/strong>, llevarse las manos al cuello se considera una se\u00f1al universal, as\u00ed como tambi\u00e9n, la cianosis peribucal (coloraci\u00f3n viol\u00e1cea de la zona de los labios). Adem\u00e1s, dependiendo si la obstrucci\u00f3n es parcial o total, la persona puede dejar de emitir sonidos.&nbsp;<\/p>\n\n\n\n<p>Sin embargo, estas se\u00f1ales no deben confundirse con una <strong>asfixia por alergia alimentaria<\/strong>, ya que en ese caso la obstrucci\u00f3n de la v\u00eda a\u00e9rea se produce de forma m\u00e1s lenta, y podr\u00eda presentarse picaz\u00f3n de garganta, inflamaci\u00f3n de la cara, ojos o labios. Esta emergencia m\u00e9dica no se resuelve con t\u00e9cnicas de primeros auxilios, sino que la v\u00edctima debe acudir r\u00e1pidamente a un servicio de urgencias para recibir el tratamiento adecuado. Mientras, en caso de <strong>paro cardiorrespiratorio,<\/strong> este se denota en la p\u00e9rdida de consciencia, sumado a la ausencia de pulso cardiaco, por lo tanto, es necesario aplicar <strong>RCP<\/strong>.&nbsp;<\/p>\n\n\n\n<p>Finalmente es relevante que al momento de emplear estas maniobras se midan las complicaciones que puedan surgir de ellas. En el caso de RCP y Heimlich una acci\u00f3n mal ejecutada podr\u00eda provocar fractura de costillas y aspiraci\u00f3n broncopulmonar. Por eso, de acuerdo con la experta en Primera Auxilios: \u201c<em>Es importante siempre evaluar el costo-beneficio de realizar la t\u00e9cnica, ya que no realizarla puede implicar la muerte de la v\u00edctima\u201d.&nbsp;<\/em><\/p>\n\n\n\n<p>Asimismo, indic\u00f3 que otra de las t\u00e9cnicas necesarias de conocer es el <strong>Control de Hemorragias<\/strong>, que permite socorrer a una persona herida con signos de piel fr\u00eda, palidez, desvanecimiento, sangrado activo y pulso r\u00e1pido (taquicardia). Igualmente, revel\u00f3 la importancia en el <strong>Manejo de Quemaduras<\/strong> en el cuidado de posibles infecciones.&nbsp;<\/p>\n","protected":false},"excerpt":{"rendered":"<div class=\"pvc_clear\"><\/div>\n<p id=\"pvc_stats_50292\" class=\"pvc_stats total_only  \" data-element-id=\"50292\" style=\"\"><i class=\"pvc-stats-icon large\" aria-hidden=\"true\"><svg aria-hidden=\"true\" focusable=\"false\" data-prefix=\"far\" data-icon=\"chart-bar\" role=\"img\" xmlns=\"http:\/\/www.w3.org\/2000\/svg\" viewBox=\"0 0 512 512\" class=\"svg-inline--fa fa-chart-bar fa-w-16 fa-2x\"><path fill=\"currentColor\" d=\"M396.8 352h22.4c6.4 0 12.8-6.4 12.8-12.8V108.8c0-6.4-6.4-12.8-12.8-12.8h-22.4c-6.4 0-12.8 6.4-12.8 12.8v230.4c0 6.4 6.4 12.8 12.8 12.8zm-192 0h22.4c6.4 0 12.8-6.4 12.8-12.8V140.8c0-6.4-6.4-12.8-12.8-12.8h-22.4c-6.4 0-12.8 6.4-12.8 12.8v198.4c0 6.4 6.4 12.8 12.8 12.8zm96 0h22.4c6.4 0 12.8-6.4 12.8-12.8V204.8c0-6.4-6.4-12.8-12.8-12.8h-22.4c-6.4 0-12.8 6.4-12.8 12.8v134.4c0 6.4 6.4 12.8 12.8 12.8zM496 400H48V80c0-8.84-7.16-16-16-16H16C7.16 64 0 71.16 0 80v336c0 17.67 14.33 32 32 32h464c8.84 0 16-7.16 16-16v-16c0-8.84-7.16-16-16-16zm-387.2-48h22.4c6.4 0 12.8-6.4 12.8-12.8v-70.4c0-6.4-6.4-12.8-12.8-12.8h-22.4c-6.4 0-12.8 6.4-12.8 12.8v70.4c0 6.4 6.4 12.8 12.8 12.8z\" class=\"\"><\/path><\/svg><\/i> <img loading=\"lazy\" decoding=\"async\" width=\"16\" height=\"16\" alt=\"Loading\" src=\"https:\/\/temucotelevision.cl\/web\/wp-content\/plugins\/page-views-count\/ajax-loader-2x.gif\" border=0 \/><\/p>\n<div class=\"pvc_clear\"><\/div>\n<p>Directora de carrera del \u00c1rea de Salud del IP-CFT Santo Tom\u00e1s Santiago Centro, Claudia Correa Jara, explic\u00f3 la Maniobra de<\/p>\n","protected":false},"author":1,"featured_media":50293,"comment_status":"open","ping_status":"open","sticky":false,"template":"","format":"standard","meta":{"colormag_page_container_layout":"default_layout","colormag_page_sidebar_layout":"default_layout","footnotes":""},"categories":[101],"tags":[7082],"class_list":["post-50292","post","type-post","status-publish","format-standard","has-post-thumbnail","hentry","category-actualidad","tag-garzon"],"a3_pvc":{"activated":true,"total_views":2145,"today_views":0},"_links":{"self":[{"href":"https:\/\/temucotelevision.cl\/web\/wp-json\/wp\/v2\/posts\/50292","targetHints":{"allow":["GET"]}}],"collection":[{"href":"https:\/\/temucotelevision.cl\/web\/wp-json\/wp\/v2\/posts"}],"about":[{"href":"https:\/\/temucotelevision.cl\/web\/wp-json\/wp\/v2\/types\/post"}],"author":[{"embeddable":true,"href":"https:\/\/temucotelevision.cl\/web\/wp-json\/wp\/v2\/users\/1"}],"replies":[{"embeddable":true,"href":"https:\/\/temucotelevision.cl\/web\/wp-json\/wp\/v2\/comments?post=50292"}],"version-history":[{"count":1,"href":"https:\/\/temucotelevision.cl\/web\/wp-json\/wp\/v2\/posts\/50292\/revisions"}],"predecessor-version":[{"id":50294,"href":"https:\/\/temucotelevision.cl\/web\/wp-json\/wp\/v2\/posts\/50292\/revisions\/50294"}],"wp:featuredmedia":[{"embeddable":true,"href":"https:\/\/temucotelevision.cl\/web\/wp-json\/wp\/v2\/media\/50293"}],"wp:attachment":[{"href":"https:\/\/temucotelevision.cl\/web\/wp-json\/wp\/v2\/media?parent=50292"}],"wp:term":[{"taxonomy":"category","embeddable":true,"href":"https:\/\/temucotelevision.cl\/web\/wp-json\/wp\/v2\/categories?post=50292"},{"taxonomy":"post_tag","embeddable":true,"href":"https:\/\/temucotelevision.cl\/web\/wp-json\/wp\/v2\/tags?post=50292"}],"curies":[{"name":"wp","href":"https:\/\/api.w.org\/{rel}","templated":true}]}}