{"id":50287,"date":"2024-05-27T12:48:45","date_gmt":"2024-05-27T15:48:45","guid":{"rendered":"https:\/\/temucotelevision.cl\/web\/?p=50287"},"modified":"2024-05-28T16:07:38","modified_gmt":"2024-05-28T19:07:38","slug":"mas-de-200-emprendedores-de-la-araucania-beneficiados-por-innovador-programa-de-balloon-latam","status":"publish","type":"post","link":"https:\/\/temucotelevision.cl\/web\/2024\/05\/27\/mas-de-200-emprendedores-de-la-araucania-beneficiados-por-innovador-programa-de-balloon-latam\/","title":{"rendered":"M\u00e1s de 200 Emprendedores de La Araucan\u00eda Beneficiados por innovador programa de Balloon Latam"},"content":{"rendered":"<div class=\"pvc_clear\"><\/div><p id=\"pvc_stats_50287\" class=\"pvc_stats total_only  \" data-element-id=\"50287\" style=\"\"><i class=\"pvc-stats-icon large\" aria-hidden=\"true\"><svg aria-hidden=\"true\" focusable=\"false\" data-prefix=\"far\" data-icon=\"chart-bar\" role=\"img\" xmlns=\"http:\/\/www.w3.org\/2000\/svg\" viewBox=\"0 0 512 512\" class=\"svg-inline--fa fa-chart-bar fa-w-16 fa-2x\"><path fill=\"currentColor\" d=\"M396.8 352h22.4c6.4 0 12.8-6.4 12.8-12.8V108.8c0-6.4-6.4-12.8-12.8-12.8h-22.4c-6.4 0-12.8 6.4-12.8 12.8v230.4c0 6.4 6.4 12.8 12.8 12.8zm-192 0h22.4c6.4 0 12.8-6.4 12.8-12.8V140.8c0-6.4-6.4-12.8-12.8-12.8h-22.4c-6.4 0-12.8 6.4-12.8 12.8v198.4c0 6.4 6.4 12.8 12.8 12.8zm96 0h22.4c6.4 0 12.8-6.4 12.8-12.8V204.8c0-6.4-6.4-12.8-12.8-12.8h-22.4c-6.4 0-12.8 6.4-12.8 12.8v134.4c0 6.4 6.4 12.8 12.8 12.8zM496 400H48V80c0-8.84-7.16-16-16-16H16C7.16 64 0 71.16 0 80v336c0 17.67 14.33 32 32 32h464c8.84 0 16-7.16 16-16v-16c0-8.84-7.16-16-16-16zm-387.2-48h22.4c6.4 0 12.8-6.4 12.8-12.8v-70.4c0-6.4-6.4-12.8-12.8-12.8h-22.4c-6.4 0-12.8 6.4-12.8 12.8v70.4c0 6.4 6.4 12.8 12.8 12.8z\" class=\"\"><\/path><\/svg><\/i> <img loading=\"lazy\" decoding=\"async\" width=\"16\" height=\"16\" alt=\"Loading\" src=\"https:\/\/temucotelevision.cl\/web\/wp-content\/plugins\/page-views-count\/ajax-loader-2x.gif\" border=0 \/><\/p><div class=\"pvc_clear\"><\/div>\n<p><em>Ratificando su alto poder de convocatoria, la empresa social Balloon Latam finaliz\u00f3 con \u00e9xito el Balloon Internacional, realizado en las comunidades de Freire y Cunco, el cual se suma al trabajo socioterritorial que desde 2013 realiza en la regi\u00f3n, impulsando la colaboraci\u00f3n y el fortalecimiento del capital social en torno al emprendimiento rural.<\/em><\/p>\n\n\n\n<p><strong><\/strong>Diversos emprendedores de las comunas de Freire y Cunco, autoridades, representantes de empresas y fundaciones, llegaron hasta el Gimnasio Municipal de Freire para celebrar el cierre del Balloon Internacional 2024, programa impulsado por Balloon Latam, Fundaci\u00f3n MC y las Municipalidades de Freire y Cunco. Este hito marca el inicio de la trayectoria y crecimiento que los emprendedores del territorio tendr\u00e1n durante el a\u00f1o 2024.<\/p>\n\n\n\n<figure class=\"wp-block-image size-large\"><img loading=\"lazy\" decoding=\"async\" width=\"1000\" height=\"750\" src=\"https:\/\/temucotelevision.cl\/web\/wp-content\/uploads\/2024\/05\/Balloon2-1000x750.jpeg\" alt=\"\" class=\"wp-image-50289\" srcset=\"https:\/\/temucotelevision.cl\/web\/wp-content\/uploads\/2024\/05\/Balloon2-1000x750.jpeg 1000w, https:\/\/temucotelevision.cl\/web\/wp-content\/uploads\/2024\/05\/Balloon2-768x576.jpeg 768w, https:\/\/temucotelevision.cl\/web\/wp-content\/uploads\/2024\/05\/Balloon2-1536x1152.jpeg 1536w, https:\/\/temucotelevision.cl\/web\/wp-content\/uploads\/2024\/05\/Balloon2-2048x1536.jpeg 2048w\" sizes=\"auto, (max-width: 1000px) 100vw, 1000px\" \/><\/figure>\n\n\n\n<p>El Balloon Internacional se trata de un programa de innovaci\u00f3n social para el desarrollo comunitario en el que agentes de cambio nacionales e internacionales (personas que, conscientes de su potencial de transformaci\u00f3n individual, act\u00faan con el firme prop\u00f3sito de contribuir a la mejora de una comunidad rural) trabajan mano a mano junto a emprendedores rurales durante 4 semanas, bajo un formato \u00fanico de traspaso de conocimientos, que lleva a ambas partes a una experiencia de vinculaci\u00f3n \u00fanica con la realidad y entorno local.&nbsp;<\/p>\n\n\n\n<p>Fueron m\u00e1s de 200 personas de La Araucan\u00eda, con distintas ideas de negocio, las que se inscribieron en el programa.<strong> Rodrigo Mu\u00f1oz, director regional de La Araucan\u00eda en Balloon Latam<\/strong> coment\u00f3 los resultados que logr\u00f3 este innovador programa: \u201cEstamos muy contentos de haber trabajado con los emprendedores de las comunas de Cunco y Freire, y a la vez, haber contado con el apoyo de ambos municipios. La comunidad nos recibi\u00f3 con los brazos abiertos y nos acompa\u00f1\u00f3 en diferentes sectores: Cunco urbano, Los Laureles, Choroico, Rayen Lafquen, Freire urbano, Quepe y Huilio, generando con ellos espacios de conversaci\u00f3n y formaci\u00f3n\u201d.<\/p>\n\n\n\n<p>Impulsar proyectos locales que fortalezcan el capital social, la formaci\u00f3n de l\u00edderes y la generaci\u00f3n de redes para la colaboraci\u00f3n, son elementos que el Balloon Internacional La Araucan\u00eda llev\u00f3 por quinta vez a sectores rurales de La Araucan\u00eda, principalmente en comunidades con constantes dificultades y falta de oportunidades para su especializaci\u00f3n y desarrollo de&nbsp; negocios.<\/p>\n\n\n\n<p>\u201cHan estado casi un mes trabajando aqu\u00ed con las diferentes emprendedoras y emprendedores de la comuna. Nosotros jam\u00e1s pensamos que una empresa se iba a preocupar de estas comunas que, en general, no han sido tomadas en cuenta. Nos interesa que los emprendedores realmente puedan llegar a ser reconocidos m\u00e1s all\u00e1 de su propia comuna y&nbsp; Balloon Latam ha ayudado a que se ponga foco en esta zona\u201d, coment\u00f3 el alcalde de Freire, Lu\u00eds Arias L\u00f3pez, actor clave para el desarrollo y ejecuci\u00f3n de este programa.<\/p>\n\n\n\n<p><strong>\u201cEn esta vinculaci\u00f3n, desarrollo, instalaci\u00f3n de capacidades y todo este ciclo de formaci\u00f3n, todos buscamos de alguna forma poder evolucionar, desarrollarnos y de alguna forma mejorar\u201d, coment\u00f3 Alejandra Grebe, Directora Ejecutiva de Fundaci\u00f3n MC, pieza fundamental para el programa que valor\u00f3 que en Balloon Internacional \u201ctodos tienen un prop\u00f3sito en com\u00fan, que es el mismo prop\u00f3sito que compartimos nosotros desde la Fundaci\u00f3n MC, que es la transformaci\u00f3n\u201d.&nbsp;<\/strong><\/p>\n\n\n\n<p><strong>CUATRO SEMANAS DE INNOVACI\u00d3N SOCIAL INMERSIVA EN CUNCO Y FREIRE<\/strong><\/p>\n\n\n\n<p><br>Durante cuatro semanas, agentes de cambio de distintas nacionalidades de Latinoam\u00e9rica y emprendedores de Cunco y Freire trabajaron mano a mano herramientas y conceptos te\u00f3ricos que ayudaron, a ambas partes, a formarse como l\u00edderes y personas capaces de abordar desaf\u00edos y desarrollar sus habilidades personales y emprendedoras. El programa&nbsp; busca ser un aporte, desde las ideas y proyectos de los propios emprendedores rurales, a la falta de empleo, equidad de g\u00e9nero, los desaf\u00edos ambientales y hasta la preservaci\u00f3n de las culturas y pr\u00e1cticas ancestrales locales.<\/p>\n\n\n\n<p>Tras esta experiencia, 9 emprendedores fueron seleccionados para presentar sus proyectos de negocio en el hito de celebraci\u00f3n, de los cuales 4 resultaron como ganadores, con premios en activos desde el cuarto al primer lugar. Tambi\u00e9n, tuvo lugar la graduaci\u00f3n de 200 emprendedores y 13 agentes de cambio que participaron del programa, y que tuvieron la oportunidad de recibir una certificaci\u00f3n del Seminario de Agentes de Cambio para la Vinculaci\u00f3n Social de la Pontificia Universidad Cat\u00f3lica de Chile (PUC).<\/p>\n\n\n\n<p>Magaly Burgos, artesana que obtuvo el primer lugar del Balloon Internacional valor\u00f3 el proceso, acompa\u00f1amiento y apoyo durante el programa: \u201cEl primer lugar significa que hicimos un gran trabajo. Los fellows han sido unos partners grandiosos. Me apoyaron y me hicieron creer que val\u00eda, que yo soy muy buena en mi trabajo. Destaco el poder hacer mi propuesta de valor y tambi\u00e9n el pitch, que es muy importante porque es donde explicamos todo lo que hacemos: el problema, la soluci\u00f3n, qui\u00e9n soy yo, c\u00f3mo aporto en el sentido social, econ\u00f3mico y tambi\u00e9n ambiental\u201d, destac\u00f3 la emprendedora.&nbsp;<\/p>\n\n\n\n<p>Durante lo que queda del a\u00f1o, Balloon Latam continuar\u00e1 desarrollando y acompa\u00f1ando a los emprendedores de los sectores rurales de La Araucan\u00eda, pasando por distintos programas que los guiar\u00e1n y les entregar\u00e1n las herramientas necesarias para formalizar sus negocios y emprendimientos, y con ello, seguir construyendo capital social desde las comunidades y desde el entendimiento de su contexto territorial.<\/p>\n\n\n\n<figure class=\"wp-block-image size-large\"><img loading=\"lazy\" decoding=\"async\" width=\"1000\" height=\"750\" src=\"https:\/\/temucotelevision.cl\/web\/wp-content\/uploads\/2024\/05\/Balloon2-1000x750.jpg\" alt=\"\" class=\"wp-image-50290\" srcset=\"https:\/\/temucotelevision.cl\/web\/wp-content\/uploads\/2024\/05\/Balloon2-1000x750.jpg 1000w, https:\/\/temucotelevision.cl\/web\/wp-content\/uploads\/2024\/05\/Balloon2-768x576.jpg 768w, https:\/\/temucotelevision.cl\/web\/wp-content\/uploads\/2024\/05\/Balloon2-1536x1152.jpg 1536w, https:\/\/temucotelevision.cl\/web\/wp-content\/uploads\/2024\/05\/Balloon2-2048x1536.jpg 2048w\" sizes=\"auto, (max-width: 1000px) 100vw, 1000px\" \/><\/figure>\n","protected":false},"excerpt":{"rendered":"<div class=\"pvc_clear\"><\/div>\n<p id=\"pvc_stats_50287\" class=\"pvc_stats total_only  \" data-element-id=\"50287\" style=\"\"><i class=\"pvc-stats-icon large\" aria-hidden=\"true\"><svg aria-hidden=\"true\" focusable=\"false\" data-prefix=\"far\" data-icon=\"chart-bar\" role=\"img\" xmlns=\"http:\/\/www.w3.org\/2000\/svg\" viewBox=\"0 0 512 512\" class=\"svg-inline--fa fa-chart-bar fa-w-16 fa-2x\"><path fill=\"currentColor\" d=\"M396.8 352h22.4c6.4 0 12.8-6.4 12.8-12.8V108.8c0-6.4-6.4-12.8-12.8-12.8h-22.4c-6.4 0-12.8 6.4-12.8 12.8v230.4c0 6.4 6.4 12.8 12.8 12.8zm-192 0h22.4c6.4 0 12.8-6.4 12.8-12.8V140.8c0-6.4-6.4-12.8-12.8-12.8h-22.4c-6.4 0-12.8 6.4-12.8 12.8v198.4c0 6.4 6.4 12.8 12.8 12.8zm96 0h22.4c6.4 0 12.8-6.4 12.8-12.8V204.8c0-6.4-6.4-12.8-12.8-12.8h-22.4c-6.4 0-12.8 6.4-12.8 12.8v134.4c0 6.4 6.4 12.8 12.8 12.8zM496 400H48V80c0-8.84-7.16-16-16-16H16C7.16 64 0 71.16 0 80v336c0 17.67 14.33 32 32 32h464c8.84 0 16-7.16 16-16v-16c0-8.84-7.16-16-16-16zm-387.2-48h22.4c6.4 0 12.8-6.4 12.8-12.8v-70.4c0-6.4-6.4-12.8-12.8-12.8h-22.4c-6.4 0-12.8 6.4-12.8 12.8v70.4c0 6.4 6.4 12.8 12.8 12.8z\" class=\"\"><\/path><\/svg><\/i> <img loading=\"lazy\" decoding=\"async\" width=\"16\" height=\"16\" alt=\"Loading\" src=\"https:\/\/temucotelevision.cl\/web\/wp-content\/plugins\/page-views-count\/ajax-loader-2x.gif\" border=0 \/><\/p>\n<div class=\"pvc_clear\"><\/div>\n<p>Ratificando su alto poder de convocatoria, la empresa social Balloon Latam finaliz\u00f3 con \u00e9xito el Balloon Internacional, realizado en las<\/p>\n","protected":false},"author":1,"featured_media":50288,"comment_status":"open","ping_status":"open","sticky":false,"template":"","format":"standard","meta":{"colormag_page_container_layout":"default_layout","colormag_page_sidebar_layout":"default_layout","footnotes":""},"categories":[15],"tags":[384],"class_list":["post-50287","post","type-post","status-publish","format-standard","has-post-thumbnail","hentry","category-la-araucania","tag-emprendedores"],"a3_pvc":{"activated":true,"total_views":1750,"today_views":0},"_links":{"self":[{"href":"https:\/\/temucotelevision.cl\/web\/wp-json\/wp\/v2\/posts\/50287","targetHints":{"allow":["GET"]}}],"collection":[{"href":"https:\/\/temucotelevision.cl\/web\/wp-json\/wp\/v2\/posts"}],"about":[{"href":"https:\/\/temucotelevision.cl\/web\/wp-json\/wp\/v2\/types\/post"}],"author":[{"embeddable":true,"href":"https:\/\/temucotelevision.cl\/web\/wp-json\/wp\/v2\/users\/1"}],"replies":[{"embeddable":true,"href":"https:\/\/temucotelevision.cl\/web\/wp-json\/wp\/v2\/comments?post=50287"}],"version-history":[{"count":2,"href":"https:\/\/temucotelevision.cl\/web\/wp-json\/wp\/v2\/posts\/50287\/revisions"}],"predecessor-version":[{"id":50314,"href":"https:\/\/temucotelevision.cl\/web\/wp-json\/wp\/v2\/posts\/50287\/revisions\/50314"}],"wp:featuredmedia":[{"embeddable":true,"href":"https:\/\/temucotelevision.cl\/web\/wp-json\/wp\/v2\/media\/50288"}],"wp:attachment":[{"href":"https:\/\/temucotelevision.cl\/web\/wp-json\/wp\/v2\/media?parent=50287"}],"wp:term":[{"taxonomy":"category","embeddable":true,"href":"https:\/\/temucotelevision.cl\/web\/wp-json\/wp\/v2\/categories?post=50287"},{"taxonomy":"post_tag","embeddable":true,"href":"https:\/\/temucotelevision.cl\/web\/wp-json\/wp\/v2\/tags?post=50287"}],"curies":[{"name":"wp","href":"https:\/\/api.w.org\/{rel}","templated":true}]}}