{"id":50283,"date":"2024-05-27T12:41:06","date_gmt":"2024-05-27T15:41:06","guid":{"rendered":"https:\/\/temucotelevision.cl\/web\/?p=50283"},"modified":"2024-05-27T12:41:07","modified_gmt":"2024-05-27T15:41:07","slug":"mes-del-cine-en-la-uct-ofrece-por-todo-junio-talleres-y-peliculas-gratuitas","status":"publish","type":"post","link":"https:\/\/temucotelevision.cl\/web\/2024\/05\/27\/mes-del-cine-en-la-uct-ofrece-por-todo-junio-talleres-y-peliculas-gratuitas\/","title":{"rendered":"Mes del Cine en la UCT ofrece por todo junio talleres y pel\u00edculas gratuitas"},"content":{"rendered":"<div class=\"pvc_clear\"><\/div><p id=\"pvc_stats_50283\" class=\"pvc_stats total_only  \" data-element-id=\"50283\" style=\"\"><i class=\"pvc-stats-icon large\" aria-hidden=\"true\"><svg aria-hidden=\"true\" focusable=\"false\" data-prefix=\"far\" data-icon=\"chart-bar\" role=\"img\" xmlns=\"http:\/\/www.w3.org\/2000\/svg\" viewBox=\"0 0 512 512\" class=\"svg-inline--fa fa-chart-bar fa-w-16 fa-2x\"><path fill=\"currentColor\" d=\"M396.8 352h22.4c6.4 0 12.8-6.4 12.8-12.8V108.8c0-6.4-6.4-12.8-12.8-12.8h-22.4c-6.4 0-12.8 6.4-12.8 12.8v230.4c0 6.4 6.4 12.8 12.8 12.8zm-192 0h22.4c6.4 0 12.8-6.4 12.8-12.8V140.8c0-6.4-6.4-12.8-12.8-12.8h-22.4c-6.4 0-12.8 6.4-12.8 12.8v198.4c0 6.4 6.4 12.8 12.8 12.8zm96 0h22.4c6.4 0 12.8-6.4 12.8-12.8V204.8c0-6.4-6.4-12.8-12.8-12.8h-22.4c-6.4 0-12.8 6.4-12.8 12.8v134.4c0 6.4 6.4 12.8 12.8 12.8zM496 400H48V80c0-8.84-7.16-16-16-16H16C7.16 64 0 71.16 0 80v336c0 17.67 14.33 32 32 32h464c8.84 0 16-7.16 16-16v-16c0-8.84-7.16-16-16-16zm-387.2-48h22.4c6.4 0 12.8-6.4 12.8-12.8v-70.4c0-6.4-6.4-12.8-12.8-12.8h-22.4c-6.4 0-12.8 6.4-12.8 12.8v70.4c0 6.4 6.4 12.8 12.8 12.8z\" class=\"\"><\/path><\/svg><\/i> <img loading=\"lazy\" decoding=\"async\" width=\"16\" height=\"16\" alt=\"Loading\" src=\"https:\/\/temucotelevision.cl\/web\/wp-content\/plugins\/page-views-count\/ajax-loader-2x.gif\" border=0 \/><\/p><div class=\"pvc_clear\"><\/div>\n<p><em>El Portal Art\u00edstico Aula Magna UCT entregar\u00e1 cada mi\u00e9rcoles a las 19 horas una muestra de cine chileno, entre ellas, pel\u00edculas de culto que cumplen 100 a\u00f1os, tem\u00e1tica ind\u00edgena, as\u00ed como talleres abiertos a la comunidad para acercarse al s\u00e9ptimo arte con expertos nacionales.<\/em><\/p>\n\n\n\n<p>Con talleres sobre la historia del cine y restauraci\u00f3n f\u00edlmica dirigidos por Jaime C\u00f3rdova, cineasta porte\u00f1o que ha contribuido de manera significativa a la restauraci\u00f3n y descubrimiento de pel\u00edculas perdidas, comienza en junio el Mes del Cine en la Universidad Cat\u00f3lica de Temuco.<\/p>\n\n\n\n<p>Organizado por el Portal Art\u00edstico Aula Magna UCT, durante cuatro semanas habr\u00e1 muestras de pel\u00edculas o documentales, as\u00ed como espacios para aprender m\u00e1s del s\u00e9ptimo arte, que comenzar\u00e1 la celebraci\u00f3n con la visita del director del Festival de Cine Recobrado de Valpara\u00edso y de la Cinemateca del Pac\u00edfico en la hist\u00f3rica ciudad porte\u00f1a.&nbsp;<\/p>\n\n\n\n<p><strong>Talleres gratuitos sobre historia y restauraci\u00f3n<\/strong><\/p>\n\n\n\n<p>Espec\u00edficamente, el martes 4 de julio comienza el &#8220;Taller de Historia del Cine&#8221;, dictado por C\u00f3rdova, el cual se realizar\u00e1 de manera gratuita (previa inscripci\u00f3n ingresando aqu\u00ed) de 10 a 17 horas en el Audtiorio H2 del Campus San Francisco UCT, donde se har\u00e1 un recorrido por los pioneros, t\u00edtulos m\u00edticos, g\u00e9neros cinematogr\u00e1ficos, todo a trav\u00e9s de un an\u00e1lisis cr\u00edtico.<\/p>\n\n\n\n<p>El mi\u00e9rcoles 5, esta vez en el Aula Magna UCT, habr\u00e1 un &#8220;Taller de Restauraci\u00f3n F\u00edlmica&#8221;, de 10 a 17 horas -tambi\u00e9n con previa inscripci\u00f3n-, el cual entregar\u00e1 detalles t\u00e9cnicos que deben ser considerados al momento de rescatar y restaurar una pel\u00edcula, desde soportes a c\u00f3mo enfrentar da\u00f1os causados por la humedad y el calor en las pel\u00edculas, y c\u00f3mo estas se descomponen.<\/p>\n\n\n\n<p>El mismo mi\u00e9rcoles a las 19 horas Jaime C\u00f3rdova presentar\u00e1 &#8220;Cortometrajes hist\u00f3ricos chilenos&#8221;, donde \u00e9l oficiar\u00e1 de presentador, dando cuenta de la relevancia de obras como \u201cLa transmisi\u00f3n del mando supremo (1921)\u201d, primer cortometraje animado de la historia del cine chileno; \u201cVisita de la Escuadra Norteamericana (1921)\u201d, documental que registra la visita de marinos norteamericanos a Valpara\u00edso; e \u201cIncendio (1926)\u201d, una de las cuatro pel\u00edculas argumentales que han sobrevivido de la etapa del cine mudo chileno.<\/p>\n\n\n\n<p><strong>Taller de cine autobiogr\u00e1fico&nbsp;<\/strong><\/p>\n\n\n\n<p>La segunda semana de junio tendr\u00e1 lugar el mi\u00e9rcoles 12 a las 19 horas, con la exhibici\u00f3n del cortometraje &#8220;La Lila&#8221;, dirigido por Paulina Soto, as\u00ed como el largometraje &#8220;Ficci\u00f3n Privada&#8221; de Andr\u00e9s Di Tella.&nbsp;<\/p>\n\n\n\n<p>El jueves 13, con previa inscripci\u00f3n aqu\u00ed, se dar\u00e1 &#8220;Porfiar como M\u00e9todo&#8221;, taller de realizaci\u00f3n f\u00edlmica autobiogr\u00e1fica dictado por Objeto Imposible, donde sus participantes crear\u00e1n una pel\u00edcula autobiogr\u00e1fica trabajando con la intimidad y la creaci\u00f3n de dispositivos f\u00edlmicos a partir del uso, intervenci\u00f3n y resemantizaci\u00f3n del archivo personal o p\u00fablico. La duraci\u00f3n de las pel\u00edculas es de cinco minutos por participantes, y se realizan (im\u00e1genes, sonidos, textos y el montaje de estos) durante las dos sesiones del workshop. El taller se dictar\u00e1 hasta el viernes 14, para luego exhibir los trabajos de los estudiantes ese mismo d\u00eda a las 19 horas en el auditorio H2.<\/p>\n\n\n\n<p><strong>Celebraci\u00f3n WeTripantu con cine mapuche<\/strong><\/p>\n\n\n\n<p>En colaboraci\u00f3n con Treile Media, el mes del Cine en la UCT celebrar\u00e1 el W\u00fc\u00f1ol tripantu con una programaci\u00f3n con tem\u00e1tica mapuche y desde autor\u00edas mapuche. El mi\u00e9rcoles 19 de junio a las 19 horas en el Aula Magna se exhibir\u00e1n tres cortometrajes que no han sido estrenados en las salas que programan cine en Temuco y que dan cuenta de la diversidad propia del pueblo ind\u00edgena.&nbsp;<\/p>\n\n\n\n<p>Se trata de dos realizadoras mapuche con sus proyectos personales y un grupo de lamngen con un proyecto comunitario hacen parte de esta trilog\u00eda w\u00fc\u00f1ol tripantu. Hablamos de \u201cLa ra\u00edz de mis d\u00edas (2021)\u201d, dirigida por Katherine Antivilo; \u201cNotas para el futuro (2022)\u201d dirigida por Karin Cuyul; y \u201cInchi\u00f1\/nosotros (2022)\u201d dirigida por Ailen Herradon. Las propuestas abarcan la migraci\u00f3n campo-ciudad, el cuestionamiento de los roles de g\u00e9nero entre diversas generaciones de mapuche, as\u00ed como retratar la diversidad de experiencias en el territorio mapuche<\/p>\n\n\n\n<p><strong>Cine chileno<\/strong><\/p>\n\n\n\n<p>Finalmente, el Mes del Cine UCT termina el mi\u00e9rcoles 26 de junio en el Aula Magna UCT con la exhibici\u00f3n de dos producciones de Francisco Rodr\u00edguez, artista y cineasta chileno afincado en Francia, quien desde 2015 ha estado creando obras y exhibi\u00e9ndolas tanto en circuitos de festivales de cine como en contextos de arte contempor\u00e1neo. Su obra explora la opacidad de la violencia, las huellas de los muertos en el mundo de los vivos, las tradiciones orales y su intersecci\u00f3n con la memoria personal y los mitos populares. Eso se podr\u00e1 ver tanto en el cortometraje &#8220;Una luna de Hierro (2017)&#8221; y el largometraje &#8220;Otro Sol (2023)&#8221;. La actividad terminar\u00e1 con un conversatorio junto a Mar\u00eda Jos\u00e9 Ventura, productora de ambas pel\u00edculas.<\/p>\n\n\n\n<p>Para revisar la programaci\u00f3n en espec\u00edfico y hacer consultas, pueden ingresar a la cuenta de Instagram @extension.uctemuco<\/p>\n\n\n\n<figure class=\"wp-block-image size-large\"><img loading=\"lazy\" decoding=\"async\" width=\"1000\" height=\"1000\" src=\"https:\/\/temucotelevision.cl\/web\/wp-content\/uploads\/2024\/05\/post-cine_Mesa-de-trabajo-1-1-1000x1000.png\" alt=\"\" class=\"wp-image-50285\" srcset=\"https:\/\/temucotelevision.cl\/web\/wp-content\/uploads\/2024\/05\/post-cine_Mesa-de-trabajo-1-1-1000x1000.png 1000w, https:\/\/temucotelevision.cl\/web\/wp-content\/uploads\/2024\/05\/post-cine_Mesa-de-trabajo-1-1-768x768.png 768w, https:\/\/temucotelevision.cl\/web\/wp-content\/uploads\/2024\/05\/post-cine_Mesa-de-trabajo-1-1-1536x1536.png 1536w, https:\/\/temucotelevision.cl\/web\/wp-content\/uploads\/2024\/05\/post-cine_Mesa-de-trabajo-1-1-2048x2048.png 2048w, https:\/\/temucotelevision.cl\/web\/wp-content\/uploads\/2024\/05\/post-cine_Mesa-de-trabajo-1-1-150x150.png 150w\" sizes=\"auto, (max-width: 1000px) 100vw, 1000px\" \/><\/figure>\n","protected":false},"excerpt":{"rendered":"<div class=\"pvc_clear\"><\/div>\n<p id=\"pvc_stats_50283\" class=\"pvc_stats total_only  \" data-element-id=\"50283\" style=\"\"><i class=\"pvc-stats-icon large\" aria-hidden=\"true\"><svg aria-hidden=\"true\" focusable=\"false\" data-prefix=\"far\" data-icon=\"chart-bar\" role=\"img\" xmlns=\"http:\/\/www.w3.org\/2000\/svg\" viewBox=\"0 0 512 512\" class=\"svg-inline--fa fa-chart-bar fa-w-16 fa-2x\"><path fill=\"currentColor\" d=\"M396.8 352h22.4c6.4 0 12.8-6.4 12.8-12.8V108.8c0-6.4-6.4-12.8-12.8-12.8h-22.4c-6.4 0-12.8 6.4-12.8 12.8v230.4c0 6.4 6.4 12.8 12.8 12.8zm-192 0h22.4c6.4 0 12.8-6.4 12.8-12.8V140.8c0-6.4-6.4-12.8-12.8-12.8h-22.4c-6.4 0-12.8 6.4-12.8 12.8v198.4c0 6.4 6.4 12.8 12.8 12.8zm96 0h22.4c6.4 0 12.8-6.4 12.8-12.8V204.8c0-6.4-6.4-12.8-12.8-12.8h-22.4c-6.4 0-12.8 6.4-12.8 12.8v134.4c0 6.4 6.4 12.8 12.8 12.8zM496 400H48V80c0-8.84-7.16-16-16-16H16C7.16 64 0 71.16 0 80v336c0 17.67 14.33 32 32 32h464c8.84 0 16-7.16 16-16v-16c0-8.84-7.16-16-16-16zm-387.2-48h22.4c6.4 0 12.8-6.4 12.8-12.8v-70.4c0-6.4-6.4-12.8-12.8-12.8h-22.4c-6.4 0-12.8 6.4-12.8 12.8v70.4c0 6.4 6.4 12.8 12.8 12.8z\" class=\"\"><\/path><\/svg><\/i> <img loading=\"lazy\" decoding=\"async\" width=\"16\" height=\"16\" alt=\"Loading\" src=\"https:\/\/temucotelevision.cl\/web\/wp-content\/plugins\/page-views-count\/ajax-loader-2x.gif\" border=0 \/><\/p>\n<div class=\"pvc_clear\"><\/div>\n<p>El Portal Art\u00edstico Aula Magna UCT entregar\u00e1 cada mi\u00e9rcoles a las 19 horas una muestra de cine chileno, entre ellas,<\/p>\n","protected":false},"author":1,"featured_media":50284,"comment_status":"open","ping_status":"open","sticky":false,"template":"","format":"standard","meta":{"colormag_page_container_layout":"default_layout","colormag_page_sidebar_layout":"default_layout","footnotes":""},"categories":[86],"tags":[626],"class_list":["post-50283","post","type-post","status-publish","format-standard","has-post-thumbnail","hentry","category-panoramas","tag-cine"],"a3_pvc":{"activated":true,"total_views":818,"today_views":0},"_links":{"self":[{"href":"https:\/\/temucotelevision.cl\/web\/wp-json\/wp\/v2\/posts\/50283","targetHints":{"allow":["GET"]}}],"collection":[{"href":"https:\/\/temucotelevision.cl\/web\/wp-json\/wp\/v2\/posts"}],"about":[{"href":"https:\/\/temucotelevision.cl\/web\/wp-json\/wp\/v2\/types\/post"}],"author":[{"embeddable":true,"href":"https:\/\/temucotelevision.cl\/web\/wp-json\/wp\/v2\/users\/1"}],"replies":[{"embeddable":true,"href":"https:\/\/temucotelevision.cl\/web\/wp-json\/wp\/v2\/comments?post=50283"}],"version-history":[{"count":1,"href":"https:\/\/temucotelevision.cl\/web\/wp-json\/wp\/v2\/posts\/50283\/revisions"}],"predecessor-version":[{"id":50286,"href":"https:\/\/temucotelevision.cl\/web\/wp-json\/wp\/v2\/posts\/50283\/revisions\/50286"}],"wp:featuredmedia":[{"embeddable":true,"href":"https:\/\/temucotelevision.cl\/web\/wp-json\/wp\/v2\/media\/50284"}],"wp:attachment":[{"href":"https:\/\/temucotelevision.cl\/web\/wp-json\/wp\/v2\/media?parent=50283"}],"wp:term":[{"taxonomy":"category","embeddable":true,"href":"https:\/\/temucotelevision.cl\/web\/wp-json\/wp\/v2\/categories?post=50283"},{"taxonomy":"post_tag","embeddable":true,"href":"https:\/\/temucotelevision.cl\/web\/wp-json\/wp\/v2\/tags?post=50283"}],"curies":[{"name":"wp","href":"https:\/\/api.w.org\/{rel}","templated":true}]}}