{"id":50273,"date":"2024-05-26T18:13:57","date_gmt":"2024-05-26T21:13:57","guid":{"rendered":"https:\/\/temucotelevision.cl\/web\/?p=50273"},"modified":"2024-05-27T12:37:25","modified_gmt":"2024-05-27T15:37:25","slug":"abu-y-bu-es-la-nueva-apuesta-escenica-de-jordi-regot-marionetas","status":"publish","type":"post","link":"https:\/\/temucotelevision.cl\/web\/2024\/05\/26\/abu-y-bu-es-la-nueva-apuesta-escenica-de-jordi-regot-marionetas\/","title":{"rendered":"\u201cAbu y Bu\u201d es la nueva apuesta esc\u00e9nica de Jordi Regot Marionetas"},"content":{"rendered":"<div class=\"pvc_clear\"><\/div><p id=\"pvc_stats_50273\" class=\"pvc_stats total_only  \" data-element-id=\"50273\" style=\"\"><i class=\"pvc-stats-icon large\" aria-hidden=\"true\"><svg aria-hidden=\"true\" focusable=\"false\" data-prefix=\"far\" data-icon=\"chart-bar\" role=\"img\" xmlns=\"http:\/\/www.w3.org\/2000\/svg\" viewBox=\"0 0 512 512\" class=\"svg-inline--fa fa-chart-bar fa-w-16 fa-2x\"><path fill=\"currentColor\" d=\"M396.8 352h22.4c6.4 0 12.8-6.4 12.8-12.8V108.8c0-6.4-6.4-12.8-12.8-12.8h-22.4c-6.4 0-12.8 6.4-12.8 12.8v230.4c0 6.4 6.4 12.8 12.8 12.8zm-192 0h22.4c6.4 0 12.8-6.4 12.8-12.8V140.8c0-6.4-6.4-12.8-12.8-12.8h-22.4c-6.4 0-12.8 6.4-12.8 12.8v198.4c0 6.4 6.4 12.8 12.8 12.8zm96 0h22.4c6.4 0 12.8-6.4 12.8-12.8V204.8c0-6.4-6.4-12.8-12.8-12.8h-22.4c-6.4 0-12.8 6.4-12.8 12.8v134.4c0 6.4 6.4 12.8 12.8 12.8zM496 400H48V80c0-8.84-7.16-16-16-16H16C7.16 64 0 71.16 0 80v336c0 17.67 14.33 32 32 32h464c8.84 0 16-7.16 16-16v-16c0-8.84-7.16-16-16-16zm-387.2-48h22.4c6.4 0 12.8-6.4 12.8-12.8v-70.4c0-6.4-6.4-12.8-12.8-12.8h-22.4c-6.4 0-12.8 6.4-12.8 12.8v70.4c0 6.4 6.4 12.8 12.8 12.8z\" class=\"\"><\/path><\/svg><\/i> <img loading=\"lazy\" decoding=\"async\" width=\"16\" height=\"16\" alt=\"Loading\" src=\"https:\/\/temucotelevision.cl\/web\/wp-content\/plugins\/page-views-count\/ajax-loader-2x.gif\" border=0 \/><\/p><div class=\"pvc_clear\"><\/div>\n<p class=\"has-medium-font-size\"><strong>En pleno proceso de producci\u00f3n se encuentra en estos momentos la nueva obra del experimentado marionetista espa\u00f1ol, la cual aborda una conmovedora historia entre un ni\u00f1o -Tom\u00e1s- y sus dos abuelos, y que a su vez devela parte de nuestra historia como pa\u00eds. <\/strong><\/p>\n\n\n\n<p class=\"has-medium-font-size\"><strong>Para m\u00e1s detalles de \u201cAbu y Bu\u201d, procesos, avances e informaci\u00f3n general, visitar la cuenta de Instagram @jordiregotmarionetas.<\/strong><\/p>\n\n\n\n<p>Hace unos d\u00edas parti\u00f3 el proceso de montaje de la obra <strong>\u201cAbu y Bu\u201d,<\/strong> nuevo proyecto esc\u00e9nico del reconocido marionetista espa\u00f1ol -radicado en <strong>Coronel<\/strong>, comuna carbon\u00edfera del <strong>Biob\u00edo- Jordi Regot,<\/strong> quien con el apoyo del<strong> Ministerio de las Culturas, las Artes y el Patrimonio<\/strong>, a trav\u00e9s del <strong>Fondart Regional <\/strong>convocatoria 2024, y junto a un equipo multidisciplinario tambi\u00e9n de la zona, estrenar\u00e1n esta propuesta durante el segundo semestre en diversos espacios culturales de las tres provincias de la <strong>Octava Regi\u00f3n.<\/strong><\/p>\n\n\n\n<p>Esta emotiva y conmovedora obra, la decimoctava dentro de los 34 a\u00f1os de trayectoria de <strong>Regot -ya sea en Espa\u00f1a con Trac-Trac Teatre<\/strong> como en <strong>Chile como Jordi Regot Marionetas<\/strong>&#8211; est\u00e1 destinada para las infancias y con un objetivo pedag\u00f3gico. Es decir, busca ense\u00f1ar a los m\u00e1s peque\u00f1os a identificar mejor sus emociones y expresarlas,<strong> \u201cya que es muy enriquecedor para las ni\u00f1as y ni\u00f1os ver, como espectadores, situaciones reconocibles y emociones que ellos mismos pueden sentir en su vida diaria y que quiz\u00e1s no sepan expresar. Ver estas acciones reflejadas en una obra, les ayuda a afrontar los posibles problemas del d\u00eda a d\u00eda, pues se ven reflejadas en las peripecias que los personajes viven en escena, donde estos buscan siempre una soluci\u00f3n a los problemas que les van surgiendo a lo largo del transcurso de la trama de la obra. Paralelamente, promueve valores vinculados al respeto, solidaridad, tolerancia, y a luchar por las propias creencias\u201d,<\/strong> cuenta Regot.<\/p>\n\n\n\n<p>Sobre lo que trata la historia en s\u00ed de<strong> \u201cAbu y Bu\u201d<\/strong>, esta parte de una <strong>realidad extendida por Chile:<\/strong> la de los menores que no viven en compa\u00f1\u00eda de alguno de sus progenitores. En este caso Tom\u00e1s, el ni\u00f1o protagonista del montaje, a quien su padre abandon\u00f3 y nunca reconoci\u00f3\u0301, vive con su abuelo materno puesto que su madre debe trabajar lejos para poder mantenerlos. Debido a esto el ni\u00f1o tan solo puede ver a su mam\u00e1 en contadas ocasiones.<\/p>\n\n\n\n<figure class=\"wp-block-image alignleft size-large is-resized\"><img loading=\"lazy\" decoding=\"async\" width=\"563\" height=\"1000\" src=\"https:\/\/temucotelevision.cl\/web\/wp-content\/uploads\/2024\/05\/Obra-1-563x1000.jpg\" alt=\"\" class=\"wp-image-50276\" style=\"width:373px;height:auto\" srcset=\"https:\/\/temucotelevision.cl\/web\/wp-content\/uploads\/2024\/05\/Obra-1-563x1000.jpg 563w, https:\/\/temucotelevision.cl\/web\/wp-content\/uploads\/2024\/05\/Obra-1-1688x3000.jpg 1688w, https:\/\/temucotelevision.cl\/web\/wp-content\/uploads\/2024\/05\/Obra-1-768x1365.jpg 768w, https:\/\/temucotelevision.cl\/web\/wp-content\/uploads\/2024\/05\/Obra-1-864x1536.jpg 864w, https:\/\/temucotelevision.cl\/web\/wp-content\/uploads\/2024\/05\/Obra-1-1152x2048.jpg 1152w, https:\/\/temucotelevision.cl\/web\/wp-content\/uploads\/2024\/05\/Obra-1-scaled.jpg 1440w\" sizes=\"auto, (max-width: 563px) 100vw, 563px\" \/><\/figure>\n\n\n\n<p>As\u00ed la dramaturgia aborda la convivencia de nietos con los abuelos. Esta relaci\u00f3n familiar donde la brecha intergeneracional entre el abuelo que <strong>\u201csustituye\u201d al padre\/madre<\/strong> (en muchos casos hijos de madres solteras o con maridos ausentes) y el nieto que no conoce al pap\u00e1; constituye un elemento presente en la obra manifest\u00e1ndose como falta de entendimiento por ambas partes debido a la diferencia de las vivencias y actividades propias de cada uno donde, \u201cpor lo general, los mayores trasladan las vivencias de su infancia a la de sus nietos que poco o nada tienen que ver con ello, todo lo cual termina dificultando la relaci\u00f3n. <\/p>\n\n\n\n<p class=\"has-medium-font-size\"><strong>Mezcla de t\u00e9cnicas y experiencias<\/strong><\/p>\n\n\n\n<p>Hay que destacar que este proyecto es fruto del intercambio de diferentes visiones y t\u00e9cnicas respecto a la creaci\u00f3n de y con t\u00edteres, cruce de experiencias entre dos creadores con larga trayectoria: <strong>C\u00e9sar Parra (Chill\u00e1n, Chile) y Jorge Regot (Barcelona, Espa\u00f1a)<\/strong>, ambos son el sustento creativo principal del proyecto y que complementan sus conocimientos para montar una novedosa y atractiva <\/p>\n\n\n\n<p>En este sentido, el proyecto pretende la concreci\u00f3n de una obra de marionetas en un formato poco habitual, ya que considera la mezcla de distintas t\u00e9cnicas y elementos esc\u00e9nicos como el uso de caja negra, espacio sobre mesa, luz negra, t\u00edteres fabricados de distintos materiales, sombras chinas, entre otros. Una constante b\u00fasqueda de la teatralidad en su dramaturgia, interpretaci\u00f3n y ambientaciones musicales; todo lo cual se desarrollar\u00e1 en un espacio reducido que permitir\u00e1\u0301 una experiencia inmersiva para el espectador.<\/p>\n\n\n\n<p class=\"has-medium-font-size\"><strong>Por las tres provincias de la Regi\u00f3n<\/strong><\/p>\n\n\n\n<p>Tras terminar de confeccionar a los protagonistas del montaje -lo cual se dar\u00e1 entre mayo y julio- se realizar\u00e1 un proceso de audici\u00f3n o casting para dar con una o uno de los manipuladores de los t\u00edteres o marionetas de la obra, instancia que ser\u00e1 abierta e intensiva de dos d\u00edas en el <strong>Teatro Biob\u00edo<\/strong>. Convocatoria que se har\u00e1 tambi\u00e9n junto a <strong>Sidarte y Atich (Asociaci\u00f3n de Titiriteros de Chile).<\/strong><\/p>\n\n\n\n<p>Posteriormente, en <strong>agosto y primeros d\u00edas de septiembre tendr\u00e1n lugar en Coronel, la etapa de ensayos y luego el 10 de septiembre se realizar\u00eda el esperado estreno de \u201cAbu y Bu\u201d <\/strong>en un espacio cultural del Biob\u00edo por confirmar. Las fechas que est\u00e1n confirmadas hasta el momento son el <strong>26 de septiembre en la sala de teatro de la Ucsc, 1 de octubre en la Casa de la Cultura de Chiguayante y el 3 de Octubre en el Centro Cultural de Arauco. <\/strong>Tambi\u00e9n est\u00e1n contempladas funciones en las comunas de <strong>Los \u00c1ngeles, Curanilahue y Nacimiento, las cuales pr\u00f3ximamente ser\u00e1n anunciadas.<\/strong><\/p>\n\n\n\n<p><\/p>\n","protected":false},"excerpt":{"rendered":"<div class=\"pvc_clear\"><\/div>\n<p id=\"pvc_stats_50273\" class=\"pvc_stats total_only  \" data-element-id=\"50273\" style=\"\"><i class=\"pvc-stats-icon large\" aria-hidden=\"true\"><svg aria-hidden=\"true\" focusable=\"false\" data-prefix=\"far\" data-icon=\"chart-bar\" role=\"img\" xmlns=\"http:\/\/www.w3.org\/2000\/svg\" viewBox=\"0 0 512 512\" class=\"svg-inline--fa fa-chart-bar fa-w-16 fa-2x\"><path fill=\"currentColor\" d=\"M396.8 352h22.4c6.4 0 12.8-6.4 12.8-12.8V108.8c0-6.4-6.4-12.8-12.8-12.8h-22.4c-6.4 0-12.8 6.4-12.8 12.8v230.4c0 6.4 6.4 12.8 12.8 12.8zm-192 0h22.4c6.4 0 12.8-6.4 12.8-12.8V140.8c0-6.4-6.4-12.8-12.8-12.8h-22.4c-6.4 0-12.8 6.4-12.8 12.8v198.4c0 6.4 6.4 12.8 12.8 12.8zm96 0h22.4c6.4 0 12.8-6.4 12.8-12.8V204.8c0-6.4-6.4-12.8-12.8-12.8h-22.4c-6.4 0-12.8 6.4-12.8 12.8v134.4c0 6.4 6.4 12.8 12.8 12.8zM496 400H48V80c0-8.84-7.16-16-16-16H16C7.16 64 0 71.16 0 80v336c0 17.67 14.33 32 32 32h464c8.84 0 16-7.16 16-16v-16c0-8.84-7.16-16-16-16zm-387.2-48h22.4c6.4 0 12.8-6.4 12.8-12.8v-70.4c0-6.4-6.4-12.8-12.8-12.8h-22.4c-6.4 0-12.8 6.4-12.8 12.8v70.4c0 6.4 6.4 12.8 12.8 12.8z\" class=\"\"><\/path><\/svg><\/i> <img loading=\"lazy\" decoding=\"async\" width=\"16\" height=\"16\" alt=\"Loading\" src=\"https:\/\/temucotelevision.cl\/web\/wp-content\/plugins\/page-views-count\/ajax-loader-2x.gif\" border=0 \/><\/p>\n<div class=\"pvc_clear\"><\/div>\n<p>En pleno proceso de producci\u00f3n se encuentra en estos momentos la nueva obra del experimentado marionetista espa\u00f1ol, la cual aborda<\/p>\n","protected":false},"author":143,"featured_media":50274,"comment_status":"open","ping_status":"open","sticky":false,"template":"","format":"standard","meta":{"colormag_page_container_layout":"default_layout","colormag_page_sidebar_layout":"default_layout","footnotes":""},"categories":[101,86],"tags":[],"class_list":["post-50273","post","type-post","status-publish","format-standard","has-post-thumbnail","hentry","category-actualidad","category-panoramas"],"a3_pvc":{"activated":true,"total_views":956,"today_views":0},"_links":{"self":[{"href":"https:\/\/temucotelevision.cl\/web\/wp-json\/wp\/v2\/posts\/50273","targetHints":{"allow":["GET"]}}],"collection":[{"href":"https:\/\/temucotelevision.cl\/web\/wp-json\/wp\/v2\/posts"}],"about":[{"href":"https:\/\/temucotelevision.cl\/web\/wp-json\/wp\/v2\/types\/post"}],"author":[{"embeddable":true,"href":"https:\/\/temucotelevision.cl\/web\/wp-json\/wp\/v2\/users\/143"}],"replies":[{"embeddable":true,"href":"https:\/\/temucotelevision.cl\/web\/wp-json\/wp\/v2\/comments?post=50273"}],"version-history":[{"count":3,"href":"https:\/\/temucotelevision.cl\/web\/wp-json\/wp\/v2\/posts\/50273\/revisions"}],"predecessor-version":[{"id":50282,"href":"https:\/\/temucotelevision.cl\/web\/wp-json\/wp\/v2\/posts\/50273\/revisions\/50282"}],"wp:featuredmedia":[{"embeddable":true,"href":"https:\/\/temucotelevision.cl\/web\/wp-json\/wp\/v2\/media\/50274"}],"wp:attachment":[{"href":"https:\/\/temucotelevision.cl\/web\/wp-json\/wp\/v2\/media?parent=50273"}],"wp:term":[{"taxonomy":"category","embeddable":true,"href":"https:\/\/temucotelevision.cl\/web\/wp-json\/wp\/v2\/categories?post=50273"},{"taxonomy":"post_tag","embeddable":true,"href":"https:\/\/temucotelevision.cl\/web\/wp-json\/wp\/v2\/tags?post=50273"}],"curies":[{"name":"wp","href":"https:\/\/api.w.org\/{rel}","templated":true}]}}