{"id":50263,"date":"2024-05-25T23:29:34","date_gmt":"2024-05-26T02:29:34","guid":{"rendered":"https:\/\/temucotelevision.cl\/web\/?p=50263"},"modified":"2024-05-25T23:30:13","modified_gmt":"2024-05-26T02:30:13","slug":"el-rock-argentino-de-andres-calamaro-llega-a-temuco-compra-tus-entradas","status":"publish","type":"post","link":"https:\/\/temucotelevision.cl\/web\/2024\/05\/25\/el-rock-argentino-de-andres-calamaro-llega-a-temuco-compra-tus-entradas\/","title":{"rendered":"El Rock Argentino de Andr\u00e9s Calamaro llega a Temuco: Compra tus entradas"},"content":{"rendered":"<div class=\"pvc_clear\"><\/div><p id=\"pvc_stats_50263\" class=\"pvc_stats total_only  \" data-element-id=\"50263\" style=\"\"><i class=\"pvc-stats-icon large\" aria-hidden=\"true\"><svg aria-hidden=\"true\" focusable=\"false\" data-prefix=\"far\" data-icon=\"chart-bar\" role=\"img\" xmlns=\"http:\/\/www.w3.org\/2000\/svg\" viewBox=\"0 0 512 512\" class=\"svg-inline--fa fa-chart-bar fa-w-16 fa-2x\"><path fill=\"currentColor\" d=\"M396.8 352h22.4c6.4 0 12.8-6.4 12.8-12.8V108.8c0-6.4-6.4-12.8-12.8-12.8h-22.4c-6.4 0-12.8 6.4-12.8 12.8v230.4c0 6.4 6.4 12.8 12.8 12.8zm-192 0h22.4c6.4 0 12.8-6.4 12.8-12.8V140.8c0-6.4-6.4-12.8-12.8-12.8h-22.4c-6.4 0-12.8 6.4-12.8 12.8v198.4c0 6.4 6.4 12.8 12.8 12.8zm96 0h22.4c6.4 0 12.8-6.4 12.8-12.8V204.8c0-6.4-6.4-12.8-12.8-12.8h-22.4c-6.4 0-12.8 6.4-12.8 12.8v134.4c0 6.4 6.4 12.8 12.8 12.8zM496 400H48V80c0-8.84-7.16-16-16-16H16C7.16 64 0 71.16 0 80v336c0 17.67 14.33 32 32 32h464c8.84 0 16-7.16 16-16v-16c0-8.84-7.16-16-16-16zm-387.2-48h22.4c6.4 0 12.8-6.4 12.8-12.8v-70.4c0-6.4-6.4-12.8-12.8-12.8h-22.4c-6.4 0-12.8 6.4-12.8 12.8v70.4c0 6.4 6.4 12.8 12.8 12.8z\" class=\"\"><\/path><\/svg><\/i> <img loading=\"lazy\" decoding=\"async\" width=\"16\" height=\"16\" alt=\"Loading\" src=\"https:\/\/temucotelevision.cl\/web\/wp-content\/plugins\/page-views-count\/ajax-loader-2x.gif\" border=0 \/><\/p><div class=\"pvc_clear\"><\/div>\n<p>El rock argentino del exl\u00edder de &#8220;Los Rodr\u00edguez&#8221; sonar\u00e1 fuerte el pr\u00f3ximo 12 de octubre en el Gimnasio Ol\u00edmpico de la UFRO. Los tickets est\u00e1n disponibles a trav\u00e9s de Passline.<\/p>\n\n\n\n<p>La espera ha terminado: el crack del rock argentino aterriza en La Araucan\u00eda. Andr\u00e9s Calamaro ha confirmado un concierto en la ciudad de Temuco.<\/p>\n\n\n\n<p>La presentaci\u00f3n se llevar\u00e1 a cabo el pr\u00f3ximo 12 de octubre en el Gimnasio Ol\u00edmpico de la Universidad de La Frontera (Ufro) y se da en el contexto de su esperada gira &#8220;Agenda 1999 Tour&#8221;.<\/p>\n\n\n\n<p>El evento, que partir\u00e1 a las 20:00 horas, promete ser una noche inolvidable en la que los fan\u00e1ticos podr\u00e1n disfrutar de sus grandes \u00e9xitos, justo en el contexto del 25 aniversario del lanzamiento de su ic\u00f3nico \u00e1lbum &#8220;Honestidad Brutal&#8221;, del a\u00f1o 1999.<\/p>\n\n\n\n<p>Calamaro llega a Temuco de la mano de Agencia K10. Jos\u00e9 Manuel Tapia, productor de K10, dijo estar feliz y orgulloso de que Temuco sea una parada para el destacado cantautor argentino.<\/p>\n\n\n\n<p>&#8220;Estamos contentos de poder traer a este tremendo artista en una gira por el sur de Chile y que considere a Temuco como uno de sus conciertos principales. El Gimnasio Ol\u00edmpico ha sido nuestro lugar para conciertos masivos y de seguro se llenar\u00e1, tal como ocurri\u00f3 con Damas Gratis, Los Pericos y otras bandas exitosas&#8221;, coment\u00f3 Tapia.<\/p>\n\n\n\n<p>ENTRADAS<\/p>\n\n\n\n<p>Las entradas para el show de Calamaro en Temuco el pr\u00f3ximo 12 de octubre se lanzaron a la venta hoy viernes 24 de mayo, a trav\u00e9s de la plataforma Passline.<\/p>\n\n\n\n<p>El productor de K10, Marcelo Travieso, hizo un llamado a comprar los tickets desde ya para &#8220;asegurar la mejor ubicaci\u00f3n&#8221;.<\/p>\n\n\n\n<p>&#8220;Estamos habilitando todos los espacios del Gimnasio Ol\u00edmpico de la Ufro. Vamos a tener seguridad privada, un escenario con la mejor amplificaci\u00f3n e iluminaci\u00f3n. Estamos hablando de un concierto de nivel internacional, por lo que estamos orgullosos de ser la agencia que lo trae. Calamaro en Temuco era algo impensado hace a\u00f1os atr\u00e1s, hoy es posible. Ser\u00e1 incre\u00edble&#8221;, manifest\u00f3 Travieso.<\/p>\n\n\n\n<p>As\u00ed las cosas, la voz de Los Rodr\u00edguez y de \u00e9xitos como como &#8220;Flaca&#8221;, &#8220;Te quiero igual&#8221; y &#8220;Paloma&#8221; sonar\u00e1 fuerte en el Gimnasio Ol\u00edmpico de la Ufro, el pr\u00f3ximo 12 de octubre.<\/p>\n\n\n\n<figure class=\"wp-block-image size-large\"><img loading=\"lazy\" decoding=\"async\" width=\"1000\" height=\"1000\" src=\"https:\/\/temucotelevision.cl\/web\/wp-content\/uploads\/2024\/05\/Andres-Calamaro-1-1000x1000.jpeg\" alt=\"\" class=\"wp-image-50265\" srcset=\"https:\/\/temucotelevision.cl\/web\/wp-content\/uploads\/2024\/05\/Andres-Calamaro-1-1000x1000.jpeg 1000w, https:\/\/temucotelevision.cl\/web\/wp-content\/uploads\/2024\/05\/Andres-Calamaro-1-768x768.jpeg 768w, https:\/\/temucotelevision.cl\/web\/wp-content\/uploads\/2024\/05\/Andres-Calamaro-1-1536x1536.jpeg 1536w, https:\/\/temucotelevision.cl\/web\/wp-content\/uploads\/2024\/05\/Andres-Calamaro-1-150x150.jpeg 150w, https:\/\/temucotelevision.cl\/web\/wp-content\/uploads\/2024\/05\/Andres-Calamaro-1.jpeg 1600w\" sizes=\"auto, (max-width: 1000px) 100vw, 1000px\" \/><\/figure>\n","protected":false},"excerpt":{"rendered":"<div class=\"pvc_clear\"><\/div>\n<p id=\"pvc_stats_50263\" class=\"pvc_stats total_only  \" data-element-id=\"50263\" style=\"\"><i class=\"pvc-stats-icon large\" aria-hidden=\"true\"><svg aria-hidden=\"true\" focusable=\"false\" data-prefix=\"far\" data-icon=\"chart-bar\" role=\"img\" xmlns=\"http:\/\/www.w3.org\/2000\/svg\" viewBox=\"0 0 512 512\" class=\"svg-inline--fa fa-chart-bar fa-w-16 fa-2x\"><path fill=\"currentColor\" d=\"M396.8 352h22.4c6.4 0 12.8-6.4 12.8-12.8V108.8c0-6.4-6.4-12.8-12.8-12.8h-22.4c-6.4 0-12.8 6.4-12.8 12.8v230.4c0 6.4 6.4 12.8 12.8 12.8zm-192 0h22.4c6.4 0 12.8-6.4 12.8-12.8V140.8c0-6.4-6.4-12.8-12.8-12.8h-22.4c-6.4 0-12.8 6.4-12.8 12.8v198.4c0 6.4 6.4 12.8 12.8 12.8zm96 0h22.4c6.4 0 12.8-6.4 12.8-12.8V204.8c0-6.4-6.4-12.8-12.8-12.8h-22.4c-6.4 0-12.8 6.4-12.8 12.8v134.4c0 6.4 6.4 12.8 12.8 12.8zM496 400H48V80c0-8.84-7.16-16-16-16H16C7.16 64 0 71.16 0 80v336c0 17.67 14.33 32 32 32h464c8.84 0 16-7.16 16-16v-16c0-8.84-7.16-16-16-16zm-387.2-48h22.4c6.4 0 12.8-6.4 12.8-12.8v-70.4c0-6.4-6.4-12.8-12.8-12.8h-22.4c-6.4 0-12.8 6.4-12.8 12.8v70.4c0 6.4 6.4 12.8 12.8 12.8z\" class=\"\"><\/path><\/svg><\/i> <img loading=\"lazy\" decoding=\"async\" width=\"16\" height=\"16\" alt=\"Loading\" src=\"https:\/\/temucotelevision.cl\/web\/wp-content\/plugins\/page-views-count\/ajax-loader-2x.gif\" border=0 \/><\/p>\n<div class=\"pvc_clear\"><\/div>\n<p>El rock argentino del exl\u00edder de &#8220;Los Rodr\u00edguez&#8221; sonar\u00e1 fuerte el pr\u00f3ximo 12 de octubre en el Gimnasio Ol\u00edmpico de<\/p>\n","protected":false},"author":1,"featured_media":50264,"comment_status":"open","ping_status":"open","sticky":false,"template":"","format":"standard","meta":{"colormag_page_container_layout":"default_layout","colormag_page_sidebar_layout":"default_layout","footnotes":""},"categories":[86],"tags":[7080,225,356],"class_list":["post-50263","post","type-post","status-publish","format-standard","has-post-thumbnail","hentry","category-panoramas","tag-andres-calamaro","tag-entradas","tag-rock"],"a3_pvc":{"activated":true,"total_views":1306,"today_views":0},"_links":{"self":[{"href":"https:\/\/temucotelevision.cl\/web\/wp-json\/wp\/v2\/posts\/50263","targetHints":{"allow":["GET"]}}],"collection":[{"href":"https:\/\/temucotelevision.cl\/web\/wp-json\/wp\/v2\/posts"}],"about":[{"href":"https:\/\/temucotelevision.cl\/web\/wp-json\/wp\/v2\/types\/post"}],"author":[{"embeddable":true,"href":"https:\/\/temucotelevision.cl\/web\/wp-json\/wp\/v2\/users\/1"}],"replies":[{"embeddable":true,"href":"https:\/\/temucotelevision.cl\/web\/wp-json\/wp\/v2\/comments?post=50263"}],"version-history":[{"count":1,"href":"https:\/\/temucotelevision.cl\/web\/wp-json\/wp\/v2\/posts\/50263\/revisions"}],"predecessor-version":[{"id":50266,"href":"https:\/\/temucotelevision.cl\/web\/wp-json\/wp\/v2\/posts\/50263\/revisions\/50266"}],"wp:featuredmedia":[{"embeddable":true,"href":"https:\/\/temucotelevision.cl\/web\/wp-json\/wp\/v2\/media\/50264"}],"wp:attachment":[{"href":"https:\/\/temucotelevision.cl\/web\/wp-json\/wp\/v2\/media?parent=50263"}],"wp:term":[{"taxonomy":"category","embeddable":true,"href":"https:\/\/temucotelevision.cl\/web\/wp-json\/wp\/v2\/categories?post=50263"},{"taxonomy":"post_tag","embeddable":true,"href":"https:\/\/temucotelevision.cl\/web\/wp-json\/wp\/v2\/tags?post=50263"}],"curies":[{"name":"wp","href":"https:\/\/api.w.org\/{rel}","templated":true}]}}