{"id":50260,"date":"2024-05-25T23:21:51","date_gmt":"2024-05-26T02:21:51","guid":{"rendered":"https:\/\/temucotelevision.cl\/web\/?p=50260"},"modified":"2024-05-27T14:58:12","modified_gmt":"2024-05-27T17:58:12","slug":"pdi-detecto-a-7-extranjeros-infringiendo-la-ley-de-migraciones-en-fiscalizacion-a-barberias-en-temuco","status":"publish","type":"post","link":"https:\/\/temucotelevision.cl\/web\/2024\/05\/25\/pdi-detecto-a-7-extranjeros-infringiendo-la-ley-de-migraciones-en-fiscalizacion-a-barberias-en-temuco\/","title":{"rendered":"\u00a0PDI detect\u00f3 a 7 extranjeros infringiendo la Ley de Migraciones en fiscalizaci\u00f3n a barber\u00edas en Temuco"},"content":{"rendered":"<div class=\"pvc_clear\"><\/div><p id=\"pvc_stats_50260\" class=\"pvc_stats total_only  \" data-element-id=\"50260\" style=\"\"><i class=\"pvc-stats-icon large\" aria-hidden=\"true\"><svg aria-hidden=\"true\" focusable=\"false\" data-prefix=\"far\" data-icon=\"chart-bar\" role=\"img\" xmlns=\"http:\/\/www.w3.org\/2000\/svg\" viewBox=\"0 0 512 512\" class=\"svg-inline--fa fa-chart-bar fa-w-16 fa-2x\"><path fill=\"currentColor\" d=\"M396.8 352h22.4c6.4 0 12.8-6.4 12.8-12.8V108.8c0-6.4-6.4-12.8-12.8-12.8h-22.4c-6.4 0-12.8 6.4-12.8 12.8v230.4c0 6.4 6.4 12.8 12.8 12.8zm-192 0h22.4c6.4 0 12.8-6.4 12.8-12.8V140.8c0-6.4-6.4-12.8-12.8-12.8h-22.4c-6.4 0-12.8 6.4-12.8 12.8v198.4c0 6.4 6.4 12.8 12.8 12.8zm96 0h22.4c6.4 0 12.8-6.4 12.8-12.8V204.8c0-6.4-6.4-12.8-12.8-12.8h-22.4c-6.4 0-12.8 6.4-12.8 12.8v134.4c0 6.4 6.4 12.8 12.8 12.8zM496 400H48V80c0-8.84-7.16-16-16-16H16C7.16 64 0 71.16 0 80v336c0 17.67 14.33 32 32 32h464c8.84 0 16-7.16 16-16v-16c0-8.84-7.16-16-16-16zm-387.2-48h22.4c6.4 0 12.8-6.4 12.8-12.8v-70.4c0-6.4-6.4-12.8-12.8-12.8h-22.4c-6.4 0-12.8 6.4-12.8 12.8v70.4c0 6.4 6.4 12.8 12.8 12.8z\" class=\"\"><\/path><\/svg><\/i> <img loading=\"lazy\" decoding=\"async\" width=\"16\" height=\"16\" alt=\"Loading\" src=\"https:\/\/temucotelevision.cl\/web\/wp-content\/plugins\/page-views-count\/ajax-loader-2x.gif\" border=0 \/><\/p><div class=\"pvc_clear\"><\/div>\n<p>Detectives del Departamento de Migraciones y Polic\u00eda Internacional Temuco, de la Polic\u00eda de Investigaciones de Chile, realizaron una fiscalizaci\u00f3n a ciudadanos extranjeros, con el objetivo de verificar su situaci\u00f3n migratoria en el pa\u00eds.<\/p>\n\n\n\n<p>En el procedimiento policial, fiscalizaron 5 barber\u00edas del centro de la ciudad, en donde controlaron a un total de 27 personas, 8 extranjeros, de los cuales 5 estaban infringiendo Ley de Migraci\u00f3n y Extranjer\u00eda.<\/p>\n\n\n\n<p>El subprefecto Pablo Lagos, jefe del Departamento de Migraciones y Polic\u00eda Internacional Temuco, explic\u00f3 que \u201c se efectu\u00f3 una fiscalizaci\u00f3n en distintas barber\u00edas ubicadas en el sector c\u00e9ntrico de la ciudad de Temuco orientadas a la ubicaci\u00f3n control y fiscalizaci\u00f3n de extranjeros que podr\u00edan encontrarse en situaci\u00f3n irregular en el pa\u00eds, procedimiento que culmin\u00f3 con la fiscalizaci\u00f3n de 27 personas procediendo a denunciar a 5 extranjeros, cuatro venezolanos y un colombiano quienes a la revisi\u00f3n de la documentaci\u00f3n, se estableci\u00f3 que comet\u00edan infracci\u00f3n a distintos art\u00edculos de la Ley de Extranjer\u00eda entre \u00e9stos encontrarse con permiso de residencia o permanencia vencida, desarrollar actividades remuneradas sin autorizaci\u00f3n o ingreso al pa\u00eds por paso no habilitado \u201c<\/p>\n\n\n\n<p>El oficial policial agreg\u00f3 que los extranjeros infractores, as\u00ed como tambi\u00e9n sus empleadores, ser\u00e1n denunciados al Servicio Nacional de Migraciones, a la espera de la resoluci\u00f3n que determine la autoridad administrativa.<\/p>\n","protected":false},"excerpt":{"rendered":"<div class=\"pvc_clear\"><\/div>\n<p id=\"pvc_stats_50260\" class=\"pvc_stats total_only  \" data-element-id=\"50260\" style=\"\"><i class=\"pvc-stats-icon large\" aria-hidden=\"true\"><svg aria-hidden=\"true\" focusable=\"false\" data-prefix=\"far\" data-icon=\"chart-bar\" role=\"img\" xmlns=\"http:\/\/www.w3.org\/2000\/svg\" viewBox=\"0 0 512 512\" class=\"svg-inline--fa fa-chart-bar fa-w-16 fa-2x\"><path fill=\"currentColor\" d=\"M396.8 352h22.4c6.4 0 12.8-6.4 12.8-12.8V108.8c0-6.4-6.4-12.8-12.8-12.8h-22.4c-6.4 0-12.8 6.4-12.8 12.8v230.4c0 6.4 6.4 12.8 12.8 12.8zm-192 0h22.4c6.4 0 12.8-6.4 12.8-12.8V140.8c0-6.4-6.4-12.8-12.8-12.8h-22.4c-6.4 0-12.8 6.4-12.8 12.8v198.4c0 6.4 6.4 12.8 12.8 12.8zm96 0h22.4c6.4 0 12.8-6.4 12.8-12.8V204.8c0-6.4-6.4-12.8-12.8-12.8h-22.4c-6.4 0-12.8 6.4-12.8 12.8v134.4c0 6.4 6.4 12.8 12.8 12.8zM496 400H48V80c0-8.84-7.16-16-16-16H16C7.16 64 0 71.16 0 80v336c0 17.67 14.33 32 32 32h464c8.84 0 16-7.16 16-16v-16c0-8.84-7.16-16-16-16zm-387.2-48h22.4c6.4 0 12.8-6.4 12.8-12.8v-70.4c0-6.4-6.4-12.8-12.8-12.8h-22.4c-6.4 0-12.8 6.4-12.8 12.8v70.4c0 6.4 6.4 12.8 12.8 12.8z\" class=\"\"><\/path><\/svg><\/i> <img loading=\"lazy\" decoding=\"async\" width=\"16\" height=\"16\" alt=\"Loading\" src=\"https:\/\/temucotelevision.cl\/web\/wp-content\/plugins\/page-views-count\/ajax-loader-2x.gif\" border=0 \/><\/p>\n<div class=\"pvc_clear\"><\/div>\n<p>Detectives del Departamento de Migraciones y Polic\u00eda Internacional Temuco, de la Polic\u00eda de Investigaciones de Chile, realizaron una fiscalizaci\u00f3n a<\/p>\n","protected":false},"author":1,"featured_media":50295,"comment_status":"open","ping_status":"open","sticky":false,"template":"","format":"standard","meta":{"colormag_page_container_layout":"default_layout","colormag_page_sidebar_layout":"default_layout","footnotes":""},"categories":[15,16],"tags":[7079,76],"class_list":["post-50260","post","type-post","status-publish","format-standard","has-post-thumbnail","hentry","category-la-araucania","category-policial","tag-barberias","tag-pdi"],"a3_pvc":{"activated":true,"total_views":1515,"today_views":0},"_links":{"self":[{"href":"https:\/\/temucotelevision.cl\/web\/wp-json\/wp\/v2\/posts\/50260","targetHints":{"allow":["GET"]}}],"collection":[{"href":"https:\/\/temucotelevision.cl\/web\/wp-json\/wp\/v2\/posts"}],"about":[{"href":"https:\/\/temucotelevision.cl\/web\/wp-json\/wp\/v2\/types\/post"}],"author":[{"embeddable":true,"href":"https:\/\/temucotelevision.cl\/web\/wp-json\/wp\/v2\/users\/1"}],"replies":[{"embeddable":true,"href":"https:\/\/temucotelevision.cl\/web\/wp-json\/wp\/v2\/comments?post=50260"}],"version-history":[{"count":1,"href":"https:\/\/temucotelevision.cl\/web\/wp-json\/wp\/v2\/posts\/50260\/revisions"}],"predecessor-version":[{"id":50262,"href":"https:\/\/temucotelevision.cl\/web\/wp-json\/wp\/v2\/posts\/50260\/revisions\/50262"}],"wp:featuredmedia":[{"embeddable":true,"href":"https:\/\/temucotelevision.cl\/web\/wp-json\/wp\/v2\/media\/50295"}],"wp:attachment":[{"href":"https:\/\/temucotelevision.cl\/web\/wp-json\/wp\/v2\/media?parent=50260"}],"wp:term":[{"taxonomy":"category","embeddable":true,"href":"https:\/\/temucotelevision.cl\/web\/wp-json\/wp\/v2\/categories?post=50260"},{"taxonomy":"post_tag","embeddable":true,"href":"https:\/\/temucotelevision.cl\/web\/wp-json\/wp\/v2\/tags?post=50260"}],"curies":[{"name":"wp","href":"https:\/\/api.w.org\/{rel}","templated":true}]}}