{"id":50250,"date":"2024-05-24T21:28:00","date_gmt":"2024-05-25T00:28:00","guid":{"rendered":"https:\/\/temucotelevision.cl\/web\/?p=50250"},"modified":"2024-05-24T21:28:01","modified_gmt":"2024-05-25T00:28:01","slug":"municipalidad-de-lumaco-invita-a-celebrar-los-dias-del-patrimonio-en-la-comuna","status":"publish","type":"post","link":"https:\/\/temucotelevision.cl\/web\/2024\/05\/24\/municipalidad-de-lumaco-invita-a-celebrar-los-dias-del-patrimonio-en-la-comuna\/","title":{"rendered":"Municipalidad de Lumaco invita a celebrar los d\u00edas del Patrimonio en la comuna"},"content":{"rendered":"<div class=\"pvc_clear\"><\/div><p id=\"pvc_stats_50250\" class=\"pvc_stats total_only  \" data-element-id=\"50250\" style=\"\"><i class=\"pvc-stats-icon large\" aria-hidden=\"true\"><svg aria-hidden=\"true\" focusable=\"false\" data-prefix=\"far\" data-icon=\"chart-bar\" role=\"img\" xmlns=\"http:\/\/www.w3.org\/2000\/svg\" viewBox=\"0 0 512 512\" class=\"svg-inline--fa fa-chart-bar fa-w-16 fa-2x\"><path fill=\"currentColor\" d=\"M396.8 352h22.4c6.4 0 12.8-6.4 12.8-12.8V108.8c0-6.4-6.4-12.8-12.8-12.8h-22.4c-6.4 0-12.8 6.4-12.8 12.8v230.4c0 6.4 6.4 12.8 12.8 12.8zm-192 0h22.4c6.4 0 12.8-6.4 12.8-12.8V140.8c0-6.4-6.4-12.8-12.8-12.8h-22.4c-6.4 0-12.8 6.4-12.8 12.8v198.4c0 6.4 6.4 12.8 12.8 12.8zm96 0h22.4c6.4 0 12.8-6.4 12.8-12.8V204.8c0-6.4-6.4-12.8-12.8-12.8h-22.4c-6.4 0-12.8 6.4-12.8 12.8v134.4c0 6.4 6.4 12.8 12.8 12.8zM496 400H48V80c0-8.84-7.16-16-16-16H16C7.16 64 0 71.16 0 80v336c0 17.67 14.33 32 32 32h464c8.84 0 16-7.16 16-16v-16c0-8.84-7.16-16-16-16zm-387.2-48h22.4c6.4 0 12.8-6.4 12.8-12.8v-70.4c0-6.4-6.4-12.8-12.8-12.8h-22.4c-6.4 0-12.8 6.4-12.8 12.8v70.4c0 6.4 6.4 12.8 12.8 12.8z\" class=\"\"><\/path><\/svg><\/i> <img loading=\"lazy\" decoding=\"async\" width=\"16\" height=\"16\" alt=\"Loading\" src=\"https:\/\/temucotelevision.cl\/web\/wp-content\/plugins\/page-views-count\/ajax-loader-2x.gif\" border=0 \/><\/p><div class=\"pvc_clear\"><\/div>\n<p><strong>La tricultural comuna tendr\u00e1 un panorama imperdible durante este fin de semana, en el marco de los d\u00edas del Patrimonio, mostrando la historia y toda la riqueza cultural que posee.<\/strong><\/p>\n\n\n\n<p>Lumaco del mapuzungun, agua de luma, tambi\u00e9n vive la celebraci\u00f3n de los d\u00edas de los patrimonios de una manera singular y donde toda la ciudadan\u00eda est\u00e1 invitada a ver la rica historia de la comuna.<\/p>\n\n\n\n<p>Las actividades comienzan el s\u00e1bado 24 con una \u201cCaminata Cultural Inclusiva\u201d, que parte a las 14 horas y que pasar\u00e1 por varios puntos de inter\u00e9s de la ciudad de Lumaco, finalizando en una antigua y cl\u00e1sica casa de la comuna, que ser\u00e1 entregada en la oportunidad en comodato por la due\u00f1a al municipio, para que se comience a forjar un museo hist\u00f3rico, para posteriormente dar paso a una mateada conversatorio. Esta actividad se realizar\u00e1 en conjunto con la \u201cCorporaci\u00f3n Lumaco Hist\u00f3rico\u201d, que preside Erika Cavalieri.<\/p>\n\n\n\n<p>En tanto el domingo 26 de mayo en la plaza de las Banderas -en el acceso principal- se realizar\u00e1 la segunda versi\u00f3n de la feria artesanal y patrimonial Lumaco 2024, abierta a todo p\u00fablico y con variadas sorpresas para quienes quieran asistir.<\/p>\n\n\n\n<p>Desde las 10 de la ma\u00f1ana y hasta las 19 horas, habr\u00e1 gastronom\u00eda t\u00edpica de la zona, exposici\u00f3n de fotograf\u00edas y libros con parte de la historia de la comuna y sus distintas localidades, artesan\u00eda en madera, cester\u00eda en mimbre, textiler\u00eda mapuche y varias novedades m\u00e1s, que reflejan el gran patrimonio lumaquino, en una actividad con la red de artesanos de la vitrina comercial de Lumaco.<\/p>\n\n\n\n<p>Un panorama imperdible en la provincia de Malleco, organizado por la municipalidad de Lumaco y que tendr\u00e1 un acto inaugural con variadas sorpresas a las 12 horas y que el alcalde Richard Leonelli Contreras, invita a todos quienes quieran pasar un momento especial.<\/p>\n\n\n\n<p>&#8220;En nuestra comuna tambi\u00e9n celebramos nuestro gran patrimonio y por lo que est\u00e1n todos invitados a recorrer sus encantos con una serie de actividades para las familias y que ponen de manifiesto la riqueza cultural que tenemos\u201d, indic\u00f3 el alcalde Richard Leonelli Contreras.<\/p>\n\n\n\n<p>De esta manera en Lumaco vivir\u00e1 tambi\u00e9n de una forma especial los d\u00edas del Patrimonio con varias sorpresas para los asistentes a estas jornadas de celebraci\u00f3n.<\/p>\n\n\n\n<figure class=\"wp-block-image size-large\"><img loading=\"lazy\" decoding=\"async\" width=\"1000\" height=\"1000\" src=\"https:\/\/temucotelevision.cl\/web\/wp-content\/uploads\/2024\/05\/Dia-del-Patrimonio-en-Lumaco-2-1000x1000.jpg\" alt=\"\" class=\"wp-image-50252\" srcset=\"https:\/\/temucotelevision.cl\/web\/wp-content\/uploads\/2024\/05\/Dia-del-Patrimonio-en-Lumaco-2-1000x1000.jpg 1000w, https:\/\/temucotelevision.cl\/web\/wp-content\/uploads\/2024\/05\/Dia-del-Patrimonio-en-Lumaco-2-768x768.jpg 768w, https:\/\/temucotelevision.cl\/web\/wp-content\/uploads\/2024\/05\/Dia-del-Patrimonio-en-Lumaco-2-1536x1536.jpg 1536w, https:\/\/temucotelevision.cl\/web\/wp-content\/uploads\/2024\/05\/Dia-del-Patrimonio-en-Lumaco-2-2048x2048.jpg 2048w, https:\/\/temucotelevision.cl\/web\/wp-content\/uploads\/2024\/05\/Dia-del-Patrimonio-en-Lumaco-2-150x150.jpg 150w\" sizes=\"auto, (max-width: 1000px) 100vw, 1000px\" \/><\/figure>\n","protected":false},"excerpt":{"rendered":"<div class=\"pvc_clear\"><\/div>\n<p id=\"pvc_stats_50250\" class=\"pvc_stats total_only  \" data-element-id=\"50250\" style=\"\"><i class=\"pvc-stats-icon large\" aria-hidden=\"true\"><svg aria-hidden=\"true\" focusable=\"false\" data-prefix=\"far\" data-icon=\"chart-bar\" role=\"img\" xmlns=\"http:\/\/www.w3.org\/2000\/svg\" viewBox=\"0 0 512 512\" class=\"svg-inline--fa fa-chart-bar fa-w-16 fa-2x\"><path fill=\"currentColor\" d=\"M396.8 352h22.4c6.4 0 12.8-6.4 12.8-12.8V108.8c0-6.4-6.4-12.8-12.8-12.8h-22.4c-6.4 0-12.8 6.4-12.8 12.8v230.4c0 6.4 6.4 12.8 12.8 12.8zm-192 0h22.4c6.4 0 12.8-6.4 12.8-12.8V140.8c0-6.4-6.4-12.8-12.8-12.8h-22.4c-6.4 0-12.8 6.4-12.8 12.8v198.4c0 6.4 6.4 12.8 12.8 12.8zm96 0h22.4c6.4 0 12.8-6.4 12.8-12.8V204.8c0-6.4-6.4-12.8-12.8-12.8h-22.4c-6.4 0-12.8 6.4-12.8 12.8v134.4c0 6.4 6.4 12.8 12.8 12.8zM496 400H48V80c0-8.84-7.16-16-16-16H16C7.16 64 0 71.16 0 80v336c0 17.67 14.33 32 32 32h464c8.84 0 16-7.16 16-16v-16c0-8.84-7.16-16-16-16zm-387.2-48h22.4c6.4 0 12.8-6.4 12.8-12.8v-70.4c0-6.4-6.4-12.8-12.8-12.8h-22.4c-6.4 0-12.8 6.4-12.8 12.8v70.4c0 6.4 6.4 12.8 12.8 12.8z\" class=\"\"><\/path><\/svg><\/i> <img loading=\"lazy\" decoding=\"async\" width=\"16\" height=\"16\" alt=\"Loading\" src=\"https:\/\/temucotelevision.cl\/web\/wp-content\/plugins\/page-views-count\/ajax-loader-2x.gif\" border=0 \/><\/p>\n<div class=\"pvc_clear\"><\/div>\n<p>La tricultural comuna tendr\u00e1 un panorama imperdible durante este fin de semana, en el marco de los d\u00edas del Patrimonio,<\/p>\n","protected":false},"author":1,"featured_media":50251,"comment_status":"open","ping_status":"open","sticky":false,"template":"","format":"standard","meta":{"colormag_page_container_layout":"default_layout","colormag_page_sidebar_layout":"default_layout","footnotes":""},"categories":[86],"tags":[5305],"class_list":["post-50250","post","type-post","status-publish","format-standard","has-post-thumbnail","hentry","category-panoramas","tag-patrimonios"],"a3_pvc":{"activated":true,"total_views":1278,"today_views":0},"_links":{"self":[{"href":"https:\/\/temucotelevision.cl\/web\/wp-json\/wp\/v2\/posts\/50250","targetHints":{"allow":["GET"]}}],"collection":[{"href":"https:\/\/temucotelevision.cl\/web\/wp-json\/wp\/v2\/posts"}],"about":[{"href":"https:\/\/temucotelevision.cl\/web\/wp-json\/wp\/v2\/types\/post"}],"author":[{"embeddable":true,"href":"https:\/\/temucotelevision.cl\/web\/wp-json\/wp\/v2\/users\/1"}],"replies":[{"embeddable":true,"href":"https:\/\/temucotelevision.cl\/web\/wp-json\/wp\/v2\/comments?post=50250"}],"version-history":[{"count":1,"href":"https:\/\/temucotelevision.cl\/web\/wp-json\/wp\/v2\/posts\/50250\/revisions"}],"predecessor-version":[{"id":50253,"href":"https:\/\/temucotelevision.cl\/web\/wp-json\/wp\/v2\/posts\/50250\/revisions\/50253"}],"wp:featuredmedia":[{"embeddable":true,"href":"https:\/\/temucotelevision.cl\/web\/wp-json\/wp\/v2\/media\/50251"}],"wp:attachment":[{"href":"https:\/\/temucotelevision.cl\/web\/wp-json\/wp\/v2\/media?parent=50250"}],"wp:term":[{"taxonomy":"category","embeddable":true,"href":"https:\/\/temucotelevision.cl\/web\/wp-json\/wp\/v2\/categories?post=50250"},{"taxonomy":"post_tag","embeddable":true,"href":"https:\/\/temucotelevision.cl\/web\/wp-json\/wp\/v2\/tags?post=50250"}],"curies":[{"name":"wp","href":"https:\/\/api.w.org\/{rel}","templated":true}]}}