{"id":50240,"date":"2024-05-24T16:46:42","date_gmt":"2024-05-24T19:46:42","guid":{"rendered":"https:\/\/temucotelevision.cl\/web\/?p=50240"},"modified":"2024-05-24T16:46:43","modified_gmt":"2024-05-24T19:46:43","slug":"cantante-chilena-la-joya-presenta-su-album-debut-amiga-del-dolor-en-sala-master","status":"publish","type":"post","link":"https:\/\/temucotelevision.cl\/web\/2024\/05\/24\/cantante-chilena-la-joya-presenta-su-album-debut-amiga-del-dolor-en-sala-master\/","title":{"rendered":"Cantante chilena La Joya presenta su \u00e1lbum debut \u201cAmiga del dolor\u201d en Sala Master"},"content":{"rendered":"<div class=\"pvc_clear\"><\/div><p id=\"pvc_stats_50240\" class=\"pvc_stats total_only  \" data-element-id=\"50240\" style=\"\"><i class=\"pvc-stats-icon large\" aria-hidden=\"true\"><svg aria-hidden=\"true\" focusable=\"false\" data-prefix=\"far\" data-icon=\"chart-bar\" role=\"img\" xmlns=\"http:\/\/www.w3.org\/2000\/svg\" viewBox=\"0 0 512 512\" class=\"svg-inline--fa fa-chart-bar fa-w-16 fa-2x\"><path fill=\"currentColor\" d=\"M396.8 352h22.4c6.4 0 12.8-6.4 12.8-12.8V108.8c0-6.4-6.4-12.8-12.8-12.8h-22.4c-6.4 0-12.8 6.4-12.8 12.8v230.4c0 6.4 6.4 12.8 12.8 12.8zm-192 0h22.4c6.4 0 12.8-6.4 12.8-12.8V140.8c0-6.4-6.4-12.8-12.8-12.8h-22.4c-6.4 0-12.8 6.4-12.8 12.8v198.4c0 6.4 6.4 12.8 12.8 12.8zm96 0h22.4c6.4 0 12.8-6.4 12.8-12.8V204.8c0-6.4-6.4-12.8-12.8-12.8h-22.4c-6.4 0-12.8 6.4-12.8 12.8v134.4c0 6.4 6.4 12.8 12.8 12.8zM496 400H48V80c0-8.84-7.16-16-16-16H16C7.16 64 0 71.16 0 80v336c0 17.67 14.33 32 32 32h464c8.84 0 16-7.16 16-16v-16c0-8.84-7.16-16-16-16zm-387.2-48h22.4c6.4 0 12.8-6.4 12.8-12.8v-70.4c0-6.4-6.4-12.8-12.8-12.8h-22.4c-6.4 0-12.8 6.4-12.8 12.8v70.4c0 6.4 6.4 12.8 12.8 12.8z\" class=\"\"><\/path><\/svg><\/i> <img loading=\"lazy\" decoding=\"async\" width=\"16\" height=\"16\" alt=\"Loading\" src=\"https:\/\/temucotelevision.cl\/web\/wp-content\/plugins\/page-views-count\/ajax-loader-2x.gif\" border=0 \/><\/p><div class=\"pvc_clear\"><\/div>\n<p><br><strong>La Joya, artista chilena que desarrolla un trabajo arraigado en la cumbia, el bolero y el repertorio popular y melanc\u00f3lico latinoamericano se presentar\u00e1 en vivo en Sala Master, el pr\u00f3ximo mi\u00e9rcoles 29 de Mayo a las 19:30 hrs.<\/strong><\/p>\n\n\n\n<p>La destacada vocalista hist\u00f3rica del grupo Chorizo Salvaje realiza hace a\u00f1os un interesante trabajo solista. Ha participado, grabado y tocado con artistas como El Bloque Depresivo y Sandino Rockers y el a\u00f1o pasado lanz\u00f3 su \u00e1lbum solista en Espacio Diana.<\/p>\n\n\n\n<p>En esta oportunidad contar\u00e1 con la participaci\u00f3n de invitados de lujo que fueron parte de la grabaci\u00f3n del disco, como Joselo Osses \u201cLa voz de terciopelo\u201d, Natuky Ram\u00edrez, destacada cantante de jazz, Carlos Rodr\u00edguez, m\u00fasico de El Bloque Depresivo y uno de los mejores vientos de su generaci\u00f3n. Tambi\u00e9n la acompa\u00f1ar\u00e1 Mart\u00edn Benavides, m\u00fasico multi instrumentista e integrante de la banda Kaput, quienes ser\u00e1n parte de este show \u00fanico y de larga duraci\u00f3n, donde se podr\u00e1 escuchar de forma \u00edntegra este trabajo fonogr\u00e1fico de cumbias, boleros, valses, baladas y swing.<\/p>\n","protected":false},"excerpt":{"rendered":"<div class=\"pvc_clear\"><\/div>\n<p id=\"pvc_stats_50240\" class=\"pvc_stats total_only  \" data-element-id=\"50240\" style=\"\"><i class=\"pvc-stats-icon large\" aria-hidden=\"true\"><svg aria-hidden=\"true\" focusable=\"false\" data-prefix=\"far\" data-icon=\"chart-bar\" role=\"img\" xmlns=\"http:\/\/www.w3.org\/2000\/svg\" viewBox=\"0 0 512 512\" class=\"svg-inline--fa fa-chart-bar fa-w-16 fa-2x\"><path fill=\"currentColor\" d=\"M396.8 352h22.4c6.4 0 12.8-6.4 12.8-12.8V108.8c0-6.4-6.4-12.8-12.8-12.8h-22.4c-6.4 0-12.8 6.4-12.8 12.8v230.4c0 6.4 6.4 12.8 12.8 12.8zm-192 0h22.4c6.4 0 12.8-6.4 12.8-12.8V140.8c0-6.4-6.4-12.8-12.8-12.8h-22.4c-6.4 0-12.8 6.4-12.8 12.8v198.4c0 6.4 6.4 12.8 12.8 12.8zm96 0h22.4c6.4 0 12.8-6.4 12.8-12.8V204.8c0-6.4-6.4-12.8-12.8-12.8h-22.4c-6.4 0-12.8 6.4-12.8 12.8v134.4c0 6.4 6.4 12.8 12.8 12.8zM496 400H48V80c0-8.84-7.16-16-16-16H16C7.16 64 0 71.16 0 80v336c0 17.67 14.33 32 32 32h464c8.84 0 16-7.16 16-16v-16c0-8.84-7.16-16-16-16zm-387.2-48h22.4c6.4 0 12.8-6.4 12.8-12.8v-70.4c0-6.4-6.4-12.8-12.8-12.8h-22.4c-6.4 0-12.8 6.4-12.8 12.8v70.4c0 6.4 6.4 12.8 12.8 12.8z\" class=\"\"><\/path><\/svg><\/i> <img loading=\"lazy\" decoding=\"async\" width=\"16\" height=\"16\" alt=\"Loading\" src=\"https:\/\/temucotelevision.cl\/web\/wp-content\/plugins\/page-views-count\/ajax-loader-2x.gif\" border=0 \/><\/p>\n<div class=\"pvc_clear\"><\/div>\n<p>La Joya, artista chilena que desarrolla un trabajo arraigado en la cumbia, el bolero y el repertorio popular y melanc\u00f3lico<\/p>\n","protected":false},"author":1,"featured_media":50241,"comment_status":"open","ping_status":"open","sticky":false,"template":"","format":"standard","meta":{"colormag_page_container_layout":"default_layout","colormag_page_sidebar_layout":"default_layout","footnotes":""},"categories":[369],"tags":[801],"class_list":["post-50240","post","type-post","status-publish","format-standard","has-post-thumbnail","hentry","category-musica","tag-cantante"],"a3_pvc":{"activated":true,"total_views":862,"today_views":0},"_links":{"self":[{"href":"https:\/\/temucotelevision.cl\/web\/wp-json\/wp\/v2\/posts\/50240","targetHints":{"allow":["GET"]}}],"collection":[{"href":"https:\/\/temucotelevision.cl\/web\/wp-json\/wp\/v2\/posts"}],"about":[{"href":"https:\/\/temucotelevision.cl\/web\/wp-json\/wp\/v2\/types\/post"}],"author":[{"embeddable":true,"href":"https:\/\/temucotelevision.cl\/web\/wp-json\/wp\/v2\/users\/1"}],"replies":[{"embeddable":true,"href":"https:\/\/temucotelevision.cl\/web\/wp-json\/wp\/v2\/comments?post=50240"}],"version-history":[{"count":1,"href":"https:\/\/temucotelevision.cl\/web\/wp-json\/wp\/v2\/posts\/50240\/revisions"}],"predecessor-version":[{"id":50242,"href":"https:\/\/temucotelevision.cl\/web\/wp-json\/wp\/v2\/posts\/50240\/revisions\/50242"}],"wp:featuredmedia":[{"embeddable":true,"href":"https:\/\/temucotelevision.cl\/web\/wp-json\/wp\/v2\/media\/50241"}],"wp:attachment":[{"href":"https:\/\/temucotelevision.cl\/web\/wp-json\/wp\/v2\/media?parent=50240"}],"wp:term":[{"taxonomy":"category","embeddable":true,"href":"https:\/\/temucotelevision.cl\/web\/wp-json\/wp\/v2\/categories?post=50240"},{"taxonomy":"post_tag","embeddable":true,"href":"https:\/\/temucotelevision.cl\/web\/wp-json\/wp\/v2\/tags?post=50240"}],"curies":[{"name":"wp","href":"https:\/\/api.w.org\/{rel}","templated":true}]}}