{"id":50228,"date":"2024-05-24T11:15:00","date_gmt":"2024-05-24T14:15:00","guid":{"rendered":"https:\/\/temucotelevision.cl\/web\/?p=50228"},"modified":"2024-05-24T11:15:01","modified_gmt":"2024-05-24T14:15:01","slug":"marcela-esparza-anuncia-candidatura-a-municipio-de-padre-las-casas","status":"publish","type":"post","link":"https:\/\/temucotelevision.cl\/web\/2024\/05\/24\/marcela-esparza-anuncia-candidatura-a-municipio-de-padre-las-casas\/","title":{"rendered":"Marcela Esparza anuncia candidatura a municipio de Padre Las Casas"},"content":{"rendered":"<div class=\"pvc_clear\"><\/div><p id=\"pvc_stats_50228\" class=\"pvc_stats total_only  \" data-element-id=\"50228\" style=\"\"><i class=\"pvc-stats-icon large\" aria-hidden=\"true\"><svg aria-hidden=\"true\" focusable=\"false\" data-prefix=\"far\" data-icon=\"chart-bar\" role=\"img\" xmlns=\"http:\/\/www.w3.org\/2000\/svg\" viewBox=\"0 0 512 512\" class=\"svg-inline--fa fa-chart-bar fa-w-16 fa-2x\"><path fill=\"currentColor\" d=\"M396.8 352h22.4c6.4 0 12.8-6.4 12.8-12.8V108.8c0-6.4-6.4-12.8-12.8-12.8h-22.4c-6.4 0-12.8 6.4-12.8 12.8v230.4c0 6.4 6.4 12.8 12.8 12.8zm-192 0h22.4c6.4 0 12.8-6.4 12.8-12.8V140.8c0-6.4-6.4-12.8-12.8-12.8h-22.4c-6.4 0-12.8 6.4-12.8 12.8v198.4c0 6.4 6.4 12.8 12.8 12.8zm96 0h22.4c6.4 0 12.8-6.4 12.8-12.8V204.8c0-6.4-6.4-12.8-12.8-12.8h-22.4c-6.4 0-12.8 6.4-12.8 12.8v134.4c0 6.4 6.4 12.8 12.8 12.8zM496 400H48V80c0-8.84-7.16-16-16-16H16C7.16 64 0 71.16 0 80v336c0 17.67 14.33 32 32 32h464c8.84 0 16-7.16 16-16v-16c0-8.84-7.16-16-16-16zm-387.2-48h22.4c6.4 0 12.8-6.4 12.8-12.8v-70.4c0-6.4-6.4-12.8-12.8-12.8h-22.4c-6.4 0-12.8 6.4-12.8 12.8v70.4c0 6.4 6.4 12.8 12.8 12.8z\" class=\"\"><\/path><\/svg><\/i> <img loading=\"lazy\" decoding=\"async\" width=\"16\" height=\"16\" alt=\"Loading\" src=\"https:\/\/temucotelevision.cl\/web\/wp-content\/plugins\/page-views-count\/ajax-loader-2x.gif\" border=0 \/><\/p><div class=\"pvc_clear\"><\/div>\n<p><em>La concejal de la comuna anunci\u00f3 oficialmente su carrera al municipio acompa\u00f1ada de la presidenta nacional de Ev\u00f3poli, Gloria Hutt, parlamentarios, militantes del conglomerado y vecinos de Padre Las Casas.<\/em><\/p>\n\n\n\n<p>Este jueves, la actual concejala de Padre Las Casas, Marcela Esparza, anunci\u00f3 oficialmente su candidatura al municipio de la comuna.<\/p>\n\n\n\n<p>Con el respaldo de Chilevamos, la candidata al sill\u00f3n municipal estuvo acompa\u00f1ada de la presidenta nacional de Ev\u00f3poli, Gloria Hutt; los diputados Miguel Mellado (RN) y Henry Leal (UDI), adem\u00e1s de militantes y decenas de vecinos que acompa\u00f1aron a Esparza en la actividad que se desarroll\u00f3 en las letras reci\u00e9n inauguradas que dan la bienvenida a Padre Las Casas en el puente Treng Treng Kay Kay.<\/p>\n\n\n\n<p>En la instancia, tambi\u00e9n se acercaron agrupaciones y dirigentes vecinales para apoyar esta candidatura, quienes destacaron el trabajo de Marcela Esparza como dirigente, funcionaria p\u00fablica y hoy como concejal, relevando su vocaci\u00f3n por el servicio p\u00fablico.<\/p>\n\n\n\n<p>Tras el apoyo recibido, Marcela Esparza agradeci\u00f3 a todos quienes llegaron a acompa\u00f1arla. Adem\u00e1s dijo que asume con responsabilidad \u201ceste tremendo desaf\u00edo como candidata a alcaldesa para mejorar, &nbsp;edificar y construir una comuna que vaya en beneficio de todos nuestros vecinos de la comuna de Padre de las Casas (\u2026) Es una comuna que cada vez est\u00e1 creciendo m\u00e1s\u201d.<\/p>\n\n\n\n<p>La candidata al municipio reconoci\u00f3 que existen \u201cmuchas necesidades\u201d en la comuna. Por eso se\u00f1al\u00f3 que \u201cla comuna que ha crecido inmensamente, tambi\u00e9n en el sector rural. Hay muchas necesidades de seguridad, de salud, de educaci\u00f3n, en tema habitacional, en tema de comercio, necesitamos que vengan a invertir a la comuna, que vengan las empresas a generar empleo (\u2026) Hay muchas, muchas necesidades urgentes hoy en d\u00eda en nuestra comuna y que tenemos que saber abordarlas y trabajar en el beneficio de nuestros vecinos de Padre de las Casas\u201d.<\/p>\n\n\n\n<p>Por su parte, Gloria Hutt, expres\u00f3 que \u201cnos alegra mucho que en la Regi\u00f3n podamos tener esta representaci\u00f3n (\u2026) aqu\u00ed nos importa mucho Marcela porque ella es una persona que conoce desde la base, desde la ra\u00edz, la comuna de Padre de las Casas y a todos sus habitantes. Creo que su gran valor es la autenticidad con la que ella se relaciona con la comunidad. Y tiene adem\u00e1s, justamente por eso, una sinton\u00eda muy valiosa. Y nosotros le damos, por supuesto, todo nuestro respaldo porque es una gran candidata\u201d.<\/p>\n\n\n\n<p>Marcela Esparza, quien se posiciona como la candidata de Chilevamos por la alcald\u00eda de Padre Las Casas, est\u00e1 trabajando en propuestas para impulsar el desarrollo econ\u00f3mico en la comuna junto a un equipo de profesionales que la respaldan y desde ya elaboran un plan de trabajo en esta y otras materias.<\/p>\n\n\n\n<p>Recordar que las elecciones son el 27 de octubre mientras que el 8 junio vence el plazo para solicitar el tr\u00e1mite de cambio de domicilio electoral con miras a las elecciones Regionales y Municipales.<\/p>\n","protected":false},"excerpt":{"rendered":"<div class=\"pvc_clear\"><\/div>\n<p id=\"pvc_stats_50228\" class=\"pvc_stats total_only  \" data-element-id=\"50228\" style=\"\"><i class=\"pvc-stats-icon large\" aria-hidden=\"true\"><svg aria-hidden=\"true\" focusable=\"false\" data-prefix=\"far\" data-icon=\"chart-bar\" role=\"img\" xmlns=\"http:\/\/www.w3.org\/2000\/svg\" viewBox=\"0 0 512 512\" class=\"svg-inline--fa fa-chart-bar fa-w-16 fa-2x\"><path fill=\"currentColor\" d=\"M396.8 352h22.4c6.4 0 12.8-6.4 12.8-12.8V108.8c0-6.4-6.4-12.8-12.8-12.8h-22.4c-6.4 0-12.8 6.4-12.8 12.8v230.4c0 6.4 6.4 12.8 12.8 12.8zm-192 0h22.4c6.4 0 12.8-6.4 12.8-12.8V140.8c0-6.4-6.4-12.8-12.8-12.8h-22.4c-6.4 0-12.8 6.4-12.8 12.8v198.4c0 6.4 6.4 12.8 12.8 12.8zm96 0h22.4c6.4 0 12.8-6.4 12.8-12.8V204.8c0-6.4-6.4-12.8-12.8-12.8h-22.4c-6.4 0-12.8 6.4-12.8 12.8v134.4c0 6.4 6.4 12.8 12.8 12.8zM496 400H48V80c0-8.84-7.16-16-16-16H16C7.16 64 0 71.16 0 80v336c0 17.67 14.33 32 32 32h464c8.84 0 16-7.16 16-16v-16c0-8.84-7.16-16-16-16zm-387.2-48h22.4c6.4 0 12.8-6.4 12.8-12.8v-70.4c0-6.4-6.4-12.8-12.8-12.8h-22.4c-6.4 0-12.8 6.4-12.8 12.8v70.4c0 6.4 6.4 12.8 12.8 12.8z\" class=\"\"><\/path><\/svg><\/i> <img loading=\"lazy\" decoding=\"async\" width=\"16\" height=\"16\" alt=\"Loading\" src=\"https:\/\/temucotelevision.cl\/web\/wp-content\/plugins\/page-views-count\/ajax-loader-2x.gif\" border=0 \/><\/p>\n<div class=\"pvc_clear\"><\/div>\n<p>La concejal de la comuna anunci\u00f3 oficialmente su carrera al municipio acompa\u00f1ada de la presidenta nacional de Ev\u00f3poli, Gloria Hutt,<\/p>\n","protected":false},"author":1,"featured_media":50229,"comment_status":"open","ping_status":"open","sticky":false,"template":"","format":"standard","meta":{"colormag_page_container_layout":"default_layout","colormag_page_sidebar_layout":"default_layout","footnotes":""},"categories":[84],"tags":[3333,999],"class_list":["post-50228","post","type-post","status-publish","format-standard","has-post-thumbnail","hentry","category-politica","tag-candidatura","tag-plc"],"a3_pvc":{"activated":true,"total_views":2193,"today_views":0},"_links":{"self":[{"href":"https:\/\/temucotelevision.cl\/web\/wp-json\/wp\/v2\/posts\/50228","targetHints":{"allow":["GET"]}}],"collection":[{"href":"https:\/\/temucotelevision.cl\/web\/wp-json\/wp\/v2\/posts"}],"about":[{"href":"https:\/\/temucotelevision.cl\/web\/wp-json\/wp\/v2\/types\/post"}],"author":[{"embeddable":true,"href":"https:\/\/temucotelevision.cl\/web\/wp-json\/wp\/v2\/users\/1"}],"replies":[{"embeddable":true,"href":"https:\/\/temucotelevision.cl\/web\/wp-json\/wp\/v2\/comments?post=50228"}],"version-history":[{"count":1,"href":"https:\/\/temucotelevision.cl\/web\/wp-json\/wp\/v2\/posts\/50228\/revisions"}],"predecessor-version":[{"id":50230,"href":"https:\/\/temucotelevision.cl\/web\/wp-json\/wp\/v2\/posts\/50228\/revisions\/50230"}],"wp:featuredmedia":[{"embeddable":true,"href":"https:\/\/temucotelevision.cl\/web\/wp-json\/wp\/v2\/media\/50229"}],"wp:attachment":[{"href":"https:\/\/temucotelevision.cl\/web\/wp-json\/wp\/v2\/media?parent=50228"}],"wp:term":[{"taxonomy":"category","embeddable":true,"href":"https:\/\/temucotelevision.cl\/web\/wp-json\/wp\/v2\/categories?post=50228"},{"taxonomy":"post_tag","embeddable":true,"href":"https:\/\/temucotelevision.cl\/web\/wp-json\/wp\/v2\/tags?post=50228"}],"curies":[{"name":"wp","href":"https:\/\/api.w.org\/{rel}","templated":true}]}}