{"id":50164,"date":"2024-05-22T15:36:25","date_gmt":"2024-05-22T18:36:25","guid":{"rendered":"https:\/\/temucotelevision.cl\/web\/?p=50164"},"modified":"2024-05-22T21:53:33","modified_gmt":"2024-05-23T00:53:33","slug":"kiddtetoon-anuncia-nuevo-sencillo-con-un-teaser-autobiografico-no-voy-a-contarlo-voy-a-cantarlo","status":"publish","type":"post","link":"https:\/\/temucotelevision.cl\/web\/2024\/05\/22\/kiddtetoon-anuncia-nuevo-sencillo-con-un-teaser-autobiografico-no-voy-a-contarlo-voy-a-cantarlo\/","title":{"rendered":"Kiddtetoon\u00a0anuncia nuevo sencillo con un teaser autobiogr\u00e1fico\u00a0&#8220;No voy a contarlo, voy a cantarlo&#8221;\u00a0"},"content":{"rendered":"<div class=\"pvc_clear\"><\/div><p id=\"pvc_stats_50164\" class=\"pvc_stats total_only  \" data-element-id=\"50164\" style=\"\"><i class=\"pvc-stats-icon large\" aria-hidden=\"true\"><svg aria-hidden=\"true\" focusable=\"false\" data-prefix=\"far\" data-icon=\"chart-bar\" role=\"img\" xmlns=\"http:\/\/www.w3.org\/2000\/svg\" viewBox=\"0 0 512 512\" class=\"svg-inline--fa fa-chart-bar fa-w-16 fa-2x\"><path fill=\"currentColor\" d=\"M396.8 352h22.4c6.4 0 12.8-6.4 12.8-12.8V108.8c0-6.4-6.4-12.8-12.8-12.8h-22.4c-6.4 0-12.8 6.4-12.8 12.8v230.4c0 6.4 6.4 12.8 12.8 12.8zm-192 0h22.4c6.4 0 12.8-6.4 12.8-12.8V140.8c0-6.4-6.4-12.8-12.8-12.8h-22.4c-6.4 0-12.8 6.4-12.8 12.8v198.4c0 6.4 6.4 12.8 12.8 12.8zm96 0h22.4c6.4 0 12.8-6.4 12.8-12.8V204.8c0-6.4-6.4-12.8-12.8-12.8h-22.4c-6.4 0-12.8 6.4-12.8 12.8v134.4c0 6.4 6.4 12.8 12.8 12.8zM496 400H48V80c0-8.84-7.16-16-16-16H16C7.16 64 0 71.16 0 80v336c0 17.67 14.33 32 32 32h464c8.84 0 16-7.16 16-16v-16c0-8.84-7.16-16-16-16zm-387.2-48h22.4c6.4 0 12.8-6.4 12.8-12.8v-70.4c0-6.4-6.4-12.8-12.8-12.8h-22.4c-6.4 0-12.8 6.4-12.8 12.8v70.4c0 6.4 6.4 12.8 12.8 12.8z\" class=\"\"><\/path><\/svg><\/i> <img loading=\"lazy\" decoding=\"async\" width=\"16\" height=\"16\" alt=\"Loading\" src=\"https:\/\/temucotelevision.cl\/web\/wp-content\/plugins\/page-views-count\/ajax-loader-2x.gif\" border=0 \/><\/p><div class=\"pvc_clear\"><\/div>\n<p class=\"has-medium-font-size\"><strong>El popular cantante urbano, due\u00f1o de un carisma singular, quien adem\u00e1s se hiciera conocido por su single Illuminati, present\u00f3 un misterioso teaser, en el que refleja su intensa carrera profesional y un notable crecimiento art\u00edstico en sus pr\u00f3ximas canciones.<\/strong><\/p>\n\n\n\n<p><strong><a href=\"https:\/\/dualcommunity.us5.list-manage.com\/track\/click?u=79a86e888635868c7967a8ae8&amp;id=67f6874018&amp;e=70f0e16daa\" target=\"_blank\" rel=\"noreferrer noopener\">Kiddtetoon<\/a>,&nbsp;<\/strong>el joven cantante de trap chileno, poseedor de una importante trayectoria musical, y tambi\u00e9n reconocido por transformarse a temprana edad en una celebridad, por sus notables colaboraciones con artistas de la talla de&nbsp;<strong>Ozuna, Julianno Sosa y Polim\u00e1 Westcoast<\/strong>, acaba de publicar un teaser promocional, en el que anuncia su evolucionada y profunda etapa creativa.<\/p>\n\n\n\n<p>El teaser, es la previa al estreno del nuevo sencillo de&nbsp;<a href=\"https:\/\/dualcommunity.us5.list-manage.com\/track\/click?u=79a86e888635868c7967a8ae8&amp;id=e5e6049998&amp;e=70f0e16daa\" target=\"_blank\" rel=\"noreferrer noopener\"><strong>Kiddtetoon<\/strong><\/a>, el que ver\u00e1 la luz el&nbsp;<strong>pr\u00f3ximo 21 de junio<\/strong>. El video promocional, resume la trayectoria del cantante en un potente minuto, tiempo suficiente que deja&nbsp;<strong>en evidencia la completa y compleja carrera del afamado artista<\/strong>, confirmando experiencias dif\u00edciles, que por estos d\u00edas, lo motivan a seguir creando con m\u00e1s fuerza canciones autobiogr\u00e1ficas.<\/p>\n\n\n\n<p>Para&nbsp;<a href=\"https:\/\/dualcommunity.us5.list-manage.com\/track\/click?u=79a86e888635868c7967a8ae8&amp;id=ac0cb966d2&amp;e=70f0e16daa\" target=\"_blank\" rel=\"noreferrer noopener\"><strong>Kiddtetoon<\/strong><\/a>, esta continuidad en su carrera profesional, es muy significativa, ya que le ha permitido aprender nuevas herramientas&nbsp;<strong>para grabar&nbsp; y auto producir su m\u00fasica,<\/strong>&nbsp;las que le han servido para seguir creando, luego de un largo tiempo en pausa.<\/p>\n\n\n\n<p><strong>\u201cHe estado pasando por un momento dif\u00edcil, ya que no me sent\u00eda a gusto de c\u00f3mo estaba trabajando\u2026 y empec\u00e9 a aprender a producir y grabarme para poder fluir m\u00e1s a mi gusto y a mis tiempos\u2026 y eso me sirvi\u00f3 demasiado para ahora volver a sacar m\u00fasica despu\u00e9s de un largo tiempo\u201d,&nbsp;<\/strong>&nbsp;confiesa el cantante.<\/p>\n\n\n\n<p>En&nbsp;palabras del artista,<strong>&nbsp;\u201calguien me dijo una vez, que lo bueno de tocar fondo, es que de ah\u00ed solo queda subir\u2026 es dif\u00edcil decir todo lo que se siente\u201d.<\/strong><\/p>\n\n\n\n<p>En ese contexto, al hablar de nuevas canciones, tambi\u00e9n debemos destacar la madurez de<strong>&nbsp;<a href=\"https:\/\/dualcommunity.us5.list-manage.com\/track\/click?u=79a86e888635868c7967a8ae8&amp;id=e6789150f0&amp;e=70f0e16daa\" target=\"_blank\" rel=\"noreferrer noopener\">Kiddtetoon<\/a>,<\/strong>&nbsp;ya que en su nueva propuesta musical,&nbsp;<strong>hablar\u00e1 sin tapujos, sobre los problemas de salud mental que le trajo la fama a tan temprana edad,<\/strong>&nbsp;y tambi\u00e9n sobre el resurgimiento de su talento, luego de esta etapa de desarrollo personal y art\u00edstico.<\/p>\n\n\n\n<p>Al respecto comenta que,<strong>&nbsp;\u201cpero no voy a explicarlo, voy a cantarlo\u201d,<\/strong>&nbsp;detallando con palabras sinceras, la l\u00edrica de su proceso art\u00edstico.<\/p>\n\n\n\n<p><strong>Sobre su distanciamiento en los \u00faltimos tres a\u00f1os<\/strong>, de los escenarios y sus fan\u00e1ticos, es enf\u00e1tico en describir que lo que m\u00e1s extra\u00f1\u00f3 son los shows en vivo, la energ\u00eda y el cari\u00f1o que entrega la gente. Con evidente nostalgia narr\u00f3 que,&nbsp;&nbsp;<strong>\u201cquiero demostrar todo mi talento a full porque lo que m\u00e1s me gusta es entregar el arte de la mejor forma posible y lo m\u00e1s importante que sea directo del coraz\u00f3n\u201d.<\/strong><\/p>\n\n\n\n<p><a href=\"https:\/\/dualcommunity.us5.list-manage.com\/track\/click?u=79a86e888635868c7967a8ae8&amp;id=5dea6fed65&amp;e=70f0e16daa\" target=\"_blank\" rel=\"noreferrer noopener\"><strong>Kiddtetoon<\/strong><\/a>, en esta etapa de su carrera, llega acompa\u00f1ado de un equipo profesional y de la mano del sello discogr\u00e1fico independiente&nbsp;<a href=\"https:\/\/dualcommunity.us5.list-manage.com\/track\/click?u=79a86e888635868c7967a8ae8&amp;id=ebac3ea007&amp;e=70f0e16daa\" target=\"_blank\" rel=\"noreferrer noopener\"><strong>Maverick Records<\/strong><\/a>, con quienes prepara un intenso 2024 con lanzamientos y novedades con presentaciones en vivo.<\/p>\n\n\n\n<p>Recordemos que el\u00a0<strong>pr\u00f3ximo 21 de junio<\/strong>, es la fecha de lanzamiento en plataformas digitales, del nuevo sencillo de\u00a0<a href=\"https:\/\/dualcommunity.us5.list-manage.com\/track\/click?u=79a86e888635868c7967a8ae8&amp;id=ed2074e88d&amp;e=70f0e16daa\" target=\"_blank\" rel=\"noreferrer noopener\"><strong>Kiddtetoon<\/strong><\/a>, una canci\u00f3n con la que asegura conquistar nuevamente a sus fan\u00e1ticos.<\/p>\n\n\n\n<figure class=\"wp-block-embed is-type-video is-provider-youtube wp-block-embed-youtube wp-embed-aspect-4-3 wp-has-aspect-ratio\"><div class=\"wp-block-embed__wrapper\">\n<div class=\"epyt-video-wrapper\"><iframe loading=\"lazy\"  id=\"_ytid_87977\"  width=\"800\" height=\"450\"  data-origwidth=\"800\" data-origheight=\"450\" src=\"https:\/\/www.youtube.com\/embed\/hlenGqX04O8?enablejsapi=1&#038;autoplay=0&#038;cc_load_policy=0&#038;cc_lang_pref=&#038;iv_load_policy=1&#038;loop=0&#038;rel=1&#038;fs=1&#038;playsinline=0&#038;autohide=2&#038;theme=dark&#038;color=red&#038;controls=1&#038;disablekb=0&#038;\" class=\"__youtube_prefs__  epyt-is-override  no-lazyload\" title=\"YouTube player\"  allow=\"fullscreen; accelerometer; autoplay; clipboard-write; encrypted-media; gyroscope; picture-in-picture; web-share\" referrerpolicy=\"strict-origin-when-cross-origin\" allowfullscreen data-no-lazy=\"1\" data-skipgform_ajax_framebjll=\"\"><\/iframe><\/div>\n<\/div><\/figure>\n","protected":false},"excerpt":{"rendered":"<div class=\"pvc_clear\"><\/div>\n<p id=\"pvc_stats_50164\" class=\"pvc_stats total_only  \" data-element-id=\"50164\" style=\"\"><i class=\"pvc-stats-icon large\" aria-hidden=\"true\"><svg aria-hidden=\"true\" focusable=\"false\" data-prefix=\"far\" data-icon=\"chart-bar\" role=\"img\" xmlns=\"http:\/\/www.w3.org\/2000\/svg\" viewBox=\"0 0 512 512\" class=\"svg-inline--fa fa-chart-bar fa-w-16 fa-2x\"><path fill=\"currentColor\" d=\"M396.8 352h22.4c6.4 0 12.8-6.4 12.8-12.8V108.8c0-6.4-6.4-12.8-12.8-12.8h-22.4c-6.4 0-12.8 6.4-12.8 12.8v230.4c0 6.4 6.4 12.8 12.8 12.8zm-192 0h22.4c6.4 0 12.8-6.4 12.8-12.8V140.8c0-6.4-6.4-12.8-12.8-12.8h-22.4c-6.4 0-12.8 6.4-12.8 12.8v198.4c0 6.4 6.4 12.8 12.8 12.8zm96 0h22.4c6.4 0 12.8-6.4 12.8-12.8V204.8c0-6.4-6.4-12.8-12.8-12.8h-22.4c-6.4 0-12.8 6.4-12.8 12.8v134.4c0 6.4 6.4 12.8 12.8 12.8zM496 400H48V80c0-8.84-7.16-16-16-16H16C7.16 64 0 71.16 0 80v336c0 17.67 14.33 32 32 32h464c8.84 0 16-7.16 16-16v-16c0-8.84-7.16-16-16-16zm-387.2-48h22.4c6.4 0 12.8-6.4 12.8-12.8v-70.4c0-6.4-6.4-12.8-12.8-12.8h-22.4c-6.4 0-12.8 6.4-12.8 12.8v70.4c0 6.4 6.4 12.8 12.8 12.8z\" class=\"\"><\/path><\/svg><\/i> <img loading=\"lazy\" decoding=\"async\" width=\"16\" height=\"16\" alt=\"Loading\" src=\"https:\/\/temucotelevision.cl\/web\/wp-content\/plugins\/page-views-count\/ajax-loader-2x.gif\" border=0 \/><\/p>\n<div class=\"pvc_clear\"><\/div>\n<p>El popular cantante urbano, due\u00f1o de un carisma singular, quien adem\u00e1s se hiciera conocido por su single Illuminati, present\u00f3 un<\/p>\n","protected":false},"author":143,"featured_media":50165,"comment_status":"open","ping_status":"open","sticky":false,"template":"","format":"standard","meta":{"colormag_page_container_layout":"default_layout","colormag_page_sidebar_layout":"default_layout","footnotes":""},"categories":[369,18],"tags":[],"class_list":["post-50164","post","type-post","status-publish","format-standard","has-post-thumbnail","hentry","category-musica","category-nacional"],"a3_pvc":{"activated":true,"total_views":411,"today_views":0},"_links":{"self":[{"href":"https:\/\/temucotelevision.cl\/web\/wp-json\/wp\/v2\/posts\/50164","targetHints":{"allow":["GET"]}}],"collection":[{"href":"https:\/\/temucotelevision.cl\/web\/wp-json\/wp\/v2\/posts"}],"about":[{"href":"https:\/\/temucotelevision.cl\/web\/wp-json\/wp\/v2\/types\/post"}],"author":[{"embeddable":true,"href":"https:\/\/temucotelevision.cl\/web\/wp-json\/wp\/v2\/users\/143"}],"replies":[{"embeddable":true,"href":"https:\/\/temucotelevision.cl\/web\/wp-json\/wp\/v2\/comments?post=50164"}],"version-history":[{"count":3,"href":"https:\/\/temucotelevision.cl\/web\/wp-json\/wp\/v2\/posts\/50164\/revisions"}],"predecessor-version":[{"id":50168,"href":"https:\/\/temucotelevision.cl\/web\/wp-json\/wp\/v2\/posts\/50164\/revisions\/50168"}],"wp:featuredmedia":[{"embeddable":true,"href":"https:\/\/temucotelevision.cl\/web\/wp-json\/wp\/v2\/media\/50165"}],"wp:attachment":[{"href":"https:\/\/temucotelevision.cl\/web\/wp-json\/wp\/v2\/media?parent=50164"}],"wp:term":[{"taxonomy":"category","embeddable":true,"href":"https:\/\/temucotelevision.cl\/web\/wp-json\/wp\/v2\/categories?post=50164"},{"taxonomy":"post_tag","embeddable":true,"href":"https:\/\/temucotelevision.cl\/web\/wp-json\/wp\/v2\/tags?post=50164"}],"curies":[{"name":"wp","href":"https:\/\/api.w.org\/{rel}","templated":true}]}}