{"id":50083,"date":"2024-05-20T16:10:39","date_gmt":"2024-05-20T19:10:39","guid":{"rendered":"https:\/\/temucotelevision.cl\/web\/?p=50083"},"modified":"2024-05-20T16:10:41","modified_gmt":"2024-05-20T19:10:41","slug":"campeonato-nacional-de-menores-en-las-condes-rompe-record-de-asistencia","status":"publish","type":"post","link":"https:\/\/temucotelevision.cl\/web\/2024\/05\/20\/campeonato-nacional-de-menores-en-las-condes-rompe-record-de-asistencia\/","title":{"rendered":"Campeonato Nacional de Menores en Las Condes rompe r\u00e9cord de asistencia"},"content":{"rendered":"<div class=\"pvc_clear\"><\/div><p id=\"pvc_stats_50083\" class=\"pvc_stats total_only  \" data-element-id=\"50083\" style=\"\"><i class=\"pvc-stats-icon large\" aria-hidden=\"true\"><svg aria-hidden=\"true\" focusable=\"false\" data-prefix=\"far\" data-icon=\"chart-bar\" role=\"img\" xmlns=\"http:\/\/www.w3.org\/2000\/svg\" viewBox=\"0 0 512 512\" class=\"svg-inline--fa fa-chart-bar fa-w-16 fa-2x\"><path fill=\"currentColor\" d=\"M396.8 352h22.4c6.4 0 12.8-6.4 12.8-12.8V108.8c0-6.4-6.4-12.8-12.8-12.8h-22.4c-6.4 0-12.8 6.4-12.8 12.8v230.4c0 6.4 6.4 12.8 12.8 12.8zm-192 0h22.4c6.4 0 12.8-6.4 12.8-12.8V140.8c0-6.4-6.4-12.8-12.8-12.8h-22.4c-6.4 0-12.8 6.4-12.8 12.8v198.4c0 6.4 6.4 12.8 12.8 12.8zm96 0h22.4c6.4 0 12.8-6.4 12.8-12.8V204.8c0-6.4-6.4-12.8-12.8-12.8h-22.4c-6.4 0-12.8 6.4-12.8 12.8v134.4c0 6.4 6.4 12.8 12.8 12.8zM496 400H48V80c0-8.84-7.16-16-16-16H16C7.16 64 0 71.16 0 80v336c0 17.67 14.33 32 32 32h464c8.84 0 16-7.16 16-16v-16c0-8.84-7.16-16-16-16zm-387.2-48h22.4c6.4 0 12.8-6.4 12.8-12.8v-70.4c0-6.4-6.4-12.8-12.8-12.8h-22.4c-6.4 0-12.8 6.4-12.8 12.8v70.4c0 6.4 6.4 12.8 12.8 12.8z\" class=\"\"><\/path><\/svg><\/i> <img loading=\"lazy\" decoding=\"async\" width=\"16\" height=\"16\" alt=\"Loading\" src=\"https:\/\/temucotelevision.cl\/web\/wp-content\/plugins\/page-views-count\/ajax-loader-2x.gif\" border=0 \/><\/p><div class=\"pvc_clear\"><\/div>\n<p>&nbsp; Desde el viernes&nbsp; 17&nbsp; se&nbsp; desarrolla el <strong>Campeonato Nacional de Ajedrez de la Ni\u00f1ez y Juventud 2024 &nbsp;<\/strong> en el Gimnasio Municipal de Las Condes. &nbsp;<\/p>\n\n\n\n<p>&nbsp; Dicho evento&nbsp; es&nbsp; organizado&nbsp; por la&nbsp; <strong>Federaci\u00f3n de Ajedrez de Chile&nbsp; en conjunto con&nbsp; el Club de&nbsp; Ajedrez&nbsp; Cordillera<\/strong> &nbsp; y cuenta&nbsp; con el importante&nbsp; y valioso&nbsp; apoyo&nbsp; de&nbsp; la Municipalidad de Las Condes a&nbsp; trav\u00e9s del Departamento&nbsp; del&nbsp; Deporte &nbsp; como asimismo, el Instituto&nbsp; Nacional del Deporte. &nbsp;<\/p>\n\n\n\n<p>&nbsp; El Campeonato Nacional de&nbsp; la Jueventud&nbsp; es uno de los <strong>eventos nacionales federados<\/strong> m\u00e1s importante del pa\u00eds&nbsp; y &nbsp; convoca&nbsp; a&nbsp; ajedrecistas de todo Chile, quienes&nbsp; participan en busca de un cupo&nbsp; por cada categor\u00eda &#8211;&nbsp; desde&nbsp; la&nbsp; sub 8 hasta la sub 18 damas y absoluto &#8211; para representar al pa\u00eds en todas las competencias de car\u00e1cter internacional del a\u00f1o 2024.<\/p>\n\n\n\n<p>La Presidenta de la Federaci\u00f3n de Ajedrez de CHILE, Alejandra D\u00edaz Sep\u00falveda ha se\u00f1alado que este a\u00f1o, &nbsp; &nbsp; &nbsp; han participado 525 deportistas, superando&nbsp; el record hist\u00f3rico de&nbsp; campeonatos nacionales&nbsp; de menores&nbsp; &nbsp; federado que se tenga registro en nuestro pa\u00eds,&nbsp; lo cual sin duda&nbsp; refleja el trabajo que est\u00e1n haciendo los clubes&nbsp; promoviendo y fomentando la pr\u00e1ctica del deporte ciencia en&nbsp; sus respectivas comunas, provincias&nbsp; y regiones.<\/p>\n\n\n\n<p>La competencia &nbsp; se juega a nueve rondas&nbsp; y culmina el&nbsp; d\u00eda Mi\u00e9rcoles 22 de Mayo.<\/p>\n","protected":false},"excerpt":{"rendered":"<div class=\"pvc_clear\"><\/div>\n<p id=\"pvc_stats_50083\" class=\"pvc_stats total_only  \" data-element-id=\"50083\" style=\"\"><i class=\"pvc-stats-icon large\" aria-hidden=\"true\"><svg aria-hidden=\"true\" focusable=\"false\" data-prefix=\"far\" data-icon=\"chart-bar\" role=\"img\" xmlns=\"http:\/\/www.w3.org\/2000\/svg\" viewBox=\"0 0 512 512\" class=\"svg-inline--fa fa-chart-bar fa-w-16 fa-2x\"><path fill=\"currentColor\" d=\"M396.8 352h22.4c6.4 0 12.8-6.4 12.8-12.8V108.8c0-6.4-6.4-12.8-12.8-12.8h-22.4c-6.4 0-12.8 6.4-12.8 12.8v230.4c0 6.4 6.4 12.8 12.8 12.8zm-192 0h22.4c6.4 0 12.8-6.4 12.8-12.8V140.8c0-6.4-6.4-12.8-12.8-12.8h-22.4c-6.4 0-12.8 6.4-12.8 12.8v198.4c0 6.4 6.4 12.8 12.8 12.8zm96 0h22.4c6.4 0 12.8-6.4 12.8-12.8V204.8c0-6.4-6.4-12.8-12.8-12.8h-22.4c-6.4 0-12.8 6.4-12.8 12.8v134.4c0 6.4 6.4 12.8 12.8 12.8zM496 400H48V80c0-8.84-7.16-16-16-16H16C7.16 64 0 71.16 0 80v336c0 17.67 14.33 32 32 32h464c8.84 0 16-7.16 16-16v-16c0-8.84-7.16-16-16-16zm-387.2-48h22.4c6.4 0 12.8-6.4 12.8-12.8v-70.4c0-6.4-6.4-12.8-12.8-12.8h-22.4c-6.4 0-12.8 6.4-12.8 12.8v70.4c0 6.4 6.4 12.8 12.8 12.8z\" class=\"\"><\/path><\/svg><\/i> <img loading=\"lazy\" decoding=\"async\" width=\"16\" height=\"16\" alt=\"Loading\" src=\"https:\/\/temucotelevision.cl\/web\/wp-content\/plugins\/page-views-count\/ajax-loader-2x.gif\" border=0 \/><\/p>\n<div class=\"pvc_clear\"><\/div>\n<p>&nbsp; Desde el viernes&nbsp; 17&nbsp; se&nbsp; desarrolla el Campeonato Nacional de Ajedrez de la Ni\u00f1ez y Juventud 2024 &nbsp; en<\/p>\n","protected":false},"author":1,"featured_media":50084,"comment_status":"open","ping_status":"open","sticky":false,"template":"","format":"standard","meta":{"colormag_page_container_layout":"default_layout","colormag_page_sidebar_layout":"default_layout","footnotes":""},"categories":[101,18],"tags":[910],"class_list":["post-50083","post","type-post","status-publish","format-standard","has-post-thumbnail","hentry","category-actualidad","category-nacional","tag-campeonato"],"a3_pvc":{"activated":true,"total_views":1477,"today_views":0},"_links":{"self":[{"href":"https:\/\/temucotelevision.cl\/web\/wp-json\/wp\/v2\/posts\/50083","targetHints":{"allow":["GET"]}}],"collection":[{"href":"https:\/\/temucotelevision.cl\/web\/wp-json\/wp\/v2\/posts"}],"about":[{"href":"https:\/\/temucotelevision.cl\/web\/wp-json\/wp\/v2\/types\/post"}],"author":[{"embeddable":true,"href":"https:\/\/temucotelevision.cl\/web\/wp-json\/wp\/v2\/users\/1"}],"replies":[{"embeddable":true,"href":"https:\/\/temucotelevision.cl\/web\/wp-json\/wp\/v2\/comments?post=50083"}],"version-history":[{"count":1,"href":"https:\/\/temucotelevision.cl\/web\/wp-json\/wp\/v2\/posts\/50083\/revisions"}],"predecessor-version":[{"id":50085,"href":"https:\/\/temucotelevision.cl\/web\/wp-json\/wp\/v2\/posts\/50083\/revisions\/50085"}],"wp:featuredmedia":[{"embeddable":true,"href":"https:\/\/temucotelevision.cl\/web\/wp-json\/wp\/v2\/media\/50084"}],"wp:attachment":[{"href":"https:\/\/temucotelevision.cl\/web\/wp-json\/wp\/v2\/media?parent=50083"}],"wp:term":[{"taxonomy":"category","embeddable":true,"href":"https:\/\/temucotelevision.cl\/web\/wp-json\/wp\/v2\/categories?post=50083"},{"taxonomy":"post_tag","embeddable":true,"href":"https:\/\/temucotelevision.cl\/web\/wp-json\/wp\/v2\/tags?post=50083"}],"curies":[{"name":"wp","href":"https:\/\/api.w.org\/{rel}","templated":true}]}}