{"id":50078,"date":"2024-05-20T13:37:18","date_gmt":"2024-05-20T16:37:18","guid":{"rendered":"https:\/\/temucotelevision.cl\/web\/?p=50078"},"modified":"2024-05-20T13:37:19","modified_gmt":"2024-05-20T16:37:19","slug":"con-exito-de-participacion-se-cerro-en-antofagasta-el-encuentro-deportivo-juntos-por-la-inclusion-2024","status":"publish","type":"post","link":"https:\/\/temucotelevision.cl\/web\/2024\/05\/20\/con-exito-de-participacion-se-cerro-en-antofagasta-el-encuentro-deportivo-juntos-por-la-inclusion-2024\/","title":{"rendered":"Con \u00e9xito de participaci\u00f3n se cerr\u00f3 en Antofagasta el \u201cEncuentro Deportivo Juntos por la Inclusi\u00f3n 2024&#8243;\u00a0"},"content":{"rendered":"<div class=\"pvc_clear\"><\/div><p id=\"pvc_stats_50078\" class=\"pvc_stats total_only  \" data-element-id=\"50078\" style=\"\"><i class=\"pvc-stats-icon large\" aria-hidden=\"true\"><svg aria-hidden=\"true\" focusable=\"false\" data-prefix=\"far\" data-icon=\"chart-bar\" role=\"img\" xmlns=\"http:\/\/www.w3.org\/2000\/svg\" viewBox=\"0 0 512 512\" class=\"svg-inline--fa fa-chart-bar fa-w-16 fa-2x\"><path fill=\"currentColor\" d=\"M396.8 352h22.4c6.4 0 12.8-6.4 12.8-12.8V108.8c0-6.4-6.4-12.8-12.8-12.8h-22.4c-6.4 0-12.8 6.4-12.8 12.8v230.4c0 6.4 6.4 12.8 12.8 12.8zm-192 0h22.4c6.4 0 12.8-6.4 12.8-12.8V140.8c0-6.4-6.4-12.8-12.8-12.8h-22.4c-6.4 0-12.8 6.4-12.8 12.8v198.4c0 6.4 6.4 12.8 12.8 12.8zm96 0h22.4c6.4 0 12.8-6.4 12.8-12.8V204.8c0-6.4-6.4-12.8-12.8-12.8h-22.4c-6.4 0-12.8 6.4-12.8 12.8v134.4c0 6.4 6.4 12.8 12.8 12.8zM496 400H48V80c0-8.84-7.16-16-16-16H16C7.16 64 0 71.16 0 80v336c0 17.67 14.33 32 32 32h464c8.84 0 16-7.16 16-16v-16c0-8.84-7.16-16-16-16zm-387.2-48h22.4c6.4 0 12.8-6.4 12.8-12.8v-70.4c0-6.4-6.4-12.8-12.8-12.8h-22.4c-6.4 0-12.8 6.4-12.8 12.8v70.4c0 6.4 6.4 12.8 12.8 12.8z\" class=\"\"><\/path><\/svg><\/i> <img loading=\"lazy\" decoding=\"async\" width=\"16\" height=\"16\" alt=\"Loading\" src=\"https:\/\/temucotelevision.cl\/web\/wp-content\/plugins\/page-views-count\/ajax-loader-2x.gif\" border=0 \/><\/p><div class=\"pvc_clear\"><\/div>\n<ul class=\"wp-block-list\">\n<li>El instituto Telet\u00f3n de la ciudad fue sede, durante tres d\u00edas, de un in\u00e9dito encuentro de deporte adaptado en el que participaron m\u00e1s de 80 para atletas provenientes de siete regiones del pa\u00eds.<\/li>\n<\/ul>\n\n\n\n<p>Con alegr\u00eda y mucha emoci\u00f3n finaliz\u00f3 en Antofagasta el \u201cEncuentro Deportivo: Juntos por la Inclusi\u00f3n 2024\u201d. Durante tres d\u00edas, las delegaciones de los institutos Telet\u00f3n de Arica, Iquique, Calama, Atacama, Coquimbo, Santiago, Valpara\u00edso y Antofagasta participaron en competencias deportivas y actividades recreativas y formativas.<\/p>\n\n\n\n<p>En el cierre del evento, cuya sede fue el Instituto Telet\u00f3n de Antofagasta, se reconoci\u00f3 a cada delegaci\u00f3n participante y se entregaron medallas a todos los deportistas que compitieron, para celebrar tanto sus logros como su esp\u00edritu de camarader\u00eda, empat\u00eda y esfuerzo.<\/p>\n\n\n\n<p><strong>Sebasti\u00e1n Azares<\/strong>, director de Telet\u00f3n Antofagasta, hizo un positivo balance de esta expedita actividad deportiva realizada en conjunto con Fundaci\u00f3n Luksic. \u201cEstamos muy contentos de tener la oportunidad de ser los due\u00f1os de casa de este gran evento, que ha conllevado un desaf\u00edo muy importante para todo el equipo de Telet\u00f3n Antofagasta. Sin embargo, pusimos a disposici\u00f3n todo nuestro profesionalismo y, por sobre todo, mucho amor para hacer de este un grato y significativo encuentro para toda la comunidad que nos visit\u00f3 desde Santiago hasta Arica\u201d, coment\u00f3.<\/p>\n\n\n\n<p>Este encuentro busc\u00f3 promover la inclusi\u00f3n y, a trav\u00e9s de la actividad f\u00edsica, aportar a la formaci\u00f3n de personas entregando herramientas y habilidades socioemocionales que transforman vidas.<\/p>\n\n\n\n<p><strong>Rosario Donoso<\/strong>, directora del \u00e1rea de Deportes de Fundaci\u00f3n Luksic, coment\u00f3 la importancia de generar espacios de inclusi\u00f3n en los establecimientos educacionales. \u201cHa sido muy emocionante estar ac\u00e1, en el Instituto Telet\u00f3n de Antofagasta, participando de esta fiesta deportiva, donde hemos visto de cerca la pasi\u00f3n y la dedicaci\u00f3n de cada uno de los atletas y de sus familias, que nos han demostrado que no existen imposibles, que con apoyo y trabajo se pueden lograr cosas extraordinarias\u201d, a\u00f1adi\u00f3.<\/p>\n\n\n\n<p>En tanto, <strong>Cristi\u00e1n Cherif<\/strong>, coordinador nacional de la Unidad de Ejercicio y Deporte Adaptado de Telet\u00f3n, tambi\u00e9n destac\u00f3 el valor del deporte como herramienta para la rehabilitaci\u00f3n, la inserci\u00f3n social y el desarrollo de ni\u00f1as, ni\u00f1os y j\u00f3venes. \u201cEste encuentro les da la oportunidad de conocerse y socializar entre ellos, lo que incrementa considerablemente su autoestima. Incluso entre las familias se dan conversaciones que permiten generar v\u00ednculos. Te aseguro que muchos participantes saldr\u00e1n de aqu\u00ed con ganas de seguir haciendo actividad f\u00edsica. Llegar\u00e1n a sus colegios y le dir\u00e1n a sus profesores que ellos pueden incluirse en los deportes\u201d, explic\u00f3 Cherif.<\/p>\n\n\n\n<p>La abanderada paral\u00edmpica y tricampeona de para tenis de mesa, representante de Chile en los Juegos Paral\u00edmpicos de Par\u00eds 2024, Tamara Leonelli, fue una de las invitadas estelares al evento para compartir con los j\u00f3venes deportistas, a modo de motivaci\u00f3n, su&nbsp; historia de vida desde el gimnasio de Telet\u00f3n hasta los podios ol\u00edmpicos.&nbsp;<\/p>\n\n\n\n<p>\u201cTodav\u00eda no entendemos muy bien sobre las personas en situaci\u00f3n de discapacidad, c\u00f3mo ayudarlas o c\u00f3mo incorporarlas a la sociedad y, para m\u00ed, el deporte fue eso: una manera de ser parte de la sociedad y que el resto me vea de igual a igual. Actualmente, me dedico de manera profesional al tenis de mesa y, finalmente, veo a la discapacidad como una amiga y no como enemiga\u201d, coincidi\u00f3 la para tenismesista.<\/p>\n\n\n\n<p>En la misma l\u00ednea,<strong> Sebasti\u00e1n Arancibia<\/strong>, profesor de la Unidad de Ejercicio y Deporte Adaptado de Telet\u00f3n Antofagasta, destac\u00f3 el encuentro como una gran oportunidad de participaci\u00f3n tanto para el equipo, como para las ni\u00f1as, ni\u00f1os y j\u00f3venes que se atienden todos los d\u00edas.&nbsp;<\/p>\n\n\n\n<p>\u201cSe gener\u00f3 un punto de encuentro en el que pudimos recibir a m\u00e1s delegaciones, visibilizando parte del trabajo que realizamos en cada instituto y c\u00f3mo cada uno, desde sus responsabilidades y funciones, aporta una pieza fundamental\u201d, explic\u00f3 el profesor Arancibia.<\/p>\n\n\n\n<p><strong>Evangelina del Canto<\/strong>, deportista que viaj\u00f3 desde el Instituto Telet\u00f3n Valpara\u00edso a\u00f1adi\u00f3 que volver\u00eda a repetir este tipo de actividades. \u201cYo ven\u00eda a representar al equipo de tenis de mesa, pero ac\u00e1 tuve la oportunidad de jugar b\u00e1squetbol 3&#215;3 en silla de ruedas y me qued\u00f3 gustando. Adem\u00e1s, conoc\u00ed muchas personas de diferentes ciudades\u201d, coment\u00f3 .<\/p>\n\n\n\n<p>El evento consolid\u00f3 a Antofagasta como un epicentro del deporte adaptado en el pa\u00eds, y tambi\u00e9n dej\u00f3 un legado de inclusi\u00f3n y desarrollo personal en las m\u00e1s de 170 personas que asistieron al encuentro.<\/p>\n\n\n\n<p>La exitosa realizaci\u00f3n de este evento en Antofagasta refuerza el compromiso de Telet\u00f3n y Fundaci\u00f3n Luksic con el deporte y la inclusi\u00f3n social. Ambas instituciones buscar\u00e1n seguir promoviendo el deporte como plataforma de formaci\u00f3n, rehabilitaci\u00f3n e inclusi\u00f3n en otras regiones del pa\u00eds.<\/p>\n","protected":false},"excerpt":{"rendered":"<div class=\"pvc_clear\"><\/div>\n<p id=\"pvc_stats_50078\" class=\"pvc_stats total_only  \" data-element-id=\"50078\" style=\"\"><i class=\"pvc-stats-icon large\" aria-hidden=\"true\"><svg aria-hidden=\"true\" focusable=\"false\" data-prefix=\"far\" data-icon=\"chart-bar\" role=\"img\" xmlns=\"http:\/\/www.w3.org\/2000\/svg\" viewBox=\"0 0 512 512\" class=\"svg-inline--fa fa-chart-bar fa-w-16 fa-2x\"><path fill=\"currentColor\" d=\"M396.8 352h22.4c6.4 0 12.8-6.4 12.8-12.8V108.8c0-6.4-6.4-12.8-12.8-12.8h-22.4c-6.4 0-12.8 6.4-12.8 12.8v230.4c0 6.4 6.4 12.8 12.8 12.8zm-192 0h22.4c6.4 0 12.8-6.4 12.8-12.8V140.8c0-6.4-6.4-12.8-12.8-12.8h-22.4c-6.4 0-12.8 6.4-12.8 12.8v198.4c0 6.4 6.4 12.8 12.8 12.8zm96 0h22.4c6.4 0 12.8-6.4 12.8-12.8V204.8c0-6.4-6.4-12.8-12.8-12.8h-22.4c-6.4 0-12.8 6.4-12.8 12.8v134.4c0 6.4 6.4 12.8 12.8 12.8zM496 400H48V80c0-8.84-7.16-16-16-16H16C7.16 64 0 71.16 0 80v336c0 17.67 14.33 32 32 32h464c8.84 0 16-7.16 16-16v-16c0-8.84-7.16-16-16-16zm-387.2-48h22.4c6.4 0 12.8-6.4 12.8-12.8v-70.4c0-6.4-6.4-12.8-12.8-12.8h-22.4c-6.4 0-12.8 6.4-12.8 12.8v70.4c0 6.4 6.4 12.8 12.8 12.8z\" class=\"\"><\/path><\/svg><\/i> <img loading=\"lazy\" decoding=\"async\" width=\"16\" height=\"16\" alt=\"Loading\" src=\"https:\/\/temucotelevision.cl\/web\/wp-content\/plugins\/page-views-count\/ajax-loader-2x.gif\" border=0 \/><\/p>\n<div class=\"pvc_clear\"><\/div>\n<p>Con alegr\u00eda y mucha emoci\u00f3n finaliz\u00f3 en Antofagasta el \u201cEncuentro Deportivo: Juntos por la Inclusi\u00f3n 2024\u201d. Durante tres d\u00edas, las<\/p>\n","protected":false},"author":1,"featured_media":50079,"comment_status":"open","ping_status":"open","sticky":false,"template":"","format":"standard","meta":{"colormag_page_container_layout":"default_layout","colormag_page_sidebar_layout":"default_layout","footnotes":""},"categories":[18],"tags":[3729],"class_list":["post-50078","post","type-post","status-publish","format-standard","has-post-thumbnail","hentry","category-nacional","tag-inclusion"],"a3_pvc":{"activated":true,"total_views":724,"today_views":0},"_links":{"self":[{"href":"https:\/\/temucotelevision.cl\/web\/wp-json\/wp\/v2\/posts\/50078","targetHints":{"allow":["GET"]}}],"collection":[{"href":"https:\/\/temucotelevision.cl\/web\/wp-json\/wp\/v2\/posts"}],"about":[{"href":"https:\/\/temucotelevision.cl\/web\/wp-json\/wp\/v2\/types\/post"}],"author":[{"embeddable":true,"href":"https:\/\/temucotelevision.cl\/web\/wp-json\/wp\/v2\/users\/1"}],"replies":[{"embeddable":true,"href":"https:\/\/temucotelevision.cl\/web\/wp-json\/wp\/v2\/comments?post=50078"}],"version-history":[{"count":1,"href":"https:\/\/temucotelevision.cl\/web\/wp-json\/wp\/v2\/posts\/50078\/revisions"}],"predecessor-version":[{"id":50080,"href":"https:\/\/temucotelevision.cl\/web\/wp-json\/wp\/v2\/posts\/50078\/revisions\/50080"}],"wp:featuredmedia":[{"embeddable":true,"href":"https:\/\/temucotelevision.cl\/web\/wp-json\/wp\/v2\/media\/50079"}],"wp:attachment":[{"href":"https:\/\/temucotelevision.cl\/web\/wp-json\/wp\/v2\/media?parent=50078"}],"wp:term":[{"taxonomy":"category","embeddable":true,"href":"https:\/\/temucotelevision.cl\/web\/wp-json\/wp\/v2\/categories?post=50078"},{"taxonomy":"post_tag","embeddable":true,"href":"https:\/\/temucotelevision.cl\/web\/wp-json\/wp\/v2\/tags?post=50078"}],"curies":[{"name":"wp","href":"https:\/\/api.w.org\/{rel}","templated":true}]}}