{"id":50023,"date":"2024-05-16T21:59:56","date_gmt":"2024-05-17T00:59:56","guid":{"rendered":"https:\/\/temucotelevision.cl\/web\/?p=50023"},"modified":"2024-05-16T22:07:53","modified_gmt":"2024-05-17T01:07:53","slug":"traslado-preventivo-de-internas-en-el-centro-penitenciario-femenino-de-temuco-por-emanaciones-de-gas","status":"publish","type":"post","link":"https:\/\/temucotelevision.cl\/web\/2024\/05\/16\/traslado-preventivo-de-internas-en-el-centro-penitenciario-femenino-de-temuco-por-emanaciones-de-gas\/","title":{"rendered":"Traslado preventivo de internas en el Centro Penitenciario Femenino de Temuco por emanaciones de gas"},"content":{"rendered":"<div class=\"pvc_clear\"><\/div><p id=\"pvc_stats_50023\" class=\"pvc_stats total_only  \" data-element-id=\"50023\" style=\"\"><i class=\"pvc-stats-icon large\" aria-hidden=\"true\"><svg aria-hidden=\"true\" focusable=\"false\" data-prefix=\"far\" data-icon=\"chart-bar\" role=\"img\" xmlns=\"http:\/\/www.w3.org\/2000\/svg\" viewBox=\"0 0 512 512\" class=\"svg-inline--fa fa-chart-bar fa-w-16 fa-2x\"><path fill=\"currentColor\" d=\"M396.8 352h22.4c6.4 0 12.8-6.4 12.8-12.8V108.8c0-6.4-6.4-12.8-12.8-12.8h-22.4c-6.4 0-12.8 6.4-12.8 12.8v230.4c0 6.4 6.4 12.8 12.8 12.8zm-192 0h22.4c6.4 0 12.8-6.4 12.8-12.8V140.8c0-6.4-6.4-12.8-12.8-12.8h-22.4c-6.4 0-12.8 6.4-12.8 12.8v198.4c0 6.4 6.4 12.8 12.8 12.8zm96 0h22.4c6.4 0 12.8-6.4 12.8-12.8V204.8c0-6.4-6.4-12.8-12.8-12.8h-22.4c-6.4 0-12.8 6.4-12.8 12.8v134.4c0 6.4 6.4 12.8 12.8 12.8zM496 400H48V80c0-8.84-7.16-16-16-16H16C7.16 64 0 71.16 0 80v336c0 17.67 14.33 32 32 32h464c8.84 0 16-7.16 16-16v-16c0-8.84-7.16-16-16-16zm-387.2-48h22.4c6.4 0 12.8-6.4 12.8-12.8v-70.4c0-6.4-6.4-12.8-12.8-12.8h-22.4c-6.4 0-12.8 6.4-12.8 12.8v70.4c0 6.4 6.4 12.8 12.8 12.8z\" class=\"\"><\/path><\/svg><\/i> <img loading=\"lazy\" decoding=\"async\" width=\"16\" height=\"16\" alt=\"Loading\" src=\"https:\/\/temucotelevision.cl\/web\/wp-content\/plugins\/page-views-count\/ajax-loader-2x.gif\" border=0 \/><\/p><div class=\"pvc_clear\"><\/div>\n<p> La Direcci\u00f3n Regional de Gendarmer\u00eda de La Araucan\u00eda ha confirmado el traslado preventivo y transitorio de las 70 internas del Centro Penitenciario Femenino (CPF) de Temuco al Centro de Detenci\u00f3n Preventiva (CDP) de Pitrufqu\u00e9n, en la IX regi\u00f3n. Esta medida se tom\u00f3 tras detectar emanaciones de gas en el CPF, situaci\u00f3n que ha generado preocupaci\u00f3n por la seguridad de las internas y el personal.<\/p>\n\n\n\n<p>Para abordar este problema, Gendarmer\u00eda ha decidido convertir el sistema de bombonas a gas del CPF a un sistema de gas por ca\u00f1er\u00eda. Los trabajos de instalaci\u00f3n comenzar\u00e1n la pr\u00f3xima semana, en coordinaci\u00f3n con una empresa certificada encargada de reparar las fugas de gas detectadas y realizar pruebas de hermeticidad.<\/p>\n\n\n\n<p>La instituci\u00f3n ha manifestado su constante preocupaci\u00f3n por la seguridad y bienestar de la poblaci\u00f3n penal, manteniendo una coordinaci\u00f3n permanente con Bomberos de Chile para asegurar la integridad de todos ante posibles emergencias derivadas de las emanaciones de gas.<\/p>\n\n\n\n<p>Es importante destacar que, hasta la fecha, no se han reportado problemas de salud entre las internas ni el personal del CPF. Como parte del plan de contingencia, tambi\u00e9n se ha realizado el traslado temporal de 101 internos del CDP de Pitrufqu\u00e9n a otras unidades penales, para poder albergar a las internas de Temuco durante el periodo de reparaciones.<\/p>\n\n\n\n<p>Gendarmer\u00eda reitera su compromiso con la seguridad y el bienestar de la poblaci\u00f3n penal y el personal, asegurando que se tomar\u00e1n todas las medidas necesarias para resolver esta situaci\u00f3n de manera efectiva y segura.<\/p>\n","protected":false},"excerpt":{"rendered":"<div class=\"pvc_clear\"><\/div>\n<p id=\"pvc_stats_50023\" class=\"pvc_stats total_only  \" data-element-id=\"50023\" style=\"\"><i class=\"pvc-stats-icon large\" aria-hidden=\"true\"><svg aria-hidden=\"true\" focusable=\"false\" data-prefix=\"far\" data-icon=\"chart-bar\" role=\"img\" xmlns=\"http:\/\/www.w3.org\/2000\/svg\" viewBox=\"0 0 512 512\" class=\"svg-inline--fa fa-chart-bar fa-w-16 fa-2x\"><path fill=\"currentColor\" d=\"M396.8 352h22.4c6.4 0 12.8-6.4 12.8-12.8V108.8c0-6.4-6.4-12.8-12.8-12.8h-22.4c-6.4 0-12.8 6.4-12.8 12.8v230.4c0 6.4 6.4 12.8 12.8 12.8zm-192 0h22.4c6.4 0 12.8-6.4 12.8-12.8V140.8c0-6.4-6.4-12.8-12.8-12.8h-22.4c-6.4 0-12.8 6.4-12.8 12.8v198.4c0 6.4 6.4 12.8 12.8 12.8zm96 0h22.4c6.4 0 12.8-6.4 12.8-12.8V204.8c0-6.4-6.4-12.8-12.8-12.8h-22.4c-6.4 0-12.8 6.4-12.8 12.8v134.4c0 6.4 6.4 12.8 12.8 12.8zM496 400H48V80c0-8.84-7.16-16-16-16H16C7.16 64 0 71.16 0 80v336c0 17.67 14.33 32 32 32h464c8.84 0 16-7.16 16-16v-16c0-8.84-7.16-16-16-16zm-387.2-48h22.4c6.4 0 12.8-6.4 12.8-12.8v-70.4c0-6.4-6.4-12.8-12.8-12.8h-22.4c-6.4 0-12.8 6.4-12.8 12.8v70.4c0 6.4 6.4 12.8 12.8 12.8z\" class=\"\"><\/path><\/svg><\/i> <img loading=\"lazy\" decoding=\"async\" width=\"16\" height=\"16\" alt=\"Loading\" src=\"https:\/\/temucotelevision.cl\/web\/wp-content\/plugins\/page-views-count\/ajax-loader-2x.gif\" border=0 \/><\/p>\n<div class=\"pvc_clear\"><\/div>\n<p>La Direcci\u00f3n Regional de Gendarmer\u00eda de La Araucan\u00eda ha confirmado el traslado preventivo y transitorio de las 70 internas del<\/p>\n","protected":false},"author":1,"featured_media":31881,"comment_status":"open","ping_status":"open","sticky":false,"template":"","format":"standard","meta":{"colormag_page_container_layout":"default_layout","colormag_page_sidebar_layout":"default_layout","footnotes":""},"categories":[14],"tags":[3587],"class_list":["post-50023","post","type-post","status-publish","format-standard","has-post-thumbnail","hentry","category-temuco","tag-internas"],"a3_pvc":{"activated":true,"total_views":1154,"today_views":0},"_links":{"self":[{"href":"https:\/\/temucotelevision.cl\/web\/wp-json\/wp\/v2\/posts\/50023","targetHints":{"allow":["GET"]}}],"collection":[{"href":"https:\/\/temucotelevision.cl\/web\/wp-json\/wp\/v2\/posts"}],"about":[{"href":"https:\/\/temucotelevision.cl\/web\/wp-json\/wp\/v2\/types\/post"}],"author":[{"embeddable":true,"href":"https:\/\/temucotelevision.cl\/web\/wp-json\/wp\/v2\/users\/1"}],"replies":[{"embeddable":true,"href":"https:\/\/temucotelevision.cl\/web\/wp-json\/wp\/v2\/comments?post=50023"}],"version-history":[{"count":3,"href":"https:\/\/temucotelevision.cl\/web\/wp-json\/wp\/v2\/posts\/50023\/revisions"}],"predecessor-version":[{"id":50027,"href":"https:\/\/temucotelevision.cl\/web\/wp-json\/wp\/v2\/posts\/50023\/revisions\/50027"}],"wp:featuredmedia":[{"embeddable":true,"href":"https:\/\/temucotelevision.cl\/web\/wp-json\/wp\/v2\/media\/31881"}],"wp:attachment":[{"href":"https:\/\/temucotelevision.cl\/web\/wp-json\/wp\/v2\/media?parent=50023"}],"wp:term":[{"taxonomy":"category","embeddable":true,"href":"https:\/\/temucotelevision.cl\/web\/wp-json\/wp\/v2\/categories?post=50023"},{"taxonomy":"post_tag","embeddable":true,"href":"https:\/\/temucotelevision.cl\/web\/wp-json\/wp\/v2\/tags?post=50023"}],"curies":[{"name":"wp","href":"https:\/\/api.w.org\/{rel}","templated":true}]}}