{"id":50020,"date":"2024-05-16T18:12:51","date_gmt":"2024-05-16T21:12:51","guid":{"rendered":"https:\/\/temucotelevision.cl\/web\/?p=50020"},"modified":"2024-05-16T18:12:52","modified_gmt":"2024-05-16T21:12:52","slug":"pdi-detuvo-a-sujeto-que-se-encontraba-profugo-por-violacion-ocurrida-en-temuco","status":"publish","type":"post","link":"https:\/\/temucotelevision.cl\/web\/2024\/05\/16\/pdi-detuvo-a-sujeto-que-se-encontraba-profugo-por-violacion-ocurrida-en-temuco\/","title":{"rendered":"PDI detuvo a sujeto que se encontraba pr\u00f3fugo por violaci\u00f3n ocurrida en Temuco"},"content":{"rendered":"<div class=\"pvc_clear\"><\/div><p id=\"pvc_stats_50020\" class=\"pvc_stats total_only  \" data-element-id=\"50020\" style=\"\"><i class=\"pvc-stats-icon large\" aria-hidden=\"true\"><svg aria-hidden=\"true\" focusable=\"false\" data-prefix=\"far\" data-icon=\"chart-bar\" role=\"img\" xmlns=\"http:\/\/www.w3.org\/2000\/svg\" viewBox=\"0 0 512 512\" class=\"svg-inline--fa fa-chart-bar fa-w-16 fa-2x\"><path fill=\"currentColor\" d=\"M396.8 352h22.4c6.4 0 12.8-6.4 12.8-12.8V108.8c0-6.4-6.4-12.8-12.8-12.8h-22.4c-6.4 0-12.8 6.4-12.8 12.8v230.4c0 6.4 6.4 12.8 12.8 12.8zm-192 0h22.4c6.4 0 12.8-6.4 12.8-12.8V140.8c0-6.4-6.4-12.8-12.8-12.8h-22.4c-6.4 0-12.8 6.4-12.8 12.8v198.4c0 6.4 6.4 12.8 12.8 12.8zm96 0h22.4c6.4 0 12.8-6.4 12.8-12.8V204.8c0-6.4-6.4-12.8-12.8-12.8h-22.4c-6.4 0-12.8 6.4-12.8 12.8v134.4c0 6.4 6.4 12.8 12.8 12.8zM496 400H48V80c0-8.84-7.16-16-16-16H16C7.16 64 0 71.16 0 80v336c0 17.67 14.33 32 32 32h464c8.84 0 16-7.16 16-16v-16c0-8.84-7.16-16-16-16zm-387.2-48h22.4c6.4 0 12.8-6.4 12.8-12.8v-70.4c0-6.4-6.4-12.8-12.8-12.8h-22.4c-6.4 0-12.8 6.4-12.8 12.8v70.4c0 6.4 6.4 12.8 12.8 12.8z\" class=\"\"><\/path><\/svg><\/i> <img loading=\"lazy\" decoding=\"async\" width=\"16\" height=\"16\" alt=\"Loading\" src=\"https:\/\/temucotelevision.cl\/web\/wp-content\/plugins\/page-views-count\/ajax-loader-2x.gif\" border=0 \/><\/p><div class=\"pvc_clear\"><\/div>\n<p>En el marco del trabajo desarrollado por el Plan de Persecuci\u00f3n, \u201cPr\u00f3fugos imputados y condenados por crimen\u201d, detectives de la Brigada de Investigaci\u00f3n Criminal (Bicrim) Temuco, detuvieron a un hombre de 22 a\u00f1os, con antecedentes policiales por diversos delitos -como secuestro, amenazas y abuso sexual- y que se encontraba pr\u00f3fugo. El sujeto fue detenido en los alrededores de la comuna de Perquenco.<\/p>\n\n\n\n<p>El jefe de la Prefectura provincial Caut\u00edn, prefecto Luis Garrido Aravena, indic\u00f3 que las tres \u00f3rdenes de detenci\u00f3n son \u201cpor los delitos de lesiones menos graves, lesiones graves, y violaci\u00f3n de mayor de 14 a\u00f1os, este \u00faltimo hecho gravoso, fue cometido en el mes de septiembre del a\u00f1o pasado, en contra de una mujer de 33 a\u00f1os, en la ribera del r\u00edo Caut\u00edn\u201d.<\/p>\n\n\n\n<p>El prefecto Garrido, agreg\u00f3 que la detenci\u00f3n se logr\u00f3 \u201cprevio a un trabajo anal\u00edtico y de colaboraci\u00f3n con la Fiscal\u00eda local de Temuco, por un equipo de detectives de la Prefectura provincial Caut\u00edn, con dedicaci\u00f3n preferente, a fin de lograr la ubicaci\u00f3n de sujetos prol\u00edficos en el escenario criminal\u201d<\/p>\n\n\n\n<p>El imputado fue puesto a disposici\u00f3n del Juzgado de Garant\u00eda de Temuco, para el control de detenci\u00f3n y la persecuci\u00f3n penal correspondiente.<\/p>\n","protected":false},"excerpt":{"rendered":"<div class=\"pvc_clear\"><\/div>\n<p id=\"pvc_stats_50020\" class=\"pvc_stats total_only  \" data-element-id=\"50020\" style=\"\"><i class=\"pvc-stats-icon large\" aria-hidden=\"true\"><svg aria-hidden=\"true\" focusable=\"false\" data-prefix=\"far\" data-icon=\"chart-bar\" role=\"img\" xmlns=\"http:\/\/www.w3.org\/2000\/svg\" viewBox=\"0 0 512 512\" class=\"svg-inline--fa fa-chart-bar fa-w-16 fa-2x\"><path fill=\"currentColor\" d=\"M396.8 352h22.4c6.4 0 12.8-6.4 12.8-12.8V108.8c0-6.4-6.4-12.8-12.8-12.8h-22.4c-6.4 0-12.8 6.4-12.8 12.8v230.4c0 6.4 6.4 12.8 12.8 12.8zm-192 0h22.4c6.4 0 12.8-6.4 12.8-12.8V140.8c0-6.4-6.4-12.8-12.8-12.8h-22.4c-6.4 0-12.8 6.4-12.8 12.8v198.4c0 6.4 6.4 12.8 12.8 12.8zm96 0h22.4c6.4 0 12.8-6.4 12.8-12.8V204.8c0-6.4-6.4-12.8-12.8-12.8h-22.4c-6.4 0-12.8 6.4-12.8 12.8v134.4c0 6.4 6.4 12.8 12.8 12.8zM496 400H48V80c0-8.84-7.16-16-16-16H16C7.16 64 0 71.16 0 80v336c0 17.67 14.33 32 32 32h464c8.84 0 16-7.16 16-16v-16c0-8.84-7.16-16-16-16zm-387.2-48h22.4c6.4 0 12.8-6.4 12.8-12.8v-70.4c0-6.4-6.4-12.8-12.8-12.8h-22.4c-6.4 0-12.8 6.4-12.8 12.8v70.4c0 6.4 6.4 12.8 12.8 12.8z\" class=\"\"><\/path><\/svg><\/i> <img loading=\"lazy\" decoding=\"async\" width=\"16\" height=\"16\" alt=\"Loading\" src=\"https:\/\/temucotelevision.cl\/web\/wp-content\/plugins\/page-views-count\/ajax-loader-2x.gif\" border=0 \/><\/p>\n<div class=\"pvc_clear\"><\/div>\n<p>En el marco del trabajo desarrollado por el Plan de Persecuci\u00f3n, \u201cPr\u00f3fugos imputados y condenados por crimen\u201d, detectives de la<\/p>\n","protected":false},"author":1,"featured_media":50021,"comment_status":"open","ping_status":"open","sticky":false,"template":"","format":"standard","meta":{"colormag_page_container_layout":"default_layout","colormag_page_sidebar_layout":"default_layout","footnotes":""},"categories":[16],"tags":[339,338,189],"class_list":["post-50020","post","type-post","status-publish","format-standard","has-post-thumbnail","hentry","category-policial","tag-profugo","tag-sujeto","tag-violacion"],"a3_pvc":{"activated":true,"total_views":2314,"today_views":0},"_links":{"self":[{"href":"https:\/\/temucotelevision.cl\/web\/wp-json\/wp\/v2\/posts\/50020","targetHints":{"allow":["GET"]}}],"collection":[{"href":"https:\/\/temucotelevision.cl\/web\/wp-json\/wp\/v2\/posts"}],"about":[{"href":"https:\/\/temucotelevision.cl\/web\/wp-json\/wp\/v2\/types\/post"}],"author":[{"embeddable":true,"href":"https:\/\/temucotelevision.cl\/web\/wp-json\/wp\/v2\/users\/1"}],"replies":[{"embeddable":true,"href":"https:\/\/temucotelevision.cl\/web\/wp-json\/wp\/v2\/comments?post=50020"}],"version-history":[{"count":1,"href":"https:\/\/temucotelevision.cl\/web\/wp-json\/wp\/v2\/posts\/50020\/revisions"}],"predecessor-version":[{"id":50022,"href":"https:\/\/temucotelevision.cl\/web\/wp-json\/wp\/v2\/posts\/50020\/revisions\/50022"}],"wp:featuredmedia":[{"embeddable":true,"href":"https:\/\/temucotelevision.cl\/web\/wp-json\/wp\/v2\/media\/50021"}],"wp:attachment":[{"href":"https:\/\/temucotelevision.cl\/web\/wp-json\/wp\/v2\/media?parent=50020"}],"wp:term":[{"taxonomy":"category","embeddable":true,"href":"https:\/\/temucotelevision.cl\/web\/wp-json\/wp\/v2\/categories?post=50020"},{"taxonomy":"post_tag","embeddable":true,"href":"https:\/\/temucotelevision.cl\/web\/wp-json\/wp\/v2\/tags?post=50020"}],"curies":[{"name":"wp","href":"https:\/\/api.w.org\/{rel}","templated":true}]}}