{"id":50007,"date":"2024-05-16T16:59:05","date_gmt":"2024-05-16T19:59:05","guid":{"rendered":"https:\/\/temucotelevision.cl\/web\/?p=50007"},"modified":"2024-05-16T16:59:06","modified_gmt":"2024-05-16T19:59:06","slug":"tens-iones-obra-de-danza-contemporanea-es-el-espectaculo-de-mayo-en-espacio-txawun","status":"publish","type":"post","link":"https:\/\/temucotelevision.cl\/web\/2024\/05\/16\/tens-iones-obra-de-danza-contemporanea-es-el-espectaculo-de-mayo-en-espacio-txawun\/","title":{"rendered":"TENS IONES: obra de danza contempor\u00e1nea es el espect\u00e1culo de mayo en Espacio Txaw\u00fcn"},"content":{"rendered":"<div class=\"pvc_clear\"><\/div><p id=\"pvc_stats_50007\" class=\"pvc_stats total_only  \" data-element-id=\"50007\" style=\"\"><i class=\"pvc-stats-icon large\" aria-hidden=\"true\"><svg aria-hidden=\"true\" focusable=\"false\" data-prefix=\"far\" data-icon=\"chart-bar\" role=\"img\" xmlns=\"http:\/\/www.w3.org\/2000\/svg\" viewBox=\"0 0 512 512\" class=\"svg-inline--fa fa-chart-bar fa-w-16 fa-2x\"><path fill=\"currentColor\" d=\"M396.8 352h22.4c6.4 0 12.8-6.4 12.8-12.8V108.8c0-6.4-6.4-12.8-12.8-12.8h-22.4c-6.4 0-12.8 6.4-12.8 12.8v230.4c0 6.4 6.4 12.8 12.8 12.8zm-192 0h22.4c6.4 0 12.8-6.4 12.8-12.8V140.8c0-6.4-6.4-12.8-12.8-12.8h-22.4c-6.4 0-12.8 6.4-12.8 12.8v198.4c0 6.4 6.4 12.8 12.8 12.8zm96 0h22.4c6.4 0 12.8-6.4 12.8-12.8V204.8c0-6.4-6.4-12.8-12.8-12.8h-22.4c-6.4 0-12.8 6.4-12.8 12.8v134.4c0 6.4 6.4 12.8 12.8 12.8zM496 400H48V80c0-8.84-7.16-16-16-16H16C7.16 64 0 71.16 0 80v336c0 17.67 14.33 32 32 32h464c8.84 0 16-7.16 16-16v-16c0-8.84-7.16-16-16-16zm-387.2-48h22.4c6.4 0 12.8-6.4 12.8-12.8v-70.4c0-6.4-6.4-12.8-12.8-12.8h-22.4c-6.4 0-12.8 6.4-12.8 12.8v70.4c0 6.4 6.4 12.8 12.8 12.8z\" class=\"\"><\/path><\/svg><\/i> <img loading=\"lazy\" decoding=\"async\" width=\"16\" height=\"16\" alt=\"Loading\" src=\"https:\/\/temucotelevision.cl\/web\/wp-content\/plugins\/page-views-count\/ajax-loader-2x.gif\" border=0 \/><\/p><div class=\"pvc_clear\"><\/div>\n<p><strong>CULTURA.- <\/strong>El montaje, a cargo del colectivo art\u00edstico Plataforma azul, llega este domingo 19 de mayo, a las 16 horas, al km 13,5 camino a Ni\u00e1gara, Padre Las Casas. La entrada es liberada previa inscripci\u00f3n en <a href=\"http:\/\/www.txawun.cl\/\" target=\"_blank\" rel=\"noreferrer noopener\">www.txawun.cl<\/a>. &nbsp;En la misma jornada ser\u00e1 la inauguraci\u00f3n de la exposici\u00f3n Esc\u00e9nicas de la fot\u00f3grafa Paty Pichun. &nbsp;<\/p>\n\n\n\n<p>Una reflexi\u00f3n sobre el origen del universo, las relaciones entre electrones, \u00e1tomos y organismos pluricelulares y sus similitudes con las formas de relacionarse de los seres humanos, son los ejes que propone la obra de danza contempor\u00e1nea y performance TENS IONES que este domingo 19 de mayo, a las 16 horas, tendr\u00e1 una funci\u00f3n \u00fanica en el Espacio de creaci\u00f3n esc\u00e9nica Txaw\u00fcn, ubicado en el km 13,5 camino a Ni\u00e1gara Padre Las Casas.&nbsp;<\/p>\n\n\n\n<p>\u201cTenemos un compromiso con el lugar en el que estamos insertos, por eso tambi\u00e9n buscamos dar espacio a espect\u00e1culos de las artes esc\u00e9nicas creados en nuestro territorio por artistas locales que han desarrollado un largo trabajo creativo desde la formulaci\u00f3n de un idea hasta llegar al estreno de su obra\u201d cuenta Jaime Silva, coordinador de Espacio Txaw\u00fcn.<\/p>\n\n\n\n<p>En esta oportunidad, el montaje es una creaci\u00f3n regional a cargo del colectivo art\u00edstico Plataforma azul, que plantea la infinita&nbsp; posibilidad de configuraci\u00f3n de la materia, desde una mirada cu\u00e1ntica. \u201cTodo lo que vemos, tocamos, olemos, degustamos y o\u00edmos son formas en que la materia est\u00e1 dispuesta a trav\u00e9s de \u00e1tomos en multitud de combinaciones, ya que al relacionarse unos con otros generan interacciones como la atracci\u00f3n, repulsi\u00f3n, adhesi\u00f3n, eyecci\u00f3n, aprensi\u00f3n\u201d, reflexiona Margarita Rojas bailarina y directora de TENS IONES.<\/p>\n\n\n\n<p>La entrada es liberada pero el p\u00fablico interesado debe inscribirse en el formulario disponible en <a href=\"http:\/\/www.txawun.cl\/\" target=\"_blank\" rel=\"noreferrer noopener\">www.txawun.cl<\/a> o bien en las redes sociales de @espaciotxawun. Adem\u00e1s habr\u00e1 transporte gratuito desde Temuco y Padre Las Casas, disponible en el mismo link, los cupos son limitados. El montaje es familiar pero especialmente recomendado para mayores de 13 a\u00f1os.<\/p>\n\n\n\n<p><strong>LA COMPA\u00d1\u00cdA<\/strong><\/p>\n\n\n\n<p>Plataforma azul es un colectivo art\u00edstico de La Araucan\u00eda, en el sur de Chile. Desde 2017 forma, investiga y crea espect\u00e1culos de danza contempor\u00e1nea. Actualmente se consolida como un equipo transdisciplinario en artes esc\u00e9nicas, donde convergen distintos saberes, experiencias y pr\u00e1cticas: danza, salud, ciencias sociales y educaci\u00f3n.<\/p>\n\n\n\n<p>Su objetivo es la creaci\u00f3n desde el cuerpo, como eje fundamental del desarrollo personal, social, hist\u00f3rico, de memoria y territorial a trav\u00e9s de las diversas \u00e1reas de trabajo desde las cuales abordan la danza.<\/p>\n\n\n\n<p>Las \u00e1reas que conforman la plataforma, a trav\u00e9s de las cuales se vinculamos con el territorio son la formaci\u00f3n continua orientado a artistas y deportistas, experiencias de movimiento para infancias, adultos mayores y personas sin experiencia en danza o pr\u00e1cticas corporales, La construcci\u00f3n de procesos creativos, Itinerancias de obras de danza y mediaciones art\u00edsticas educativas.<\/p>\n\n\n\n<p><strong>EXPOSICI\u00d3N<\/strong><\/p>\n\n\n\n<p>En la misma jornada, junto a la obra Tensiones de Plataforma Azul, tendr\u00e1 lugar la inauguraci\u00f3n de la exposici\u00f3n fotogr\u00e1fica de la artista local Paty Pichun. Un compilado de fotograf\u00edas de obras de las artes esc\u00e9nicas presentadas en espacios art\u00edsticos de nuestro territorio. &#8220;Esc\u00e9nicas es una serie de fotograf\u00edas&nbsp; realizadas en espacios locales donde las artes esc\u00e9nicas proponen un lenguaje con&nbsp; lxs cuerpos: : el&nbsp; movimiento, la expresi\u00f3n, la energ\u00eda, las emociones en escena&#8221;, relata la fotograf\u00eda.&nbsp;<\/p>\n\n\n\n<p>La exposici\u00f3n estar\u00e1 abierta a todo p\u00fablico entre el 19 y el 28 de mayo de 11 a 17 horas, para asistir un d\u00eda distinto al de la inauguraci\u00f3n debe coordinar su visita al correo <a href=\"mailto:contacto@txawun.cl\" target=\"_blank\" rel=\"noreferrer noopener\">contacto@txawun.cl<\/a><\/p>\n\n\n\n<figure class=\"wp-block-image size-large\"><img loading=\"lazy\" decoding=\"async\" width=\"707\" height=\"1000\" src=\"https:\/\/temucotelevision.cl\/web\/wp-content\/uploads\/2024\/05\/afiche-tensiones-obra-danza-contemporanea-performance-txawun-mayo-2024-707x1000.jpg\" alt=\"\" class=\"wp-image-50014\" srcset=\"https:\/\/temucotelevision.cl\/web\/wp-content\/uploads\/2024\/05\/afiche-tensiones-obra-danza-contemporanea-performance-txawun-mayo-2024-707x1000.jpg 707w, https:\/\/temucotelevision.cl\/web\/wp-content\/uploads\/2024\/05\/afiche-tensiones-obra-danza-contemporanea-performance-txawun-mayo-2024-768x1086.jpg 768w, https:\/\/temucotelevision.cl\/web\/wp-content\/uploads\/2024\/05\/afiche-tensiones-obra-danza-contemporanea-performance-txawun-mayo-2024-1086x1536.jpg 1086w, https:\/\/temucotelevision.cl\/web\/wp-content\/uploads\/2024\/05\/afiche-tensiones-obra-danza-contemporanea-performance-txawun-mayo-2024-1448x2048.jpg 1448w, https:\/\/temucotelevision.cl\/web\/wp-content\/uploads\/2024\/05\/afiche-tensiones-obra-danza-contemporanea-performance-txawun-mayo-2024-scaled.jpg 1810w\" sizes=\"auto, (max-width: 707px) 100vw, 707px\" \/><\/figure>\n","protected":false},"excerpt":{"rendered":"<div class=\"pvc_clear\"><\/div>\n<p id=\"pvc_stats_50007\" class=\"pvc_stats total_only  \" data-element-id=\"50007\" style=\"\"><i class=\"pvc-stats-icon large\" aria-hidden=\"true\"><svg aria-hidden=\"true\" focusable=\"false\" data-prefix=\"far\" data-icon=\"chart-bar\" role=\"img\" xmlns=\"http:\/\/www.w3.org\/2000\/svg\" viewBox=\"0 0 512 512\" class=\"svg-inline--fa fa-chart-bar fa-w-16 fa-2x\"><path fill=\"currentColor\" d=\"M396.8 352h22.4c6.4 0 12.8-6.4 12.8-12.8V108.8c0-6.4-6.4-12.8-12.8-12.8h-22.4c-6.4 0-12.8 6.4-12.8 12.8v230.4c0 6.4 6.4 12.8 12.8 12.8zm-192 0h22.4c6.4 0 12.8-6.4 12.8-12.8V140.8c0-6.4-6.4-12.8-12.8-12.8h-22.4c-6.4 0-12.8 6.4-12.8 12.8v198.4c0 6.4 6.4 12.8 12.8 12.8zm96 0h22.4c6.4 0 12.8-6.4 12.8-12.8V204.8c0-6.4-6.4-12.8-12.8-12.8h-22.4c-6.4 0-12.8 6.4-12.8 12.8v134.4c0 6.4 6.4 12.8 12.8 12.8zM496 400H48V80c0-8.84-7.16-16-16-16H16C7.16 64 0 71.16 0 80v336c0 17.67 14.33 32 32 32h464c8.84 0 16-7.16 16-16v-16c0-8.84-7.16-16-16-16zm-387.2-48h22.4c6.4 0 12.8-6.4 12.8-12.8v-70.4c0-6.4-6.4-12.8-12.8-12.8h-22.4c-6.4 0-12.8 6.4-12.8 12.8v70.4c0 6.4 6.4 12.8 12.8 12.8z\" class=\"\"><\/path><\/svg><\/i> <img loading=\"lazy\" decoding=\"async\" width=\"16\" height=\"16\" alt=\"Loading\" src=\"https:\/\/temucotelevision.cl\/web\/wp-content\/plugins\/page-views-count\/ajax-loader-2x.gif\" border=0 \/><\/p>\n<div class=\"pvc_clear\"><\/div>\n<p>CULTURA.- El montaje, a cargo del colectivo art\u00edstico Plataforma azul, llega este domingo 19 de mayo, a las 16 horas,<\/p>\n","protected":false},"author":1,"featured_media":50013,"comment_status":"open","ping_status":"open","sticky":false,"template":"","format":"standard","meta":{"colormag_page_container_layout":"default_layout","colormag_page_sidebar_layout":"default_layout","footnotes":""},"categories":[86],"tags":[1176,925,7066],"class_list":["post-50007","post","type-post","status-publish","format-standard","has-post-thumbnail","hentry","category-panoramas","tag-danza","tag-obra","tag-tens-iones"],"a3_pvc":{"activated":true,"total_views":948,"today_views":0},"_links":{"self":[{"href":"https:\/\/temucotelevision.cl\/web\/wp-json\/wp\/v2\/posts\/50007","targetHints":{"allow":["GET"]}}],"collection":[{"href":"https:\/\/temucotelevision.cl\/web\/wp-json\/wp\/v2\/posts"}],"about":[{"href":"https:\/\/temucotelevision.cl\/web\/wp-json\/wp\/v2\/types\/post"}],"author":[{"embeddable":true,"href":"https:\/\/temucotelevision.cl\/web\/wp-json\/wp\/v2\/users\/1"}],"replies":[{"embeddable":true,"href":"https:\/\/temucotelevision.cl\/web\/wp-json\/wp\/v2\/comments?post=50007"}],"version-history":[{"count":2,"href":"https:\/\/temucotelevision.cl\/web\/wp-json\/wp\/v2\/posts\/50007\/revisions"}],"predecessor-version":[{"id":50015,"href":"https:\/\/temucotelevision.cl\/web\/wp-json\/wp\/v2\/posts\/50007\/revisions\/50015"}],"wp:featuredmedia":[{"embeddable":true,"href":"https:\/\/temucotelevision.cl\/web\/wp-json\/wp\/v2\/media\/50013"}],"wp:attachment":[{"href":"https:\/\/temucotelevision.cl\/web\/wp-json\/wp\/v2\/media?parent=50007"}],"wp:term":[{"taxonomy":"category","embeddable":true,"href":"https:\/\/temucotelevision.cl\/web\/wp-json\/wp\/v2\/categories?post=50007"},{"taxonomy":"post_tag","embeddable":true,"href":"https:\/\/temucotelevision.cl\/web\/wp-json\/wp\/v2\/tags?post=50007"}],"curies":[{"name":"wp","href":"https:\/\/api.w.org\/{rel}","templated":true}]}}