{"id":50004,"date":"2024-05-16T16:43:53","date_gmt":"2024-05-16T19:43:53","guid":{"rendered":"https:\/\/temucotelevision.cl\/web\/?p=50004"},"modified":"2024-05-16T16:46:40","modified_gmt":"2024-05-16T19:46:40","slug":"poder-judicial-informa-sobre-evacuacion-preventiva-de-tribunales-en-linares-concepcion-y-temuco","status":"publish","type":"post","link":"https:\/\/temucotelevision.cl\/web\/2024\/05\/16\/poder-judicial-informa-sobre-evacuacion-preventiva-de-tribunales-en-linares-concepcion-y-temuco\/","title":{"rendered":"Aviso de Bomba: Poder Judicial informa sobre evacuaci\u00f3n preventiva de tribunales en Linares, Concepci\u00f3n y Temuco\u00a0"},"content":{"rendered":"<div class=\"pvc_clear\"><\/div><p id=\"pvc_stats_50004\" class=\"pvc_stats total_only  \" data-element-id=\"50004\" style=\"\"><i class=\"pvc-stats-icon large\" aria-hidden=\"true\"><svg aria-hidden=\"true\" focusable=\"false\" data-prefix=\"far\" data-icon=\"chart-bar\" role=\"img\" xmlns=\"http:\/\/www.w3.org\/2000\/svg\" viewBox=\"0 0 512 512\" class=\"svg-inline--fa fa-chart-bar fa-w-16 fa-2x\"><path fill=\"currentColor\" d=\"M396.8 352h22.4c6.4 0 12.8-6.4 12.8-12.8V108.8c0-6.4-6.4-12.8-12.8-12.8h-22.4c-6.4 0-12.8 6.4-12.8 12.8v230.4c0 6.4 6.4 12.8 12.8 12.8zm-192 0h22.4c6.4 0 12.8-6.4 12.8-12.8V140.8c0-6.4-6.4-12.8-12.8-12.8h-22.4c-6.4 0-12.8 6.4-12.8 12.8v198.4c0 6.4 6.4 12.8 12.8 12.8zm96 0h22.4c6.4 0 12.8-6.4 12.8-12.8V204.8c0-6.4-6.4-12.8-12.8-12.8h-22.4c-6.4 0-12.8 6.4-12.8 12.8v134.4c0 6.4 6.4 12.8 12.8 12.8zM496 400H48V80c0-8.84-7.16-16-16-16H16C7.16 64 0 71.16 0 80v336c0 17.67 14.33 32 32 32h464c8.84 0 16-7.16 16-16v-16c0-8.84-7.16-16-16-16zm-387.2-48h22.4c6.4 0 12.8-6.4 12.8-12.8v-70.4c0-6.4-6.4-12.8-12.8-12.8h-22.4c-6.4 0-12.8 6.4-12.8 12.8v70.4c0 6.4 6.4 12.8 12.8 12.8z\" class=\"\"><\/path><\/svg><\/i> <img loading=\"lazy\" decoding=\"async\" width=\"16\" height=\"16\" alt=\"Loading\" src=\"https:\/\/temucotelevision.cl\/web\/wp-content\/plugins\/page-views-count\/ajax-loader-2x.gif\" border=0 \/><\/p><div class=\"pvc_clear\"><\/div>\n<blockquote class=\"wp-block-quote is-layout-flow wp-block-quote-is-layout-flow\">\n<p>Durante la ma\u00f1ana de hoy tribunales de Linares, Concepci\u00f3n y Temuco recibieron la notificaci\u00f3n de llamadas an\u00f3nimas que daban cuenta de la supuesta existencia de artefactos explosivos en sus dependencias. En todos los casos se activaron protocolos de evacuaci\u00f3n y personal de la secci\u00f3n GOPE de Carabineros realiz\u00f3 procedimientos de registro, sin encontrar ning\u00fan elemento sospechoso.&nbsp;<\/p>\n<\/blockquote>\n\n\n\n<p>El Poder Judicial informa que durante la ma\u00f1ana de hoy \u2013jueves 16 de mayo- tribunales de Linares, Concepci\u00f3n y Temuco recibieron la notificaci\u00f3n de llamadas an\u00f3nimas que daban cuenta de la supuesta existencia de artefactos explosivos en sus dependencias. En todos los casos se activaron protocolos de evacuaci\u00f3n y personal de la secci\u00f3n GOPE de Carabineros realiz\u00f3 procedimientos de registro, sin encontrar ning\u00fan elemento sospechoso.<\/p>\n\n\n\n<p>Las dependencias judiciales temporalmente evacuadas fueron el Centro de Justicia de Linares, en el que funcionan los juzgados de Garant\u00eda, Familia y Tribunal de Juicio Oral en lo Penal; el edificio que acoge al Juzgado de Garant\u00eda y al Tribunal de Juicio Oral en lo Penal de Temuco; y la Corte de Apelaciones de Concepci\u00f3n, cuyo edificio alberga tambi\u00e9n a los juzgados de Familia, 2\u00b0 Civil y de Letras del Trabajo; adem\u00e1s de los juzgados de Garant\u00eda y Tribunal de Juicio Oral en lo Penal de la ciudad.<\/p>\n\n\n\n<p>En cada uno de los tribunales mencionados se decret\u00f3 receso en las diversas audiencias que se encontraban en desarrollo, para proceder a la evacuaci\u00f3n preventiva de funcionarios e intervinientes. Tras la revisi\u00f3n realizada por personal especializado de Carabineros y la autorizaci\u00f3n para retornar a los inmuebles, las audiencias continuaron desarroll\u00e1ndose con normalidad.&nbsp;<\/p>\n","protected":false},"excerpt":{"rendered":"<div class=\"pvc_clear\"><\/div>\n<p id=\"pvc_stats_50004\" class=\"pvc_stats total_only  \" data-element-id=\"50004\" style=\"\"><i class=\"pvc-stats-icon large\" aria-hidden=\"true\"><svg aria-hidden=\"true\" focusable=\"false\" data-prefix=\"far\" data-icon=\"chart-bar\" role=\"img\" xmlns=\"http:\/\/www.w3.org\/2000\/svg\" viewBox=\"0 0 512 512\" class=\"svg-inline--fa fa-chart-bar fa-w-16 fa-2x\"><path fill=\"currentColor\" d=\"M396.8 352h22.4c6.4 0 12.8-6.4 12.8-12.8V108.8c0-6.4-6.4-12.8-12.8-12.8h-22.4c-6.4 0-12.8 6.4-12.8 12.8v230.4c0 6.4 6.4 12.8 12.8 12.8zm-192 0h22.4c6.4 0 12.8-6.4 12.8-12.8V140.8c0-6.4-6.4-12.8-12.8-12.8h-22.4c-6.4 0-12.8 6.4-12.8 12.8v198.4c0 6.4 6.4 12.8 12.8 12.8zm96 0h22.4c6.4 0 12.8-6.4 12.8-12.8V204.8c0-6.4-6.4-12.8-12.8-12.8h-22.4c-6.4 0-12.8 6.4-12.8 12.8v134.4c0 6.4 6.4 12.8 12.8 12.8zM496 400H48V80c0-8.84-7.16-16-16-16H16C7.16 64 0 71.16 0 80v336c0 17.67 14.33 32 32 32h464c8.84 0 16-7.16 16-16v-16c0-8.84-7.16-16-16-16zm-387.2-48h22.4c6.4 0 12.8-6.4 12.8-12.8v-70.4c0-6.4-6.4-12.8-12.8-12.8h-22.4c-6.4 0-12.8 6.4-12.8 12.8v70.4c0 6.4 6.4 12.8 12.8 12.8z\" class=\"\"><\/path><\/svg><\/i> <img loading=\"lazy\" decoding=\"async\" width=\"16\" height=\"16\" alt=\"Loading\" src=\"https:\/\/temucotelevision.cl\/web\/wp-content\/plugins\/page-views-count\/ajax-loader-2x.gif\" border=0 \/><\/p>\n<div class=\"pvc_clear\"><\/div>\n<p>Durante la ma\u00f1ana de hoy tribunales de Linares, Concepci\u00f3n y Temuco recibieron la notificaci\u00f3n de llamadas an\u00f3nimas que daban cuenta<\/p>\n","protected":false},"author":1,"featured_media":9743,"comment_status":"open","ping_status":"open","sticky":false,"template":"","format":"standard","meta":{"colormag_page_container_layout":"default_layout","colormag_page_sidebar_layout":"default_layout","footnotes":""},"categories":[15],"tags":[7065,1679],"class_list":["post-50004","post","type-post","status-publish","format-standard","has-post-thumbnail","hentry","category-la-araucania","tag-aviso","tag-bomba"],"a3_pvc":{"activated":true,"total_views":1184,"today_views":1},"_links":{"self":[{"href":"https:\/\/temucotelevision.cl\/web\/wp-json\/wp\/v2\/posts\/50004","targetHints":{"allow":["GET"]}}],"collection":[{"href":"https:\/\/temucotelevision.cl\/web\/wp-json\/wp\/v2\/posts"}],"about":[{"href":"https:\/\/temucotelevision.cl\/web\/wp-json\/wp\/v2\/types\/post"}],"author":[{"embeddable":true,"href":"https:\/\/temucotelevision.cl\/web\/wp-json\/wp\/v2\/users\/1"}],"replies":[{"embeddable":true,"href":"https:\/\/temucotelevision.cl\/web\/wp-json\/wp\/v2\/comments?post=50004"}],"version-history":[{"count":2,"href":"https:\/\/temucotelevision.cl\/web\/wp-json\/wp\/v2\/posts\/50004\/revisions"}],"predecessor-version":[{"id":50006,"href":"https:\/\/temucotelevision.cl\/web\/wp-json\/wp\/v2\/posts\/50004\/revisions\/50006"}],"wp:featuredmedia":[{"embeddable":true,"href":"https:\/\/temucotelevision.cl\/web\/wp-json\/wp\/v2\/media\/9743"}],"wp:attachment":[{"href":"https:\/\/temucotelevision.cl\/web\/wp-json\/wp\/v2\/media?parent=50004"}],"wp:term":[{"taxonomy":"category","embeddable":true,"href":"https:\/\/temucotelevision.cl\/web\/wp-json\/wp\/v2\/categories?post=50004"},{"taxonomy":"post_tag","embeddable":true,"href":"https:\/\/temucotelevision.cl\/web\/wp-json\/wp\/v2\/tags?post=50004"}],"curies":[{"name":"wp","href":"https:\/\/api.w.org\/{rel}","templated":true}]}}