{"id":50001,"date":"2024-05-16T16:36:56","date_gmt":"2024-05-16T19:36:56","guid":{"rendered":"https:\/\/temucotelevision.cl\/web\/?p=50001"},"modified":"2024-05-16T16:36:57","modified_gmt":"2024-05-16T19:36:57","slug":"cogrid-de-collipulli-valoro-la-disminucion-de-un-43-en-la-ocurrencia-de-incendios-rurales-en-la-comuna","status":"publish","type":"post","link":"https:\/\/temucotelevision.cl\/web\/2024\/05\/16\/cogrid-de-collipulli-valoro-la-disminucion-de-un-43-en-la-ocurrencia-de-incendios-rurales-en-la-comuna\/","title":{"rendered":"Cogrid de Collipulli valor\u00f3 la disminuci\u00f3n de un 43% en la ocurrencia de incendios rurales en la comuna\u00a0"},"content":{"rendered":"<div class=\"pvc_clear\"><\/div><p id=\"pvc_stats_50001\" class=\"pvc_stats total_only  \" data-element-id=\"50001\" style=\"\"><i class=\"pvc-stats-icon large\" aria-hidden=\"true\"><svg aria-hidden=\"true\" focusable=\"false\" data-prefix=\"far\" data-icon=\"chart-bar\" role=\"img\" xmlns=\"http:\/\/www.w3.org\/2000\/svg\" viewBox=\"0 0 512 512\" class=\"svg-inline--fa fa-chart-bar fa-w-16 fa-2x\"><path fill=\"currentColor\" d=\"M396.8 352h22.4c6.4 0 12.8-6.4 12.8-12.8V108.8c0-6.4-6.4-12.8-12.8-12.8h-22.4c-6.4 0-12.8 6.4-12.8 12.8v230.4c0 6.4 6.4 12.8 12.8 12.8zm-192 0h22.4c6.4 0 12.8-6.4 12.8-12.8V140.8c0-6.4-6.4-12.8-12.8-12.8h-22.4c-6.4 0-12.8 6.4-12.8 12.8v198.4c0 6.4 6.4 12.8 12.8 12.8zm96 0h22.4c6.4 0 12.8-6.4 12.8-12.8V204.8c0-6.4-6.4-12.8-12.8-12.8h-22.4c-6.4 0-12.8 6.4-12.8 12.8v134.4c0 6.4 6.4 12.8 12.8 12.8zM496 400H48V80c0-8.84-7.16-16-16-16H16C7.16 64 0 71.16 0 80v336c0 17.67 14.33 32 32 32h464c8.84 0 16-7.16 16-16v-16c0-8.84-7.16-16-16-16zm-387.2-48h22.4c6.4 0 12.8-6.4 12.8-12.8v-70.4c0-6.4-6.4-12.8-12.8-12.8h-22.4c-6.4 0-12.8 6.4-12.8 12.8v70.4c0 6.4 6.4 12.8 12.8 12.8z\" class=\"\"><\/path><\/svg><\/i> <img loading=\"lazy\" decoding=\"async\" width=\"16\" height=\"16\" alt=\"Loading\" src=\"https:\/\/temucotelevision.cl\/web\/wp-content\/plugins\/page-views-count\/ajax-loader-2x.gif\" border=0 \/><\/p><div class=\"pvc_clear\"><\/div>\n<ul class=\"wp-block-list\">\n<li><em>La instancia destac\u00f3 tambi\u00e9n el buen trabajo de la mesa t\u00e9cnica comunal que sesiona semanalmente, donde participan organismos ligados a la emergencia como el municipio, Bomberos, Carabineros, Conaf, la Red de Prevenci\u00f3n Comunitaria y CMPC, entre otros.\u00a0<\/em><\/li>\n<\/ul>\n\n\n\n<p>Este mi\u00e9rcoles 15 de mayo, en el municipio de Collipulli, se reuni\u00f3 el Comit\u00e9 Comunal para la Gesti\u00f3n del Riesgo de Desastres, Cogrid, donde se analizaron las acciones realizadas por diversos actores en los \u00faltimos meses, as\u00ed como tambi\u00e9n la proyecci\u00f3n para los meses venideros.&nbsp;<\/p>\n\n\n\n<p>En ese marco, se destacaron las cifras obtenidas en la \u00faltima temporada de incendios, donde se obtuvo una disminuci\u00f3n de un 43% en la ocurrencia de siniestros en la comuna. En este periodo ocurrieron 150 episodios, mientras que en el periodo anterior se lleg\u00f3 a los 263 incendios en Collipulli.<\/p>\n\n\n\n<p>\u201cEs fundamental estar preparados para emergencias futuras, por lo que es crucial fortalecer nuestros sistemas de prevenci\u00f3n y respuesta para garantizar la seguridad y el bienestar de todos mis ciudadanos. Valoro profundamente que otras instituciones y las mismas organizaciones ligadas a Collipulli est\u00e9n de manera colaborativa y proactiva ante cualquier eventualidad que se presente en la comuna\u201d, indic\u00f3 el alcalde de Collipulli, Manuel Macaya.<\/p>\n\n\n\n<p>Durante el plenario, se destac\u00f3 el trabajo semanal de la mesa t\u00e9cnica que re\u00fane a distintos entes ligados a la emergencia. En esta instancia, la Red de Prevenci\u00f3n Comunitaria local, que re\u00fane a 12 comit\u00e9s de la comuna, revis\u00f3 junto a los integrantes del Cogrid su labor. Aunque faltan varios meses para el per\u00edodo estival, la Red de Prevenci\u00f3n Comunitaria ya comenz\u00f3 a hacer sus balances para prevenir ocurrencia de incendios, con hitos como el desarrollado en esta comuna de la provincia de Malleco. &nbsp;<\/p>\n\n\n\n<p>\u201cEl trabajo que se ha hecho en la Red con la comunidad ha sido bastante positivo, porque hemos hecho puerta a puerta explicando y la gente ha ido tomando conciencia sobre nuestro trabajo. Este a\u00f1o hubo una considerable baja en el n\u00famero de incendios, casi no hubo emergencias, entonces vimos que fue bastante favorable nuestra labor\u201d, apunt\u00f3 Juan Reynolds, presidente del comit\u00e9 de la Red Comunitaria de Villa Mininco y parte de la Mesa tripartita del sector.<\/p>\n\n\n\n<p>\u201cLas capacitaciones han sido muy buenas, con muy buenos resultados. Este a\u00f1o nos preparamos con anticipaci\u00f3n y tuvimos apoyo de distintos actores, lo cual favoreci\u00f3 el trabajo, yo creo que en un 100%. Esta implementaci\u00f3n nos sirvi\u00f3 para enfrentar la temporada en aspectos que, en a\u00f1os anteriores, nos pasaron la cuenta, pero ahora, gracias a Dios, est\u00e1bamos bien preparados. Ojal\u00e1 esto siga as\u00ed y seguiremos trabajando para eso\u201d, destac\u00f3, por su parte, Luis Luna, presidente de la Junta de Vecinos de Villa Esperanza de Collipulli, que re\u00fane a 297 socios.<\/p>\n\n\n\n<p><strong>Rol crucial de la red<\/strong><\/p>\n\n\n\n<p>Unas 5 mil personas en 6 regiones del pa\u00eds son parte de los diversos comit\u00e9s de prevenci\u00f3n comunitaria, y que comenzaron el an\u00e1lisis de lo realizado en los \u00faltimos meses de verano para proyectar medidas para la temporada 2024-2025.<\/p>\n\n\n\n<p>\u201cNosotros, como empresa, tenemos una responsabilidad para con nuestros vecinos y ese compromiso se traduce en el apoyo de diversas iniciativas que buscan aportar en su bienestar. La labor de apoyo a la Red de Prevenci\u00f3n Comunitaria es un reflejo de ese inter\u00e9s, pues entre todos debemos combatir este flagelo nacional que son los incendios forestales\u201d, se\u00f1al\u00f3 Rodrigo Alarc\u00f3n, jefe de \u00e1rea de Relacionamiento Territorial de CMPC en Collipulli.<\/p>\n\n\n\n<p>Durante la reuni\u00f3n se destac\u00f3 la labor de las brigadas multiprop\u00f3sito de CMPC, que est\u00e1n compuestas por los propios vecinos de cada sector, lo cual ha asegurado un combate temprano a los focos, antes de que se salgan de control.<\/p>\n\n\n\n<p><strong>El apoyo de la CMPC<\/strong><\/p>\n\n\n\n<p>La Red de Prevenci\u00f3n Comunitaria es promovida por la Corporaci\u00f3n Chilena de la Madera (CORMA) y es un modelo pionero en Chile que une a municipios, empresas, entidades p\u00fablicas, organizaciones sociales y a los vecinos con el prop\u00f3sito en com\u00fan de trabajar la prevenci\u00f3n de incendios rurales.&nbsp; En este contexto, CMPC ha apoyado activamente a los comit\u00e9s poniendo a disposici\u00f3n diversos recursos y conocimientos en favor de la comunidad, bajo la premisa de que los vecinos son la primera barrera de prevenci\u00f3n contra los siniestros y sus primeras acciones ser\u00e1n las que har\u00e1n la diferencia ante la ocurrencia de incendios.<\/p>\n\n\n\n<p><\/p>\n","protected":false},"excerpt":{"rendered":"<div class=\"pvc_clear\"><\/div>\n<p id=\"pvc_stats_50001\" class=\"pvc_stats total_only  \" data-element-id=\"50001\" style=\"\"><i class=\"pvc-stats-icon large\" aria-hidden=\"true\"><svg aria-hidden=\"true\" focusable=\"false\" data-prefix=\"far\" data-icon=\"chart-bar\" role=\"img\" xmlns=\"http:\/\/www.w3.org\/2000\/svg\" viewBox=\"0 0 512 512\" class=\"svg-inline--fa fa-chart-bar fa-w-16 fa-2x\"><path fill=\"currentColor\" d=\"M396.8 352h22.4c6.4 0 12.8-6.4 12.8-12.8V108.8c0-6.4-6.4-12.8-12.8-12.8h-22.4c-6.4 0-12.8 6.4-12.8 12.8v230.4c0 6.4 6.4 12.8 12.8 12.8zm-192 0h22.4c6.4 0 12.8-6.4 12.8-12.8V140.8c0-6.4-6.4-12.8-12.8-12.8h-22.4c-6.4 0-12.8 6.4-12.8 12.8v198.4c0 6.4 6.4 12.8 12.8 12.8zm96 0h22.4c6.4 0 12.8-6.4 12.8-12.8V204.8c0-6.4-6.4-12.8-12.8-12.8h-22.4c-6.4 0-12.8 6.4-12.8 12.8v134.4c0 6.4 6.4 12.8 12.8 12.8zM496 400H48V80c0-8.84-7.16-16-16-16H16C7.16 64 0 71.16 0 80v336c0 17.67 14.33 32 32 32h464c8.84 0 16-7.16 16-16v-16c0-8.84-7.16-16-16-16zm-387.2-48h22.4c6.4 0 12.8-6.4 12.8-12.8v-70.4c0-6.4-6.4-12.8-12.8-12.8h-22.4c-6.4 0-12.8 6.4-12.8 12.8v70.4c0 6.4 6.4 12.8 12.8 12.8z\" class=\"\"><\/path><\/svg><\/i> <img loading=\"lazy\" decoding=\"async\" width=\"16\" height=\"16\" alt=\"Loading\" src=\"https:\/\/temucotelevision.cl\/web\/wp-content\/plugins\/page-views-count\/ajax-loader-2x.gif\" border=0 \/><\/p>\n<div class=\"pvc_clear\"><\/div>\n<p>Este mi\u00e9rcoles 15 de mayo, en el municipio de Collipulli, se reuni\u00f3 el Comit\u00e9 Comunal para la Gesti\u00f3n del Riesgo<\/p>\n","protected":false},"author":1,"featured_media":50002,"comment_status":"open","ping_status":"open","sticky":false,"template":"","format":"standard","meta":{"colormag_page_container_layout":"default_layout","colormag_page_sidebar_layout":"default_layout","footnotes":""},"categories":[101],"tags":[7064,713],"class_list":["post-50001","post","type-post","status-publish","format-standard","has-post-thumbnail","hentry","category-actualidad","tag-cogrid","tag-collipulli"],"a3_pvc":{"activated":true,"total_views":850,"today_views":0},"_links":{"self":[{"href":"https:\/\/temucotelevision.cl\/web\/wp-json\/wp\/v2\/posts\/50001","targetHints":{"allow":["GET"]}}],"collection":[{"href":"https:\/\/temucotelevision.cl\/web\/wp-json\/wp\/v2\/posts"}],"about":[{"href":"https:\/\/temucotelevision.cl\/web\/wp-json\/wp\/v2\/types\/post"}],"author":[{"embeddable":true,"href":"https:\/\/temucotelevision.cl\/web\/wp-json\/wp\/v2\/users\/1"}],"replies":[{"embeddable":true,"href":"https:\/\/temucotelevision.cl\/web\/wp-json\/wp\/v2\/comments?post=50001"}],"version-history":[{"count":1,"href":"https:\/\/temucotelevision.cl\/web\/wp-json\/wp\/v2\/posts\/50001\/revisions"}],"predecessor-version":[{"id":50003,"href":"https:\/\/temucotelevision.cl\/web\/wp-json\/wp\/v2\/posts\/50001\/revisions\/50003"}],"wp:featuredmedia":[{"embeddable":true,"href":"https:\/\/temucotelevision.cl\/web\/wp-json\/wp\/v2\/media\/50002"}],"wp:attachment":[{"href":"https:\/\/temucotelevision.cl\/web\/wp-json\/wp\/v2\/media?parent=50001"}],"wp:term":[{"taxonomy":"category","embeddable":true,"href":"https:\/\/temucotelevision.cl\/web\/wp-json\/wp\/v2\/categories?post=50001"},{"taxonomy":"post_tag","embeddable":true,"href":"https:\/\/temucotelevision.cl\/web\/wp-json\/wp\/v2\/tags?post=50001"}],"curies":[{"name":"wp","href":"https:\/\/api.w.org\/{rel}","templated":true}]}}