{"id":49971,"date":"2024-05-15T12:27:19","date_gmt":"2024-05-15T15:27:19","guid":{"rendered":"https:\/\/temucotelevision.cl\/web\/?p=49971"},"modified":"2024-05-15T13:03:29","modified_gmt":"2024-05-15T16:03:29","slug":"dos-detenidos-en-temuco-por-incumplimiento-de-medida-cautelar-y-porte-de-elementos-para-cometer-delitos","status":"publish","type":"post","link":"https:\/\/temucotelevision.cl\/web\/2024\/05\/15\/dos-detenidos-en-temuco-por-incumplimiento-de-medida-cautelar-y-porte-de-elementos-para-cometer-delitos\/","title":{"rendered":"Dos detenidos en Temuco por incumplimiento de medida cautelar y porte de elementos para cometer delitos"},"content":{"rendered":"<div class=\"pvc_clear\"><\/div><p id=\"pvc_stats_49971\" class=\"pvc_stats total_only  \" data-element-id=\"49971\" style=\"\"><i class=\"pvc-stats-icon large\" aria-hidden=\"true\"><svg aria-hidden=\"true\" focusable=\"false\" data-prefix=\"far\" data-icon=\"chart-bar\" role=\"img\" xmlns=\"http:\/\/www.w3.org\/2000\/svg\" viewBox=\"0 0 512 512\" class=\"svg-inline--fa fa-chart-bar fa-w-16 fa-2x\"><path fill=\"currentColor\" d=\"M396.8 352h22.4c6.4 0 12.8-6.4 12.8-12.8V108.8c0-6.4-6.4-12.8-12.8-12.8h-22.4c-6.4 0-12.8 6.4-12.8 12.8v230.4c0 6.4 6.4 12.8 12.8 12.8zm-192 0h22.4c6.4 0 12.8-6.4 12.8-12.8V140.8c0-6.4-6.4-12.8-12.8-12.8h-22.4c-6.4 0-12.8 6.4-12.8 12.8v198.4c0 6.4 6.4 12.8 12.8 12.8zm96 0h22.4c6.4 0 12.8-6.4 12.8-12.8V204.8c0-6.4-6.4-12.8-12.8-12.8h-22.4c-6.4 0-12.8 6.4-12.8 12.8v134.4c0 6.4 6.4 12.8 12.8 12.8zM496 400H48V80c0-8.84-7.16-16-16-16H16C7.16 64 0 71.16 0 80v336c0 17.67 14.33 32 32 32h464c8.84 0 16-7.16 16-16v-16c0-8.84-7.16-16-16-16zm-387.2-48h22.4c6.4 0 12.8-6.4 12.8-12.8v-70.4c0-6.4-6.4-12.8-12.8-12.8h-22.4c-6.4 0-12.8 6.4-12.8 12.8v70.4c0 6.4 6.4 12.8 12.8 12.8z\" class=\"\"><\/path><\/svg><\/i> <img loading=\"lazy\" decoding=\"async\" width=\"16\" height=\"16\" alt=\"Loading\" src=\"https:\/\/temucotelevision.cl\/web\/wp-content\/plugins\/page-views-count\/ajax-loader-2x.gif\" border=0 \/><\/p><div class=\"pvc_clear\"><\/div>\n<p>En una operaci\u00f3n llevada a cabo por personal de la Secci\u00f3n de Investigaci\u00f3n Policial (S.I.P.) de la 2da. Comisar\u00eda de Temuco, se han detenido a dos individuos en el sector central de la ciudad. Los detenidos est\u00e1n siendo acusados del delito de incumplimiento de medida cautelar, adem\u00e1s de ser sorprendidos con elementos asociados al art\u00edculo 445, relacionado con el porte de utensilios utilizados para cometer delitos, espec\u00edficamente, el intercambio de dinero a personas adultas mayores.<\/p>\n\n\n\n<p>La acci\u00f3n policial se desarroll\u00f3 como parte de las labores de vigilancia y prevenci\u00f3n del delito en la zona central de Temuco. Los detenidos fueron encontrados en posesi\u00f3n de objetos que se presume son utilizados para la comisi\u00f3n de actividades il\u00edcitas, particularmente dirigidas hacia personas de la tercera edad.<\/p>\n\n\n\n<p>Las autoridades policiales mantienen el resguardo de los detenidos mientras se realizan las investigaciones pertinentes. Se espera que en las pr\u00f3ximas horas se esclarezcan los detalles sobre la presunta participaci\u00f3n de los individuos en actividades delictivas y se determinen las medidas legales a seguir.<\/p>\n\n\n\n<p>Este operativo destaca el compromiso de las fuerzas policiales en la prevenci\u00f3n y el combate contra actividades delictivas que afecten a sectores vulnerables de la sociedad, como es el caso del intercambio de dinero con adultos mayores, y reafirma el compromiso de mantener la seguridad en la comunidad de Temuco.<\/p>\n\n\n\n<figure class=\"wp-block-image aligncenter size-large\"><img loading=\"lazy\" decoding=\"async\" width=\"651\" height=\"1000\" src=\"https:\/\/temucotelevision.cl\/web\/wp-content\/uploads\/2024\/05\/SIP-651x1000.jpeg\" alt=\"\" class=\"wp-image-49976\" srcset=\"https:\/\/temucotelevision.cl\/web\/wp-content\/uploads\/2024\/05\/SIP-651x1000.jpeg 651w, https:\/\/temucotelevision.cl\/web\/wp-content\/uploads\/2024\/05\/SIP-768x1179.jpeg 768w, https:\/\/temucotelevision.cl\/web\/wp-content\/uploads\/2024\/05\/SIP-1000x1536.jpeg 1000w, https:\/\/temucotelevision.cl\/web\/wp-content\/uploads\/2024\/05\/SIP.jpeg 1042w\" sizes=\"auto, (max-width: 651px) 100vw, 651px\" \/><\/figure>\n","protected":false},"excerpt":{"rendered":"<div class=\"pvc_clear\"><\/div>\n<p id=\"pvc_stats_49971\" class=\"pvc_stats total_only  \" data-element-id=\"49971\" style=\"\"><i class=\"pvc-stats-icon large\" aria-hidden=\"true\"><svg aria-hidden=\"true\" focusable=\"false\" data-prefix=\"far\" data-icon=\"chart-bar\" role=\"img\" xmlns=\"http:\/\/www.w3.org\/2000\/svg\" viewBox=\"0 0 512 512\" class=\"svg-inline--fa fa-chart-bar fa-w-16 fa-2x\"><path fill=\"currentColor\" d=\"M396.8 352h22.4c6.4 0 12.8-6.4 12.8-12.8V108.8c0-6.4-6.4-12.8-12.8-12.8h-22.4c-6.4 0-12.8 6.4-12.8 12.8v230.4c0 6.4 6.4 12.8 12.8 12.8zm-192 0h22.4c6.4 0 12.8-6.4 12.8-12.8V140.8c0-6.4-6.4-12.8-12.8-12.8h-22.4c-6.4 0-12.8 6.4-12.8 12.8v198.4c0 6.4 6.4 12.8 12.8 12.8zm96 0h22.4c6.4 0 12.8-6.4 12.8-12.8V204.8c0-6.4-6.4-12.8-12.8-12.8h-22.4c-6.4 0-12.8 6.4-12.8 12.8v134.4c0 6.4 6.4 12.8 12.8 12.8zM496 400H48V80c0-8.84-7.16-16-16-16H16C7.16 64 0 71.16 0 80v336c0 17.67 14.33 32 32 32h464c8.84 0 16-7.16 16-16v-16c0-8.84-7.16-16-16-16zm-387.2-48h22.4c6.4 0 12.8-6.4 12.8-12.8v-70.4c0-6.4-6.4-12.8-12.8-12.8h-22.4c-6.4 0-12.8 6.4-12.8 12.8v70.4c0 6.4 6.4 12.8 12.8 12.8z\" class=\"\"><\/path><\/svg><\/i> <img loading=\"lazy\" decoding=\"async\" width=\"16\" height=\"16\" alt=\"Loading\" src=\"https:\/\/temucotelevision.cl\/web\/wp-content\/plugins\/page-views-count\/ajax-loader-2x.gif\" border=0 \/><\/p>\n<div class=\"pvc_clear\"><\/div>\n<p>En una operaci\u00f3n llevada a cabo por personal de la Secci\u00f3n de Investigaci\u00f3n Policial (S.I.P.) de la 2da. Comisar\u00eda de<\/p>\n","protected":false},"author":1,"featured_media":49974,"comment_status":"open","ping_status":"open","sticky":false,"template":"","format":"standard","meta":{"colormag_page_container_layout":"default_layout","colormag_page_sidebar_layout":"default_layout","footnotes":""},"categories":[16],"tags":[1555,328],"class_list":["post-49971","post","type-post","status-publish","format-standard","has-post-thumbnail","hentry","category-policial","tag-delincuentes","tag-detenidos"],"a3_pvc":{"activated":true,"total_views":2426,"today_views":0},"_links":{"self":[{"href":"https:\/\/temucotelevision.cl\/web\/wp-json\/wp\/v2\/posts\/49971","targetHints":{"allow":["GET"]}}],"collection":[{"href":"https:\/\/temucotelevision.cl\/web\/wp-json\/wp\/v2\/posts"}],"about":[{"href":"https:\/\/temucotelevision.cl\/web\/wp-json\/wp\/v2\/types\/post"}],"author":[{"embeddable":true,"href":"https:\/\/temucotelevision.cl\/web\/wp-json\/wp\/v2\/users\/1"}],"replies":[{"embeddable":true,"href":"https:\/\/temucotelevision.cl\/web\/wp-json\/wp\/v2\/comments?post=49971"}],"version-history":[{"count":3,"href":"https:\/\/temucotelevision.cl\/web\/wp-json\/wp\/v2\/posts\/49971\/revisions"}],"predecessor-version":[{"id":49979,"href":"https:\/\/temucotelevision.cl\/web\/wp-json\/wp\/v2\/posts\/49971\/revisions\/49979"}],"wp:featuredmedia":[{"embeddable":true,"href":"https:\/\/temucotelevision.cl\/web\/wp-json\/wp\/v2\/media\/49974"}],"wp:attachment":[{"href":"https:\/\/temucotelevision.cl\/web\/wp-json\/wp\/v2\/media?parent=49971"}],"wp:term":[{"taxonomy":"category","embeddable":true,"href":"https:\/\/temucotelevision.cl\/web\/wp-json\/wp\/v2\/categories?post=49971"},{"taxonomy":"post_tag","embeddable":true,"href":"https:\/\/temucotelevision.cl\/web\/wp-json\/wp\/v2\/tags?post=49971"}],"curies":[{"name":"wp","href":"https:\/\/api.w.org\/{rel}","templated":true}]}}