{"id":49856,"date":"2024-05-11T00:07:48","date_gmt":"2024-05-11T03:07:48","guid":{"rendered":"https:\/\/temucotelevision.cl\/web\/?p=49856"},"modified":"2024-05-11T00:07:49","modified_gmt":"2024-05-11T03:07:49","slug":"convenio-permitira-a-servel-facilitar-paulatinamente-la-accesibilidad-al-sufragio-a-personas-con-discapacidad","status":"publish","type":"post","link":"https:\/\/temucotelevision.cl\/web\/2024\/05\/11\/convenio-permitira-a-servel-facilitar-paulatinamente-la-accesibilidad-al-sufragio-a-personas-con-discapacidad\/","title":{"rendered":"Convenio permitir\u00e1 a Servel facilitar paulatinamente la accesibilidad al sufragio a personas con discapacidad"},"content":{"rendered":"<div class=\"pvc_clear\"><\/div><p id=\"pvc_stats_49856\" class=\"pvc_stats total_only  \" data-element-id=\"49856\" style=\"\"><i class=\"pvc-stats-icon large\" aria-hidden=\"true\"><svg aria-hidden=\"true\" focusable=\"false\" data-prefix=\"far\" data-icon=\"chart-bar\" role=\"img\" xmlns=\"http:\/\/www.w3.org\/2000\/svg\" viewBox=\"0 0 512 512\" class=\"svg-inline--fa fa-chart-bar fa-w-16 fa-2x\"><path fill=\"currentColor\" d=\"M396.8 352h22.4c6.4 0 12.8-6.4 12.8-12.8V108.8c0-6.4-6.4-12.8-12.8-12.8h-22.4c-6.4 0-12.8 6.4-12.8 12.8v230.4c0 6.4 6.4 12.8 12.8 12.8zm-192 0h22.4c6.4 0 12.8-6.4 12.8-12.8V140.8c0-6.4-6.4-12.8-12.8-12.8h-22.4c-6.4 0-12.8 6.4-12.8 12.8v198.4c0 6.4 6.4 12.8 12.8 12.8zm96 0h22.4c6.4 0 12.8-6.4 12.8-12.8V204.8c0-6.4-6.4-12.8-12.8-12.8h-22.4c-6.4 0-12.8 6.4-12.8 12.8v134.4c0 6.4 6.4 12.8 12.8 12.8zM496 400H48V80c0-8.84-7.16-16-16-16H16C7.16 64 0 71.16 0 80v336c0 17.67 14.33 32 32 32h464c8.84 0 16-7.16 16-16v-16c0-8.84-7.16-16-16-16zm-387.2-48h22.4c6.4 0 12.8-6.4 12.8-12.8v-70.4c0-6.4-6.4-12.8-12.8-12.8h-22.4c-6.4 0-12.8 6.4-12.8 12.8v70.4c0 6.4 6.4 12.8 12.8 12.8z\" class=\"\"><\/path><\/svg><\/i> <img loading=\"lazy\" decoding=\"async\" width=\"16\" height=\"16\" alt=\"Loading\" src=\"https:\/\/temucotelevision.cl\/web\/wp-content\/plugins\/page-views-count\/ajax-loader-2x.gif\" border=0 \/><\/p><div class=\"pvc_clear\"><\/div>\n<p>El Servicio Electoral y el Servicio Nacional de Registro Civil e Identificaci\u00f3n firmaron un convenio de colaboraci\u00f3n, cuyo principal fin es contar con los datos de discapacidad de electores y electoras que hayan certificado su condici\u00f3n de discapacidad ante el Compin (Comisi\u00f3n de Medicina Preventiva e Invalidez), de forma de poder planificar mejoras paulatinas en el acceso a las mesas receptoras de sufragios, esto luego de un proceso de revisi\u00f3n de la informaci\u00f3n que se proporcione, asegurando que tenga atributo electoral.<\/p>\n\n\n\n<p>La firma entre el Director Nacional de Servel, Ra\u00fal Garc\u00eda y el Director del Servicio de Registro Civil e Identificaci\u00f3n, Omar Morales, cont\u00f3 con la presencia del Ministro de Justicia, Luis Cordero, el Subsecretario de la cartera, Jaime Gajardo, y el Director del Servicio Nacional de la Discapacidad (Senadis), Daniel Concha.<\/p>\n\n\n\n<p>El convenio tender\u00e1 a facilitar a mediano plazo, una mejor accesibilidad al ejercicio del sufragio de las personas con discapacidad inscritas en dicho Registro Nacional, mayores de dieciocho a\u00f1os y habilitadas para sufragar, con miras a facilitar la participaci\u00f3n en los procesos electorales y plebiscitarios que se desarrollen en el pa\u00eds.<\/p>\n\n\n\n<p><em>\u201cEsperamos poder asignar paulatinamente a electores o electoras con discapacidad a una ubicaci\u00f3n m\u00e1s accesible dentro de los distintos locales de votaci\u00f3n, de tal manera que ellos puedan ejercer su derecho a sufragio con mayor facilidad. Desde hace a\u00f1os Servel est\u00e1 empe\u00f1ado en lograr mayores grados de inclusividad en el ejercicio del derecho del sufragio y la suscripci\u00f3n de este convenio es un importante paso en esta direcci\u00f3n, m\u00e1s en un escenario de voto obligatorio\u201d<\/em>, se\u00f1al\u00f3 Ra\u00fal Garc\u00eda.<\/p>\n\n\n\n<p>Igualmente, permitir\u00e1 a las Juntas Electorales contar con la informaci\u00f3n de electores y electoras con discapacidad visual certificada, lo que evitar\u00e1 que las designen como vocales de mesa, en correlaci\u00f3n con lo que indica la ley.<\/p>\n\n\n\n<p>Adem\u00e1s, el acuerdo norma expresamente la confidencialidad de las bases de datos, limitando la divulgaci\u00f3n de la informaci\u00f3n s\u00f3lo a aquellos funcionarios o trabajadores, que estrictamente tengan la obligaci\u00f3n de conocerla, evitando el acceso a terceros no autorizados.<\/p>\n\n\n\n<p><em>\u201cCon este acuerdo estamos poniendo al d\u00eda la legislaci\u00f3n respecto de los temas de discapacidad que estaban anclados en el pasado. Hoy d\u00eda con el trabajo mancomunado, logramos este convenio que va a permitir transparentar a Servel el Registro Nacional de Discapacidad, permitiendo hacer las adecuaciones necesarias en los locales de votaci\u00f3n. Estamos dando cuenta de la responsabilidad del Registro Civil respecto no solo de prestar un buen servicio sino adem\u00e1s de adecuar su legislaci\u00f3n y evitar dificultar el acceso a esta informaci\u00f3n por parte de Servel\u201d, c<\/em>oment\u00f3 elDirector del Servicio Nacional de Registro Civil e Identificaci\u00f3n, Omar Morales.<\/p>\n\n\n\n<p>En el mismo \u00e1mbito, el Ministro de Justicia, Luis Cordero, finaliz\u00f3&nbsp;<em>\u201cfacilitar la accesibilidad al derecho a sufragio de las personas con discapacidad era una tarea pendiente del sistema institucional y en alg\u00fan sentido es la forma y modo de reconocer que no hay democracia sin el ejercicio pleno del voto. Hoy tenemos 541 mil personas que forman parte del Registro Nacional de Discapacidad y cerca de 470 mil son mayores de 18 a\u00f1os y en condiciones de ejercer su derecho a sufragar. Lo que hoy se suscribe no es solo un convenio, sino que, en estricto rigor, es el cumplimiento del estado para que todas las personas puedan ejercer sus obligaciones y derechos\u201d.<\/em><\/p>\n\n\n\n<p>A su vez, el Director de Senadis, Daniel Concha, a\u00f1adi\u00f3<em>&nbsp;\u201cEste es el camino para incluir a las personas que est\u00e1n en el Registro Nacional de Discapacidad permiti\u00e9ndoles que voten de una manera aut\u00f3noma, ejerciendo su derecho a participar como todo elector en los procesos eleccionarios\u201d.<\/em><\/p>\n\n\n\n<p>El convenio, luego de un an\u00e1lisis de la informaci\u00f3n recibida, podr\u00e1 ser aplicado de forma paulatina en los procesos electorales venideros dando muestra de un Servicio Electoral inclusivo, confiable y que trabaja para todo el electorado.&nbsp;<\/p>\n","protected":false},"excerpt":{"rendered":"<div class=\"pvc_clear\"><\/div>\n<p id=\"pvc_stats_49856\" class=\"pvc_stats total_only  \" data-element-id=\"49856\" style=\"\"><i class=\"pvc-stats-icon large\" aria-hidden=\"true\"><svg aria-hidden=\"true\" focusable=\"false\" data-prefix=\"far\" data-icon=\"chart-bar\" role=\"img\" xmlns=\"http:\/\/www.w3.org\/2000\/svg\" viewBox=\"0 0 512 512\" class=\"svg-inline--fa fa-chart-bar fa-w-16 fa-2x\"><path fill=\"currentColor\" d=\"M396.8 352h22.4c6.4 0 12.8-6.4 12.8-12.8V108.8c0-6.4-6.4-12.8-12.8-12.8h-22.4c-6.4 0-12.8 6.4-12.8 12.8v230.4c0 6.4 6.4 12.8 12.8 12.8zm-192 0h22.4c6.4 0 12.8-6.4 12.8-12.8V140.8c0-6.4-6.4-12.8-12.8-12.8h-22.4c-6.4 0-12.8 6.4-12.8 12.8v198.4c0 6.4 6.4 12.8 12.8 12.8zm96 0h22.4c6.4 0 12.8-6.4 12.8-12.8V204.8c0-6.4-6.4-12.8-12.8-12.8h-22.4c-6.4 0-12.8 6.4-12.8 12.8v134.4c0 6.4 6.4 12.8 12.8 12.8zM496 400H48V80c0-8.84-7.16-16-16-16H16C7.16 64 0 71.16 0 80v336c0 17.67 14.33 32 32 32h464c8.84 0 16-7.16 16-16v-16c0-8.84-7.16-16-16-16zm-387.2-48h22.4c6.4 0 12.8-6.4 12.8-12.8v-70.4c0-6.4-6.4-12.8-12.8-12.8h-22.4c-6.4 0-12.8 6.4-12.8 12.8v70.4c0 6.4 6.4 12.8 12.8 12.8z\" class=\"\"><\/path><\/svg><\/i> <img loading=\"lazy\" decoding=\"async\" width=\"16\" height=\"16\" alt=\"Loading\" src=\"https:\/\/temucotelevision.cl\/web\/wp-content\/plugins\/page-views-count\/ajax-loader-2x.gif\" border=0 \/><\/p>\n<div class=\"pvc_clear\"><\/div>\n<p>El Servicio Electoral y el Servicio Nacional de Registro Civil e Identificaci\u00f3n firmaron un convenio de colaboraci\u00f3n, cuyo principal fin<\/p>\n","protected":false},"author":1,"featured_media":49857,"comment_status":"open","ping_status":"open","sticky":false,"template":"","format":"standard","meta":{"colormag_page_container_layout":"default_layout","colormag_page_sidebar_layout":"default_layout","footnotes":""},"categories":[18,14],"tags":[1131,3133,7052],"class_list":["post-49856","post","type-post","status-publish","format-standard","has-post-thumbnail","hentry","category-nacional","category-temuco","tag-discapacidad","tag-servel","tag-sufragio"],"a3_pvc":{"activated":true,"total_views":1985,"today_views":0},"_links":{"self":[{"href":"https:\/\/temucotelevision.cl\/web\/wp-json\/wp\/v2\/posts\/49856","targetHints":{"allow":["GET"]}}],"collection":[{"href":"https:\/\/temucotelevision.cl\/web\/wp-json\/wp\/v2\/posts"}],"about":[{"href":"https:\/\/temucotelevision.cl\/web\/wp-json\/wp\/v2\/types\/post"}],"author":[{"embeddable":true,"href":"https:\/\/temucotelevision.cl\/web\/wp-json\/wp\/v2\/users\/1"}],"replies":[{"embeddable":true,"href":"https:\/\/temucotelevision.cl\/web\/wp-json\/wp\/v2\/comments?post=49856"}],"version-history":[{"count":1,"href":"https:\/\/temucotelevision.cl\/web\/wp-json\/wp\/v2\/posts\/49856\/revisions"}],"predecessor-version":[{"id":49858,"href":"https:\/\/temucotelevision.cl\/web\/wp-json\/wp\/v2\/posts\/49856\/revisions\/49858"}],"wp:featuredmedia":[{"embeddable":true,"href":"https:\/\/temucotelevision.cl\/web\/wp-json\/wp\/v2\/media\/49857"}],"wp:attachment":[{"href":"https:\/\/temucotelevision.cl\/web\/wp-json\/wp\/v2\/media?parent=49856"}],"wp:term":[{"taxonomy":"category","embeddable":true,"href":"https:\/\/temucotelevision.cl\/web\/wp-json\/wp\/v2\/categories?post=49856"},{"taxonomy":"post_tag","embeddable":true,"href":"https:\/\/temucotelevision.cl\/web\/wp-json\/wp\/v2\/tags?post=49856"}],"curies":[{"name":"wp","href":"https:\/\/api.w.org\/{rel}","templated":true}]}}