{"id":49468,"date":"2024-04-25T00:26:41","date_gmt":"2024-04-25T03:26:41","guid":{"rendered":"https:\/\/temucotelevision.cl\/web\/?p=49468"},"modified":"2024-04-25T00:26:41","modified_gmt":"2024-04-25T03:26:41","slug":"manoella-torres-primer-tema-de-su-enorme-disco-por-50-anos-de-carrera-que-cancion-que-voz-y-que-productores","status":"publish","type":"post","link":"https:\/\/temucotelevision.cl\/web\/2024\/04\/25\/manoella-torres-primer-tema-de-su-enorme-disco-por-50-anos-de-carrera-que-cancion-que-voz-y-que-productores\/","title":{"rendered":"Manoella Torres, primer tema de su enorme disco por 50 a\u00f1os de carrera \u00a1\u00a1\u00a1Qu\u00e9 canci\u00f3n, qu\u00e9 voz y qu\u00e9 productores!!."},"content":{"rendered":"<div class=\"pvc_clear\"><\/div><p id=\"pvc_stats_49468\" class=\"pvc_stats total_only  \" data-element-id=\"49468\" style=\"\"><i class=\"pvc-stats-icon large\" aria-hidden=\"true\"><svg aria-hidden=\"true\" focusable=\"false\" data-prefix=\"far\" data-icon=\"chart-bar\" role=\"img\" xmlns=\"http:\/\/www.w3.org\/2000\/svg\" viewBox=\"0 0 512 512\" class=\"svg-inline--fa fa-chart-bar fa-w-16 fa-2x\"><path fill=\"currentColor\" d=\"M396.8 352h22.4c6.4 0 12.8-6.4 12.8-12.8V108.8c0-6.4-6.4-12.8-12.8-12.8h-22.4c-6.4 0-12.8 6.4-12.8 12.8v230.4c0 6.4 6.4 12.8 12.8 12.8zm-192 0h22.4c6.4 0 12.8-6.4 12.8-12.8V140.8c0-6.4-6.4-12.8-12.8-12.8h-22.4c-6.4 0-12.8 6.4-12.8 12.8v198.4c0 6.4 6.4 12.8 12.8 12.8zm96 0h22.4c6.4 0 12.8-6.4 12.8-12.8V204.8c0-6.4-6.4-12.8-12.8-12.8h-22.4c-6.4 0-12.8 6.4-12.8 12.8v134.4c0 6.4 6.4 12.8 12.8 12.8zM496 400H48V80c0-8.84-7.16-16-16-16H16C7.16 64 0 71.16 0 80v336c0 17.67 14.33 32 32 32h464c8.84 0 16-7.16 16-16v-16c0-8.84-7.16-16-16-16zm-387.2-48h22.4c6.4 0 12.8-6.4 12.8-12.8v-70.4c0-6.4-6.4-12.8-12.8-12.8h-22.4c-6.4 0-12.8 6.4-12.8 12.8v70.4c0 6.4 6.4 12.8 12.8 12.8z\" class=\"\"><\/path><\/svg><\/i> <img loading=\"lazy\" decoding=\"async\" width=\"16\" height=\"16\" alt=\"Loading\" src=\"https:\/\/temucotelevision.cl\/web\/wp-content\/plugins\/page-views-count\/ajax-loader-2x.gif\" border=0 \/><\/p><div class=\"pvc_clear\"><\/div>\n<p><strong><em>\u201cLAS COSAS M\u00c1S BELLAS, \u00a1Que canci\u00f3n!; es un recordatorio para apreciar todo lo bueno y hermoso que tenemos cada d\u00eda y que forma parte de nosotros. La vida misma que es un regalo, la naturaleza, la familia, los amigos y esa persona tan especial que perdurar\u00e1 por siempre en el coraz\u00f3n\u201d:<\/em><\/strong>&nbsp;<strong>MANOELLA TORRES.<\/strong><\/p>\n\n\n\n<p>Su nombre es reconocido internacionalmente desde hace d\u00e9cadas, ya que sin duda&nbsp;<strong>Manoella Torres es una de las voces m\u00e1s bellas, singulares y educadas de Iberoam\u00e9rica;<\/strong>&nbsp;int\u00e9rprete de innumerables \u00e9xitos, se ha mantenido vigente hasta la fecha y es en este 2024 cuando nos ofrecer\u00e1 uno de los mejores \u00e1lbumes de su vasta carrera, ya que con \u00e9l celebrar\u00e1 una vida luminosa como artista y&nbsp; plena como mujer.<\/p>\n\n\n\n<p>Para ser exactos, en 2022 cumpli\u00f3 50 a\u00f1os de trayectoria en los escenarios; en ese a\u00f1o&nbsp;<strong>Expo Compositores<\/strong>&nbsp;le rindi\u00f3 un homenaje en su Convenci\u00f3n Anual y fue a partir de ah\u00ed que el enamoramiento mutuo surgi\u00f3<strong>\u2026 a partir de ese momento se comenz\u00f3 a planear lo que ahora es una hermosa realidad: el \u00e1lbum \u201cCINCUENTA\u201d.<\/strong><\/p>\n\n\n\n<p><strong>Hecho con sumo cuidado y de la mano de Expo Compositores ya como compa\u00f1\u00eda discogr\u00e1fica,<\/strong>&nbsp;se recurri\u00f3 a los mejores productores para su realizaci\u00f3n,&nbsp;<strong>Humberto Gatica<\/strong>&nbsp;(<em>multi ganador de Premios Grammy con Michael Jackson, Madonna, Shakira y Julio Iglesias, entre otros),<\/em>&nbsp;as\u00ed como&nbsp;<strong>Carlos Rodgarman<\/strong>&nbsp;<em>(Juan Gabriel y Jenni Rivera)<\/em>, adem\u00e1s de contar con la participaci\u00f3n de la&nbsp;<strong>Doctora Rosal\u00eda Garc\u00eda como Productora Ejecutiva<\/strong>, amante de la m\u00fasica, fil\u00e1ntropa y mujer incansable que cre\u00f3 hace casi una d\u00e9cada las organizaciones&nbsp;<strong>Expo Compositores&nbsp;<\/strong>y<strong>&nbsp;Expo Compositores Foundation<\/strong>&nbsp;con el fin de orientar y apoyar a los nuevos valores de este oficio. A trav\u00e9s de sus famosas convenciones, talleres, song camps y ponencias con expertos, ha impulsado el talento de muchos autores latinos y ahora, en el \u00e1lbum&nbsp;<strong>\u201cCINCUENTA\u201d,<\/strong>&nbsp;todos los temas ah\u00ed incluidos son producto del ingenio de esta camada de nuevos compositores.<\/p>\n\n\n\n<p>Se seleccionaron piezas bell\u00edsimas de Marcela De la Garza, Loli Molina, Sara Victoria, Luque Rodr\u00edguez, Valente Esquivel y C\u00e9sar Ben\u00edtez, entre otros, todas con un alto nivel de calidad y a la altura de&nbsp;<strong>\u201cLa mujer que naci\u00f3 para cantar\u201d, la gran Manoella Torres,<\/strong>&nbsp;quien posee m\u00e1s de 40 \u00e1lbumes grabados, decenas de \u00e9xitos que han llegado al Top Ten de popularidad en varios pa\u00edses e importantes participaciones en teatro musical, cine y televisi\u00f3n.<\/p>\n\n\n\n<p>Como primer sencillo se eligi\u00f3&nbsp;<strong>\u201cLAS COSAS M\u00c1S BELLAS\u201d<\/strong>&nbsp;por el significado de su letra y por ser una balada dulce y a la vez poderosa. Original de Marcela De la Garza y Loli Molina, en muchos de sus versos refleja lo que ha vivido la propia Manoella, su paso por los escenarios hasta llegar a lo m\u00e1s alto, cantando con el alma y con momentos de gloria pero tambi\u00e9n de dolor, hasta convertirse en la mujer plena que hoy es y que agradece a la vida todo, su intensidad, su luminosidad y sin duda el amor que ha experimentado (<em>anexamos la letra al final de este comunicado porque vale la pena sentirla desde este momento).<\/em><\/p>\n\n\n\n<p>Es relevante se\u00f1alar que el \u00e1lbum&nbsp;<strong>\u201cCINCUENTA\u201d<\/strong>&nbsp;fue grabado en Los \u00c1ngeles con la participaci\u00f3n de&nbsp;<strong>Budapest Scoring Orchestra;<\/strong>&nbsp;son datos interesantes que confirman el esmero con el cual se ha realizado este proyecto y que como primer muestra de su calidad,&nbsp;<strong>este jueves 25 de abril tendremos la oportunidad de escuchar \u201cLAS COSAS M\u00c1S BELLAS\u201d, tema que sin duda nos cautivar\u00e1 por su bella esencia y porque en la voz de Manoella Torres brilla a\u00fan m\u00e1s.<\/strong><\/p>\n\n\n\n<p>La biograf\u00eda de Manoella Torres ha estado llena de momentos m\u00e1gicos, es vasta, extensa e importante, pero con s\u00f3lo decir ha tenido\u00a0<strong>m\u00e1s de 30 \u00e9xitos radiales contundentes<\/strong>\u00a0(<em>Ahora que soy libre, Acar\u00edciame, El \u00faltimo verano, Libre como gaviota, A la que vive contigo, Que perdone tu se\u00f1ora, Te voy a ense\u00f1ar a querer, Si supieras<\/em>, por mencionar algunos) y\u00a0<strong>m\u00e1s de 40 \u00e1<\/strong><strong>lbumes grabados<\/strong>\u00a0que le han permitido compartir su talento con importantes compositores, m\u00fasicos y productores como\u00a0<strong>Armando Manzanero, Juan Carlos Calder\u00f3n, Juan Gabriel, Manuel Alejandro, Alejandro Ja\u00e9n, Rafael P\u00e9rez Botija, Ramiro Jos\u00e9 Esperanza, Eduardo Magallanes, Jos\u00e9 Mar\u00eda Napole\u00f3n, Felipe Gil, Arturo Castro, Kiko Campos, Amparo Rub\u00edn y Joan Sebastian, entre otros,<\/strong>\u00a0podemos dar testimonio de que estamos frente a\u00a0<strong>UNA VERDADERA FIGURA DE LA M\u00daSICA QUE HOY SE RENUEVA<\/strong>\u00a0interpretando m\u00fasica fresca y actual, d\u00e1ndole oportunidad a una nueva generaci\u00f3n de compositores y cantando con la experiencia de quien por 50 a\u00f1os ha tocado el coraz\u00f3n de millones de personas en toda Iberoam\u00e9rica.\u00a0<strong>Compru\u00e9balo este jueves 26 de abril con \u201cLAS COSAS M\u00c1S BELLAS\u201d, primer sencillo de su nuevo \u00e1lbum que celebra la vida misma.<\/strong><\/p>\n\n\n\n<figure class=\"wp-block-image size-full\"><img loading=\"lazy\" decoding=\"async\" width=\"900\" height=\"641\" src=\"https:\/\/temucotelevision.cl\/web\/wp-content\/uploads\/2024\/04\/CON-MANZANERO.png\" alt=\"\" class=\"wp-image-49471\" srcset=\"https:\/\/temucotelevision.cl\/web\/wp-content\/uploads\/2024\/04\/CON-MANZANERO.png 900w, https:\/\/temucotelevision.cl\/web\/wp-content\/uploads\/2024\/04\/CON-MANZANERO-768x547.png 768w\" sizes=\"auto, (max-width: 900px) 100vw, 900px\" \/><\/figure>\n\n\n\n<figure class=\"wp-block-image size-full\"><img loading=\"lazy\" decoding=\"async\" width=\"1000\" height=\"800\" src=\"https:\/\/temucotelevision.cl\/web\/wp-content\/uploads\/2024\/04\/CON-VICENTE-FERNANDEZ-1.jpg\" alt=\"\" class=\"wp-image-49470\" srcset=\"https:\/\/temucotelevision.cl\/web\/wp-content\/uploads\/2024\/04\/CON-VICENTE-FERNANDEZ-1.jpg 1000w, https:\/\/temucotelevision.cl\/web\/wp-content\/uploads\/2024\/04\/CON-VICENTE-FERNANDEZ-1-768x614.jpg 768w\" sizes=\"auto, (max-width: 1000px) 100vw, 1000px\" \/><\/figure>\n\n\n\n<figure class=\"wp-block-image size-large\"><img loading=\"lazy\" decoding=\"async\" width=\"1000\" height=\"667\" src=\"https:\/\/temucotelevision.cl\/web\/wp-content\/uploads\/2024\/04\/PLENA-ACTUAL-1000x667.jpg\" alt=\"\" class=\"wp-image-49472\" srcset=\"https:\/\/temucotelevision.cl\/web\/wp-content\/uploads\/2024\/04\/PLENA-ACTUAL-1000x667.jpg 1000w, https:\/\/temucotelevision.cl\/web\/wp-content\/uploads\/2024\/04\/PLENA-ACTUAL-768x512.jpg 768w, https:\/\/temucotelevision.cl\/web\/wp-content\/uploads\/2024\/04\/PLENA-ACTUAL.jpg 1073w\" sizes=\"auto, (max-width: 1000px) 100vw, 1000px\" \/><\/figure>\n\n\n\n<p>\u201cLAS COSAS M\u00c1S BELLAS\u201d<br><br>Si se trata de contar a m\u00ed me sobran historias,<br>El dolor y la gloria caminaron por aqu\u00ed.<br><br>No he dejado de cantar, es mi canci\u00f3n un retrato<br>De cada amor del pasado y los que siguen en m\u00ed.<br><br>No s\u00e9 de qu\u00e9 se trate la vida<br>Me he dedicado a vivirla,<br>Y s\u00f3lo puedo decir\u2026<br><br>Que entre las cosas m\u00e1s bellas<br>Como en la playa amaneciendo serena<br>O ver el cielo tapizado de estrellas,<br>No he visto nunca algo brillar con tu luz.<br><br>Entre las cosas m\u00e1s bellas<br>Atardeceres, risas, besos, promesas,<br>Podr\u00eda nombrarte cada una de ellas,<br>Pero mi favorita eres t\u00fa.<br><br>Mi favorita eres t\u00fa\u2026<br><br>Cu\u00e1nto m\u00e1s alto llegu\u00e9 fue m\u00e1s claro el panorama,<br>Eso que no cuesta nada, eso es oro de verdad.<br><br>Y si pudiera dejar alg\u00fan mensaje en botella<br>Dir\u00eda: \u201chaz lo que sea pero ded\u00edcate a amar\u201d.<br><br>No s\u00e9 de qu\u00e9 se trate la vida<br>Me he dedicado a vivirla,<br>Y s\u00f3lo puedo decir\u2026<br><br>Que entre las cosas m\u00e1s bellas<br>Como en la playa amaneciendo serena<br>O ver el cielo tapizado de estrellas,<br>No he visto nunca algo brillar con tu luz.<br><br>Entre las cosas m\u00e1s bellas<br>Atardeceres, risas, besos, promesas,<br>Podr\u00eda nombrarte cada una de ellas,<br>Pero mi favorita eres t\u00fa.<br><br>Mi favorita eres t\u00fa\u2026<br>Mi favorita eres t\u00fa\u2026<\/p>\n\n\n\n<p><\/p>\n","protected":false},"excerpt":{"rendered":"<div class=\"pvc_clear\"><\/div>\n<p id=\"pvc_stats_49468\" class=\"pvc_stats total_only  \" data-element-id=\"49468\" style=\"\"><i class=\"pvc-stats-icon large\" aria-hidden=\"true\"><svg aria-hidden=\"true\" focusable=\"false\" data-prefix=\"far\" data-icon=\"chart-bar\" role=\"img\" xmlns=\"http:\/\/www.w3.org\/2000\/svg\" viewBox=\"0 0 512 512\" class=\"svg-inline--fa fa-chart-bar fa-w-16 fa-2x\"><path fill=\"currentColor\" d=\"M396.8 352h22.4c6.4 0 12.8-6.4 12.8-12.8V108.8c0-6.4-6.4-12.8-12.8-12.8h-22.4c-6.4 0-12.8 6.4-12.8 12.8v230.4c0 6.4 6.4 12.8 12.8 12.8zm-192 0h22.4c6.4 0 12.8-6.4 12.8-12.8V140.8c0-6.4-6.4-12.8-12.8-12.8h-22.4c-6.4 0-12.8 6.4-12.8 12.8v198.4c0 6.4 6.4 12.8 12.8 12.8zm96 0h22.4c6.4 0 12.8-6.4 12.8-12.8V204.8c0-6.4-6.4-12.8-12.8-12.8h-22.4c-6.4 0-12.8 6.4-12.8 12.8v134.4c0 6.4 6.4 12.8 12.8 12.8zM496 400H48V80c0-8.84-7.16-16-16-16H16C7.16 64 0 71.16 0 80v336c0 17.67 14.33 32 32 32h464c8.84 0 16-7.16 16-16v-16c0-8.84-7.16-16-16-16zm-387.2-48h22.4c6.4 0 12.8-6.4 12.8-12.8v-70.4c0-6.4-6.4-12.8-12.8-12.8h-22.4c-6.4 0-12.8 6.4-12.8 12.8v70.4c0 6.4 6.4 12.8 12.8 12.8z\" class=\"\"><\/path><\/svg><\/i> <img loading=\"lazy\" decoding=\"async\" width=\"16\" height=\"16\" alt=\"Loading\" src=\"https:\/\/temucotelevision.cl\/web\/wp-content\/plugins\/page-views-count\/ajax-loader-2x.gif\" border=0 \/><\/p>\n<div class=\"pvc_clear\"><\/div>\n<p>\u201cLAS COSAS M\u00c1S BELLAS, \u00a1Que canci\u00f3n!; es un recordatorio para apreciar todo lo bueno y hermoso que tenemos cada d\u00eda<\/p>\n","protected":false},"author":1,"featured_media":49469,"comment_status":"open","ping_status":"open","sticky":false,"template":"","format":"standard","meta":{"colormag_page_container_layout":"default_layout","colormag_page_sidebar_layout":"default_layout","footnotes":""},"categories":[369],"tags":[374,801,609],"class_list":["post-49468","post","type-post","status-publish","format-standard","has-post-thumbnail","hentry","category-musica","tag-cancion","tag-cantante","tag-estreno"],"a3_pvc":{"activated":true,"total_views":3279,"today_views":0},"_links":{"self":[{"href":"https:\/\/temucotelevision.cl\/web\/wp-json\/wp\/v2\/posts\/49468","targetHints":{"allow":["GET"]}}],"collection":[{"href":"https:\/\/temucotelevision.cl\/web\/wp-json\/wp\/v2\/posts"}],"about":[{"href":"https:\/\/temucotelevision.cl\/web\/wp-json\/wp\/v2\/types\/post"}],"author":[{"embeddable":true,"href":"https:\/\/temucotelevision.cl\/web\/wp-json\/wp\/v2\/users\/1"}],"replies":[{"embeddable":true,"href":"https:\/\/temucotelevision.cl\/web\/wp-json\/wp\/v2\/comments?post=49468"}],"version-history":[{"count":1,"href":"https:\/\/temucotelevision.cl\/web\/wp-json\/wp\/v2\/posts\/49468\/revisions"}],"predecessor-version":[{"id":49473,"href":"https:\/\/temucotelevision.cl\/web\/wp-json\/wp\/v2\/posts\/49468\/revisions\/49473"}],"wp:featuredmedia":[{"embeddable":true,"href":"https:\/\/temucotelevision.cl\/web\/wp-json\/wp\/v2\/media\/49469"}],"wp:attachment":[{"href":"https:\/\/temucotelevision.cl\/web\/wp-json\/wp\/v2\/media?parent=49468"}],"wp:term":[{"taxonomy":"category","embeddable":true,"href":"https:\/\/temucotelevision.cl\/web\/wp-json\/wp\/v2\/categories?post=49468"},{"taxonomy":"post_tag","embeddable":true,"href":"https:\/\/temucotelevision.cl\/web\/wp-json\/wp\/v2\/tags?post=49468"}],"curies":[{"name":"wp","href":"https:\/\/api.w.org\/{rel}","templated":true}]}}