{"id":49465,"date":"2024-04-25T00:10:19","date_gmt":"2024-04-25T03:10:19","guid":{"rendered":"https:\/\/temucotelevision.cl\/web\/?p=49465"},"modified":"2024-04-25T00:10:20","modified_gmt":"2024-04-25T03:10:20","slug":"mario-kreutzberger-y-la-ministra-de-las-culturas-y-las-artes-conmemoran-el-mes-del-libro-en-teleton","status":"publish","type":"post","link":"https:\/\/temucotelevision.cl\/web\/2024\/04\/25\/mario-kreutzberger-y-la-ministra-de-las-culturas-y-las-artes-conmemoran-el-mes-del-libro-en-teleton\/","title":{"rendered":"Mario Kreutzberger y la Ministra de Las Culturas y Las Artes conmemoran el Mes del Libro en Telet\u00f3n"},"content":{"rendered":"<div class=\"pvc_clear\"><\/div><p id=\"pvc_stats_49465\" class=\"pvc_stats total_only  \" data-element-id=\"49465\" style=\"\"><i class=\"pvc-stats-icon large\" aria-hidden=\"true\"><svg aria-hidden=\"true\" focusable=\"false\" data-prefix=\"far\" data-icon=\"chart-bar\" role=\"img\" xmlns=\"http:\/\/www.w3.org\/2000\/svg\" viewBox=\"0 0 512 512\" class=\"svg-inline--fa fa-chart-bar fa-w-16 fa-2x\"><path fill=\"currentColor\" d=\"M396.8 352h22.4c6.4 0 12.8-6.4 12.8-12.8V108.8c0-6.4-6.4-12.8-12.8-12.8h-22.4c-6.4 0-12.8 6.4-12.8 12.8v230.4c0 6.4 6.4 12.8 12.8 12.8zm-192 0h22.4c6.4 0 12.8-6.4 12.8-12.8V140.8c0-6.4-6.4-12.8-12.8-12.8h-22.4c-6.4 0-12.8 6.4-12.8 12.8v198.4c0 6.4 6.4 12.8 12.8 12.8zm96 0h22.4c6.4 0 12.8-6.4 12.8-12.8V204.8c0-6.4-6.4-12.8-12.8-12.8h-22.4c-6.4 0-12.8 6.4-12.8 12.8v134.4c0 6.4 6.4 12.8 12.8 12.8zM496 400H48V80c0-8.84-7.16-16-16-16H16C7.16 64 0 71.16 0 80v336c0 17.67 14.33 32 32 32h464c8.84 0 16-7.16 16-16v-16c0-8.84-7.16-16-16-16zm-387.2-48h22.4c6.4 0 12.8-6.4 12.8-12.8v-70.4c0-6.4-6.4-12.8-12.8-12.8h-22.4c-6.4 0-12.8 6.4-12.8 12.8v70.4c0 6.4 6.4 12.8 12.8 12.8z\" class=\"\"><\/path><\/svg><\/i> <img loading=\"lazy\" decoding=\"async\" width=\"16\" height=\"16\" alt=\"Loading\" src=\"https:\/\/temucotelevision.cl\/web\/wp-content\/plugins\/page-views-count\/ajax-loader-2x.gif\" border=0 \/><\/p><div class=\"pvc_clear\"><\/div>\n<p><em>La secretaria de Estado visit\u00f3 el Instituto Telet\u00f3n de Santiago para conocer el trabajo de rehabilitaci\u00f3n que la instituci\u00f3n realiza.<\/em><\/p>\n\n\n\n<p>La biblioteca inclusiva del Instituto Telet\u00f3n de Santiago, llena de ni\u00f1as, ni\u00f1os y sus familias, fue el escenario en el que se conmemor\u00f3 el mes del libro junto a la ministra de las Culturas, las Artes y el Patrimonio, Carolina Arredondo, y Mario Kreutzberger, cofundador de Telet\u00f3n.<\/p>\n\n\n\n<p>En esta oportunidad, la ministra Arredondo, pudo ver la labor que d\u00eda a d\u00eda realizan voluntarios de Telet\u00f3n en las bibliotecas de la instituci\u00f3n, as\u00ed como tambi\u00e9n un taller de cuentacuentos para usuarios y sus familias que esperan por atenci\u00f3n.<\/p>\n\n\n\n<p>Al respecto, la ministra resalt\u00f3 que tanto para ella como para el ministerio de las Culturas, las Artes y el Patrimonio, es un honor seguir celebrando el D\u00eda Mundial del Libro y del Derecho de Autor junto a una instituci\u00f3n que realiza un trabajo tan noble y valioso como Telet\u00f3n.<\/p>\n\n\n\n<p>\u201cLas 12 bibliotecas en Institutos Telet\u00f3n est\u00e1n especialmente adaptadas para personas en situaci\u00f3n de discapacidad y con movilidad reducida. Han logrado ampliamente acercar el libro y la lectura a quienes se atienden aqu\u00ed, pero tambi\u00e9n han sido espacios de socializaci\u00f3n, encuentro, motivaci\u00f3n y sentido, quiz\u00e1s una de las funciones sociales m\u00e1s importantes de la cultura\u201d, indic\u00f3 la ministra Carolina Arredondo.<\/p>\n\n\n\n<p>La biblioteca del Instituto Telet\u00f3n de Santiago forma parte de la red de 12 espacios de lectura, informaci\u00f3n y entretenci\u00f3n que la instituci\u00f3n dispone en sus centros de rehabilitaci\u00f3n del pa\u00eds. Estas bibliotecas buscan informar, formar y entretener a ni\u00f1as, ni\u00f1os y adolescentes resaltando la funci\u00f3n social de estos lugares y la democratizaci\u00f3n en el acceso a libros, revistas y juegos educativos.<\/p>\n\n\n\n<p>La visita de la ministra Arredondo incluy\u00f3 un recorrido por las instalaciones de Telet\u00f3n Santiago, donde pudo presenciar&nbsp;<em>in situ&nbsp;<\/em>el trabajo de rehabilitaci\u00f3n que se realiza todos los d\u00edas en el gimnasio de kinesiolog\u00eda y la piscina de terapias<\/p>\n\n\n\n<p>del instituto, as\u00ed como tambi\u00e9n una exposici\u00f3n de \u201cEl Principito\u201d en el pasillo central de Telet\u00f3n Santiago.<\/p>\n\n\n\n<p>Mario Kreutzberger, cofundador de Telet\u00f3n fue quien acompa\u00f1\u00f3 a la secretaria de Estado a trav\u00e9s de las instalaciones del instituto, y finalizado el recorrido dijo la lectura ha sido clave en su formaci\u00f3n, destacando que \u201c la lectura enriquece mucho, nos hace viajar a trav\u00e9s de las palabras que uno va leyendo. Los ni\u00f1os tendr\u00e1n mucho gusto de poder acceder a estos libros leer y so\u00f1ar\u201d, enfatiz\u00f3 el cofundador de Telet\u00f3n.<\/p>\n\n\n\n<p>Su cercan\u00eda con los libros no va s\u00f3lo desde el lector, sino que tambi\u00e9n ha escrito tres libros que relatan parte de su vida y su trabajo. En esta ocasi\u00f3n, Mario Kreutzberger, regal\u00f3 tres ejemplares de sus obras a la biblioteca de Telet\u00f3n c\u00f3mo tambi\u00e9n a la ministra Arredondo.<\/p>\n\n\n\n<p>Cada biblioteca de Telet\u00f3n cuenta con una colecci\u00f3n bibliogr\u00e1fica de alrededor de 500 t\u00edtulos, con especial \u00e9nfasis en literatura infantil y juvenil. Tambi\u00e9n se incorporan textos sobre experiencias de superaci\u00f3n personal y de desaf\u00edos vitales, as\u00ed como t\u00edtulos destacados de literatura general y otros que promueven el desarrollo de oficios, habilidades o pasatiempos.<\/p>\n\n\n\n<p>Los espacios de lectura est\u00e1n a cargo del \u00e1rea de Gesti\u00f3n Social y Voluntariado de Telet\u00f3n, quienes han desarrollado un servicio de \u201cBiblioteca y Mediaci\u00f3n a la Lectura\u201d, que busca construir un camino hacia la lectura recreativa, de pr\u00e9stamo, de r\u00e1pido acceso a la informaci\u00f3n, con asesoramiento eficaz y ayuda para la autoformaci\u00f3n.<\/p>\n\n\n\n<p>Aldo Orrigoni, director de Gesti\u00f3n Social y Voluntariado de Telet\u00f3n coment\u00f3 que para para la instituci\u00f3n \u201ces un tremendo logro tener 12 bibliotecas en nuestros institutos, es parte de compromiso para estar al servicio de los usuarios y sus familias a trav\u00e9s de un espacio c\u00e1lido que nos permite tambi\u00e9n hablar de inclusi\u00f3n y diversidad\u201d.<\/p>\n\n\n\n<p>De esta forma, Telet\u00f3n se suma a las celebraci\u00f3n del mes del libro en todos sus institutos del pa\u00eds facilitando el acceso a la informaci\u00f3n y al desarrollo de la lectura recreativa a trav\u00e9s del pr\u00e9stamo de libros en un espacio c\u00f3modo, accesible y en los mismos institutos de Telet\u00f3n.<\/p>\n","protected":false},"excerpt":{"rendered":"<div class=\"pvc_clear\"><\/div>\n<p id=\"pvc_stats_49465\" class=\"pvc_stats total_only  \" data-element-id=\"49465\" style=\"\"><i class=\"pvc-stats-icon large\" aria-hidden=\"true\"><svg aria-hidden=\"true\" focusable=\"false\" data-prefix=\"far\" data-icon=\"chart-bar\" role=\"img\" xmlns=\"http:\/\/www.w3.org\/2000\/svg\" viewBox=\"0 0 512 512\" class=\"svg-inline--fa fa-chart-bar fa-w-16 fa-2x\"><path fill=\"currentColor\" d=\"M396.8 352h22.4c6.4 0 12.8-6.4 12.8-12.8V108.8c0-6.4-6.4-12.8-12.8-12.8h-22.4c-6.4 0-12.8 6.4-12.8 12.8v230.4c0 6.4 6.4 12.8 12.8 12.8zm-192 0h22.4c6.4 0 12.8-6.4 12.8-12.8V140.8c0-6.4-6.4-12.8-12.8-12.8h-22.4c-6.4 0-12.8 6.4-12.8 12.8v198.4c0 6.4 6.4 12.8 12.8 12.8zm96 0h22.4c6.4 0 12.8-6.4 12.8-12.8V204.8c0-6.4-6.4-12.8-12.8-12.8h-22.4c-6.4 0-12.8 6.4-12.8 12.8v134.4c0 6.4 6.4 12.8 12.8 12.8zM496 400H48V80c0-8.84-7.16-16-16-16H16C7.16 64 0 71.16 0 80v336c0 17.67 14.33 32 32 32h464c8.84 0 16-7.16 16-16v-16c0-8.84-7.16-16-16-16zm-387.2-48h22.4c6.4 0 12.8-6.4 12.8-12.8v-70.4c0-6.4-6.4-12.8-12.8-12.8h-22.4c-6.4 0-12.8 6.4-12.8 12.8v70.4c0 6.4 6.4 12.8 12.8 12.8z\" class=\"\"><\/path><\/svg><\/i> <img loading=\"lazy\" decoding=\"async\" width=\"16\" height=\"16\" alt=\"Loading\" src=\"https:\/\/temucotelevision.cl\/web\/wp-content\/plugins\/page-views-count\/ajax-loader-2x.gif\" border=0 \/><\/p>\n<div class=\"pvc_clear\"><\/div>\n<p>La secretaria de Estado visit\u00f3 el Instituto Telet\u00f3n de Santiago para conocer el trabajo de rehabilitaci\u00f3n que la instituci\u00f3n realiza.<\/p>\n","protected":false},"author":1,"featured_media":49466,"comment_status":"open","ping_status":"open","sticky":false,"template":"","format":"standard","meta":{"colormag_page_container_layout":"default_layout","colormag_page_sidebar_layout":"default_layout","footnotes":""},"categories":[101,18],"tags":[563,488,7016,1273,730],"class_list":["post-49465","post","type-post","status-publish","format-standard","has-post-thumbnail","hentry","category-actualidad","category-nacional","tag-artes","tag-cultura","tag-don-francisco","tag-libro","tag-ministra"],"a3_pvc":{"activated":true,"total_views":1818,"today_views":0},"_links":{"self":[{"href":"https:\/\/temucotelevision.cl\/web\/wp-json\/wp\/v2\/posts\/49465","targetHints":{"allow":["GET"]}}],"collection":[{"href":"https:\/\/temucotelevision.cl\/web\/wp-json\/wp\/v2\/posts"}],"about":[{"href":"https:\/\/temucotelevision.cl\/web\/wp-json\/wp\/v2\/types\/post"}],"author":[{"embeddable":true,"href":"https:\/\/temucotelevision.cl\/web\/wp-json\/wp\/v2\/users\/1"}],"replies":[{"embeddable":true,"href":"https:\/\/temucotelevision.cl\/web\/wp-json\/wp\/v2\/comments?post=49465"}],"version-history":[{"count":1,"href":"https:\/\/temucotelevision.cl\/web\/wp-json\/wp\/v2\/posts\/49465\/revisions"}],"predecessor-version":[{"id":49467,"href":"https:\/\/temucotelevision.cl\/web\/wp-json\/wp\/v2\/posts\/49465\/revisions\/49467"}],"wp:featuredmedia":[{"embeddable":true,"href":"https:\/\/temucotelevision.cl\/web\/wp-json\/wp\/v2\/media\/49466"}],"wp:attachment":[{"href":"https:\/\/temucotelevision.cl\/web\/wp-json\/wp\/v2\/media?parent=49465"}],"wp:term":[{"taxonomy":"category","embeddable":true,"href":"https:\/\/temucotelevision.cl\/web\/wp-json\/wp\/v2\/categories?post=49465"},{"taxonomy":"post_tag","embeddable":true,"href":"https:\/\/temucotelevision.cl\/web\/wp-json\/wp\/v2\/tags?post=49465"}],"curies":[{"name":"wp","href":"https:\/\/api.w.org\/{rel}","templated":true}]}}