{"id":48941,"date":"2024-04-03T21:49:03","date_gmt":"2024-04-04T00:49:03","guid":{"rendered":"https:\/\/temucotelevision.cl\/web\/?p=48941"},"modified":"2024-04-03T21:49:03","modified_gmt":"2024-04-04T00:49:03","slug":"teleton-se-une-al-dia-nacional-del-deporte-y-realizara-muestras-de-deporte-inclusivo-a-lo-largo-del-pais","status":"publish","type":"post","link":"https:\/\/temucotelevision.cl\/web\/2024\/04\/03\/teleton-se-une-al-dia-nacional-del-deporte-y-realizara-muestras-de-deporte-inclusivo-a-lo-largo-del-pais\/","title":{"rendered":"Telet\u00f3n se une al D\u00eda Nacional del Deporte y realizar\u00e1 muestras de deporte inclusivo a lo largo del pa\u00eds"},"content":{"rendered":"<div class=\"pvc_clear\"><\/div><p id=\"pvc_stats_48941\" class=\"pvc_stats total_only  \" data-element-id=\"48941\" style=\"\"><i class=\"pvc-stats-icon large\" aria-hidden=\"true\"><svg aria-hidden=\"true\" focusable=\"false\" data-prefix=\"far\" data-icon=\"chart-bar\" role=\"img\" xmlns=\"http:\/\/www.w3.org\/2000\/svg\" viewBox=\"0 0 512 512\" class=\"svg-inline--fa fa-chart-bar fa-w-16 fa-2x\"><path fill=\"currentColor\" d=\"M396.8 352h22.4c6.4 0 12.8-6.4 12.8-12.8V108.8c0-6.4-6.4-12.8-12.8-12.8h-22.4c-6.4 0-12.8 6.4-12.8 12.8v230.4c0 6.4 6.4 12.8 12.8 12.8zm-192 0h22.4c6.4 0 12.8-6.4 12.8-12.8V140.8c0-6.4-6.4-12.8-12.8-12.8h-22.4c-6.4 0-12.8 6.4-12.8 12.8v198.4c0 6.4 6.4 12.8 12.8 12.8zm96 0h22.4c6.4 0 12.8-6.4 12.8-12.8V204.8c0-6.4-6.4-12.8-12.8-12.8h-22.4c-6.4 0-12.8 6.4-12.8 12.8v134.4c0 6.4 6.4 12.8 12.8 12.8zM496 400H48V80c0-8.84-7.16-16-16-16H16C7.16 64 0 71.16 0 80v336c0 17.67 14.33 32 32 32h464c8.84 0 16-7.16 16-16v-16c0-8.84-7.16-16-16-16zm-387.2-48h22.4c6.4 0 12.8-6.4 12.8-12.8v-70.4c0-6.4-6.4-12.8-12.8-12.8h-22.4c-6.4 0-12.8 6.4-12.8 12.8v70.4c0 6.4 6.4 12.8 12.8 12.8z\" class=\"\"><\/path><\/svg><\/i> <img loading=\"lazy\" decoding=\"async\" width=\"16\" height=\"16\" alt=\"Loading\" src=\"https:\/\/temucotelevision.cl\/web\/wp-content\/plugins\/page-views-count\/ajax-loader-2x.gif\" border=0 \/><\/p><div class=\"pvc_clear\"><\/div>\n<p><em>Con stands informativos y cl\u00ednicas deportivas, desplegadas en catorce ciudades del pa\u00eds, la Fundaci\u00f3n Telet\u00f3n se unir\u00e1 a la fiesta deportiva nacional que organizan el Ministerio del Deporte y el Instituto Nacional de Deportes (IND) para este fin de semana.&nbsp;<\/em><\/p>\n\n\n\n<p><strong> <\/strong>Esta ma\u00f1ana, y en una actividad realizada en el Instituto Telet\u00f3n de Santiago, autoridades de gobierno, encabezadas por la ministra (s) del Deporte, Antonia Illanes, se dio a conocer que Telet\u00f3n ser\u00e1 parte activa de la celebraci\u00f3n del D\u00eda Nacional del Deporte, evento que se realizar\u00e1 en dos jornadas este s\u00e1bado y domingo 6 y 7 de abril.\u00a0<\/p>\n\n\n\n<p>El coordinador nacional de la Unidad de Ejercicio y Deporte Adaptado de Telet\u00f3n<strong>, <\/strong>Cristian Cherif, detall\u00f3 que &#8220;nos estamos sumando con mucha alegr\u00eda a la invitaci\u00f3n que nos hizo el Ministerio del Deporte para, por primera vez en nuestra historia, ser parte de la celebraci\u00f3n nacional del D\u00eda del Deporte\u201d.&nbsp;<\/p>\n\n\n\n<p>\u201cVamos a estar presentes en nuestros 14 institutos a lo largo de Chile, con nuestros usuarios y sus familias, participando de todas las actividades que organiza el Ministerio del Deporte y el IND. As\u00ed que como equipo de deporte de Telet\u00f3n estamos muy contentos y agradecidos\u201d, agreg\u00f3.<\/p>\n\n\n\n<p>De esta manera, profesionales, voluntarios, voluntarias y pacientes de Telet\u00f3n participar\u00e1n con cl\u00ednicas deportivas y stands de informaci\u00f3n durante las actividades que el Mindep y el IND realizar\u00e1n en las distintas regiones de Chile. Todo, con el objetivo de acercar m\u00e1s a la ciudadan\u00eda al deporte adaptado, el que ha sido base fundamental de la rehabilitaci\u00f3n de las y los pacientes del instituto.&nbsp;<\/p>\n\n\n\n<p>Muchos pacientes y expacientes han logrado, gracias al deporte y a su propio m\u00e9rito, llevar el nombre del pa\u00eds a los podios m\u00e1s importantes del planeta, como Alberto Abarza, medallista paral\u00edmpico en Tokio 2020 e Ignacio Torres, doble medallista parapanamericano en Santiago 2023, por nombrar solo algunos.<\/p>\n\n\n\n<p>Desde el Ministerio del Deporte, se mostraron agradecidos y muy contentos por la participaci\u00f3n de Telet\u00f3n en este gran evento deportivo nacional. \u201cSiempre hemos tenido una excelente colaboraci\u00f3n con Telet\u00f3n, tal como fue en los Parapanamericanos, el trabajo conjunto ha sido muy importante. El 6 de abril vamos a hacer actividades en todo Chile y para eso Telet\u00f3n es fundamental, gracias a la presencia que tienen en casi todas las regiones. La colaboraci\u00f3n que hemos tenido con el Instituto y tambi\u00e9n con otras instituciones del Estado, subsecretar\u00edas, gobiernos regionales y municipios es muy importante para nosotros y para el \u00e9xito de la celebraci\u00f3n que viviremos este fin de semana\u201d, se\u00f1al\u00f3 la ministra (s) Antonia Illanes.&nbsp;<\/p>\n\n\n\n<p>\u201cEsperamos que este D\u00eda Nacional del Deporte sea un evento que congregue a todas y todos los chilenos, que las familias se re\u00fanan en torno al deporte y la actividad f\u00edsica y vivamos una fiesta en todos los territorios. Desde el Gobierno del Presidente Gabriel Boric estamos trabajando arduamente para democratizar el acceso al deporte e incentivar la pr\u00e1ctica\u201d, coment\u00f3 Illanes.&nbsp;<\/p>\n\n\n\n<p>Por su parte, Ademir Domic, vicepresidente ejecutivo de Telet\u00f3n aprovech\u00f3 de agradecer a las autoridades presentes, se\u00f1alando que \u201ces una gran alegr\u00eda ver c\u00f3mo el deporte es un medio de inclusi\u00f3n, de conexi\u00f3n, de participaci\u00f3n de la comunidad y que el deporte sea inclusivo. Santiago 2023 fue un tremendo hito y es muy gratificante ver que las autoridades se han comprometido en la misma l\u00ednea para que, en esta ocasi\u00f3n, el D\u00eda del Deporte sea tambi\u00e9n una instancia de encuentro transversal, diverso, inclusivo, en que todos podamos participar\u201d.&nbsp;<\/p>\n\n\n\n<p>\u201cTodos podemos hacer deporte y en ese sentido las actividades del D\u00eda del Deporte a las que se nos est\u00e1 invitando son una tremenda oportunidad y las vamos a aprovechar como institutos Telet\u00f3n, a lo largo de Chile, con las unidades de ejercicio y deporte adaptado para hacernos parte de esta fiesta. Estamos muy contentos y comprometidos a seguir apoy\u00e1ndonos en esta l\u00ednea de promover el deporte, pero tambi\u00e9n de promover una sociedad m\u00e1s inclusiva a trav\u00e9s de instancias como es el deporte\u201d, agreg\u00f3.<\/p>\n\n\n\n<p>Durante este fin de semana, ser\u00e1n m\u00e1s de 300 las iniciativas que la ciudadan\u00eda podr\u00e1 experimentar desde Arica a Punta Arenas. La informaci\u00f3n con las actividades se encuentra disponible en el sitio web www.diadeldeporte.cl donde adem\u00e1s de horas y lugares, quienes quieran participar podr\u00e1n inscribirse en las actividades que as\u00ed lo requieran.&nbsp;<\/p>\n","protected":false},"excerpt":{"rendered":"<div class=\"pvc_clear\"><\/div>\n<p id=\"pvc_stats_48941\" class=\"pvc_stats total_only  \" data-element-id=\"48941\" style=\"\"><i class=\"pvc-stats-icon large\" aria-hidden=\"true\"><svg aria-hidden=\"true\" focusable=\"false\" data-prefix=\"far\" data-icon=\"chart-bar\" role=\"img\" xmlns=\"http:\/\/www.w3.org\/2000\/svg\" viewBox=\"0 0 512 512\" class=\"svg-inline--fa fa-chart-bar fa-w-16 fa-2x\"><path fill=\"currentColor\" d=\"M396.8 352h22.4c6.4 0 12.8-6.4 12.8-12.8V108.8c0-6.4-6.4-12.8-12.8-12.8h-22.4c-6.4 0-12.8 6.4-12.8 12.8v230.4c0 6.4 6.4 12.8 12.8 12.8zm-192 0h22.4c6.4 0 12.8-6.4 12.8-12.8V140.8c0-6.4-6.4-12.8-12.8-12.8h-22.4c-6.4 0-12.8 6.4-12.8 12.8v198.4c0 6.4 6.4 12.8 12.8 12.8zm96 0h22.4c6.4 0 12.8-6.4 12.8-12.8V204.8c0-6.4-6.4-12.8-12.8-12.8h-22.4c-6.4 0-12.8 6.4-12.8 12.8v134.4c0 6.4 6.4 12.8 12.8 12.8zM496 400H48V80c0-8.84-7.16-16-16-16H16C7.16 64 0 71.16 0 80v336c0 17.67 14.33 32 32 32h464c8.84 0 16-7.16 16-16v-16c0-8.84-7.16-16-16-16zm-387.2-48h22.4c6.4 0 12.8-6.4 12.8-12.8v-70.4c0-6.4-6.4-12.8-12.8-12.8h-22.4c-6.4 0-12.8 6.4-12.8 12.8v70.4c0 6.4 6.4 12.8 12.8 12.8z\" class=\"\"><\/path><\/svg><\/i> <img loading=\"lazy\" decoding=\"async\" width=\"16\" height=\"16\" alt=\"Loading\" src=\"https:\/\/temucotelevision.cl\/web\/wp-content\/plugins\/page-views-count\/ajax-loader-2x.gif\" border=0 \/><\/p>\n<div class=\"pvc_clear\"><\/div>\n<p>Con stands informativos y cl\u00ednicas deportivas, desplegadas en catorce ciudades del pa\u00eds, la Fundaci\u00f3n Telet\u00f3n se unir\u00e1 a la fiesta<\/p>\n","protected":false},"author":1,"featured_media":48942,"comment_status":"open","ping_status":"open","sticky":false,"template":"","format":"standard","meta":{"colormag_page_container_layout":"default_layout","colormag_page_sidebar_layout":"default_layout","footnotes":""},"categories":[15,18],"tags":[1989],"class_list":["post-48941","post","type-post","status-publish","format-standard","has-post-thumbnail","hentry","category-la-araucania","category-nacional","tag-teleton"],"a3_pvc":{"activated":true,"total_views":1174,"today_views":0},"_links":{"self":[{"href":"https:\/\/temucotelevision.cl\/web\/wp-json\/wp\/v2\/posts\/48941","targetHints":{"allow":["GET"]}}],"collection":[{"href":"https:\/\/temucotelevision.cl\/web\/wp-json\/wp\/v2\/posts"}],"about":[{"href":"https:\/\/temucotelevision.cl\/web\/wp-json\/wp\/v2\/types\/post"}],"author":[{"embeddable":true,"href":"https:\/\/temucotelevision.cl\/web\/wp-json\/wp\/v2\/users\/1"}],"replies":[{"embeddable":true,"href":"https:\/\/temucotelevision.cl\/web\/wp-json\/wp\/v2\/comments?post=48941"}],"version-history":[{"count":1,"href":"https:\/\/temucotelevision.cl\/web\/wp-json\/wp\/v2\/posts\/48941\/revisions"}],"predecessor-version":[{"id":48943,"href":"https:\/\/temucotelevision.cl\/web\/wp-json\/wp\/v2\/posts\/48941\/revisions\/48943"}],"wp:featuredmedia":[{"embeddable":true,"href":"https:\/\/temucotelevision.cl\/web\/wp-json\/wp\/v2\/media\/48942"}],"wp:attachment":[{"href":"https:\/\/temucotelevision.cl\/web\/wp-json\/wp\/v2\/media?parent=48941"}],"wp:term":[{"taxonomy":"category","embeddable":true,"href":"https:\/\/temucotelevision.cl\/web\/wp-json\/wp\/v2\/categories?post=48941"},{"taxonomy":"post_tag","embeddable":true,"href":"https:\/\/temucotelevision.cl\/web\/wp-json\/wp\/v2\/tags?post=48941"}],"curies":[{"name":"wp","href":"https:\/\/api.w.org\/{rel}","templated":true}]}}