{"id":48936,"date":"2024-04-03T14:52:00","date_gmt":"2024-04-03T17:52:00","guid":{"rendered":"https:\/\/temucotelevision.cl\/web\/?p=48936"},"modified":"2024-04-03T14:52:03","modified_gmt":"2024-04-03T17:52:03","slug":"diputado-henry-leal-exige-renuncia-inmediata-de-la-seremi-de-vivienda-y-emplaza-a-la-ministra-de-la-mujer-tras-graves-denuncias-de-acoso-laboral","status":"publish","type":"post","link":"https:\/\/temucotelevision.cl\/web\/2024\/04\/03\/diputado-henry-leal-exige-renuncia-inmediata-de-la-seremi-de-vivienda-y-emplaza-a-la-ministra-de-la-mujer-tras-graves-denuncias-de-acoso-laboral\/","title":{"rendered":"Diputado Henry Leal exige renuncia \u201cinmediata\u201d de la seremi de Vivienda y emplaza a la ministra de la Mujer tras graves denuncias de acoso laboral"},"content":{"rendered":"<div class=\"pvc_clear\"><\/div><p id=\"pvc_stats_48936\" class=\"pvc_stats total_only  \" data-element-id=\"48936\" style=\"\"><i class=\"pvc-stats-icon large\" aria-hidden=\"true\"><svg aria-hidden=\"true\" focusable=\"false\" data-prefix=\"far\" data-icon=\"chart-bar\" role=\"img\" xmlns=\"http:\/\/www.w3.org\/2000\/svg\" viewBox=\"0 0 512 512\" class=\"svg-inline--fa fa-chart-bar fa-w-16 fa-2x\"><path fill=\"currentColor\" d=\"M396.8 352h22.4c6.4 0 12.8-6.4 12.8-12.8V108.8c0-6.4-6.4-12.8-12.8-12.8h-22.4c-6.4 0-12.8 6.4-12.8 12.8v230.4c0 6.4 6.4 12.8 12.8 12.8zm-192 0h22.4c6.4 0 12.8-6.4 12.8-12.8V140.8c0-6.4-6.4-12.8-12.8-12.8h-22.4c-6.4 0-12.8 6.4-12.8 12.8v198.4c0 6.4 6.4 12.8 12.8 12.8zm96 0h22.4c6.4 0 12.8-6.4 12.8-12.8V204.8c0-6.4-6.4-12.8-12.8-12.8h-22.4c-6.4 0-12.8 6.4-12.8 12.8v134.4c0 6.4 6.4 12.8 12.8 12.8zM496 400H48V80c0-8.84-7.16-16-16-16H16C7.16 64 0 71.16 0 80v336c0 17.67 14.33 32 32 32h464c8.84 0 16-7.16 16-16v-16c0-8.84-7.16-16-16-16zm-387.2-48h22.4c6.4 0 12.8-6.4 12.8-12.8v-70.4c0-6.4-6.4-12.8-12.8-12.8h-22.4c-6.4 0-12.8 6.4-12.8 12.8v70.4c0 6.4 6.4 12.8 12.8 12.8z\" class=\"\"><\/path><\/svg><\/i> <img loading=\"lazy\" decoding=\"async\" width=\"16\" height=\"16\" alt=\"Loading\" src=\"https:\/\/temucotelevision.cl\/web\/wp-content\/plugins\/page-views-count\/ajax-loader-2x.gif\" border=0 \/><\/p><div class=\"pvc_clear\"><\/div>\n<p><em>El representante de La Araucan\u00eda asegur\u00f3 que Ximena Sep\u00falveda \u201cno resiste un d\u00eda m\u00e1s en su cargo\u201d, sobre todo luego que una de las denunciantes intentara quitarse la vida, lo que provoc\u00f3 que la asociaci\u00f3n de funcionarios rompiera relaciones e iniciara una paralizaci\u00f3n.<\/em><\/p>\n\n\n\n<p>El diputado por el Distrito 23 e integrante de la comisi\u00f3n de Trabajo de la C\u00e1mara Baja, Henry Leal (UDI), solicit\u00f3 la renuncia \u201cinmediata\u201d de la secretaria regional ministerial (seremi) de Vivienda y Urbanismo (Minvu) de la Regi\u00f3n de La Araucan\u00eda, Ximena Sep\u00falveda, luego que una funcionaria intentara quitarse la vida tras haber presentado una denuncia por acoso laboral contra la autoridad.<\/p>\n\n\n\n<p>Al respecto, y junto con manifestar su \u201cm\u00e1xima preocupaci\u00f3n\u201d por los hechos acontecidos, adem\u00e1s de solidarizar con la trabajadora de la repartici\u00f3n, el parlamentario gremialista asegur\u00f3 que la seremi Minvu \u201cno resiste un d\u00eda m\u00e1s en el cargo\u201d, sobre todo considerando que la asociaci\u00f3n de funcionarios de La Araucan\u00eda decidi\u00f3 romper relaciones con Sep\u00falveda e iniciar una paralizaci\u00f3n por 48 horas.<\/p>\n\n\n\n<p>Por lo mismo, el diputado Leal no s\u00f3lo exigi\u00f3 la renuncia inmediata de la seremi de Vivienda, sino que tambi\u00e9n apunt\u00f3 al delegado presidencial, Jos\u00e9 Montalva, y al ministro Carlos Montes, para que de manera conjunta \u201ctomen una decisi\u00f3n definitiva respecto a la continuidad de esta autoridad\u201d.<\/p>\n\n\n\n<p>\u201cLa presencia de la seremi Ximena Sep\u00falveda se ha vuelto pr\u00e1cticamente insostenible. Lo que ha ocurrido con una funcionaria del Minvu, que intent\u00f3 quitarse la vida despu\u00e9s de haber presentado una denuncia por acoso laboral, es de la m\u00e1xima gravedad y requiere una intervenci\u00f3n de parte del Gobierno. Incluso, existir\u00edan m\u00e1s denuncias presentadas y otras en tr\u00e1mite, de acuerdo a lo que ha se\u00f1alado la asociaci\u00f3n de funcionarios, de manera que si la seremi no decide renunciar de manera voluntaria, lo que corresponde entonces es que la remuevan de su cargo\u201d, manifest\u00f3 el legislador.<\/p>\n\n\n\n<p>Justamente, el parlamentario de la UDI asegur\u00f3 que una cartera \u201ctan relevante como el Minvu no puede continuar en paro producto de la forma de actuar que tendr\u00eda la seremi\u201d, manifestando que \u201ctenemos asuntos y problemas que deben ser resueltos de manera urgente, como la crisis de vivienda y los apoyos a los damnificados por los incendios, de tal forma que el Gobierno no puede seguir entrampado en una situaci\u00f3n s\u00f3lo por la presi\u00f3n que existir\u00eda para no remover a la autoridad\u201d.<\/p>\n\n\n\n<p>Pero adem\u00e1s, el representante de La Araucan\u00eda emplaz\u00f3 directamente a la ministra de la Mujer y Equidad de G\u00e9nero, Antonia Orellana, para que se pronuncie sobre los hechos ocurridos al interior del Minvu, asegurando que \u201cson en este tipo de situaciones donde uno echa de menos la promesa que hicieron desde un inicio, en torno a que supuestamente ser\u00edan el primer gobierno feminista\u201d.<\/p>\n\n\n\n<p>\u201cSe supon\u00eda que esta administraci\u00f3n iba a poner siempre por delante los derechos de las mujeres, pero hoy vemos que s\u00f3lo se trat\u00f3 de una promesa de campa\u00f1a incumplida. Hay una funcionaria del Minvu que trat\u00f3 de quitarse la vida por el hostigamiento que estar\u00eda sufriendo, y pese a ello la seremi sigue en su puesto. Por eso esperamos que el Gobierno recapacite en estas horas y le solicite de inmediato la renuncia a una autoridad que no ha estado a la altura del cargo\u201d, manifest\u00f3 Henry Leal.<\/p>\n","protected":false},"excerpt":{"rendered":"<div class=\"pvc_clear\"><\/div>\n<p id=\"pvc_stats_48936\" class=\"pvc_stats total_only  \" data-element-id=\"48936\" style=\"\"><i class=\"pvc-stats-icon large\" aria-hidden=\"true\"><svg aria-hidden=\"true\" focusable=\"false\" data-prefix=\"far\" data-icon=\"chart-bar\" role=\"img\" xmlns=\"http:\/\/www.w3.org\/2000\/svg\" viewBox=\"0 0 512 512\" class=\"svg-inline--fa fa-chart-bar fa-w-16 fa-2x\"><path fill=\"currentColor\" d=\"M396.8 352h22.4c6.4 0 12.8-6.4 12.8-12.8V108.8c0-6.4-6.4-12.8-12.8-12.8h-22.4c-6.4 0-12.8 6.4-12.8 12.8v230.4c0 6.4 6.4 12.8 12.8 12.8zm-192 0h22.4c6.4 0 12.8-6.4 12.8-12.8V140.8c0-6.4-6.4-12.8-12.8-12.8h-22.4c-6.4 0-12.8 6.4-12.8 12.8v198.4c0 6.4 6.4 12.8 12.8 12.8zm96 0h22.4c6.4 0 12.8-6.4 12.8-12.8V204.8c0-6.4-6.4-12.8-12.8-12.8h-22.4c-6.4 0-12.8 6.4-12.8 12.8v134.4c0 6.4 6.4 12.8 12.8 12.8zM496 400H48V80c0-8.84-7.16-16-16-16H16C7.16 64 0 71.16 0 80v336c0 17.67 14.33 32 32 32h464c8.84 0 16-7.16 16-16v-16c0-8.84-7.16-16-16-16zm-387.2-48h22.4c6.4 0 12.8-6.4 12.8-12.8v-70.4c0-6.4-6.4-12.8-12.8-12.8h-22.4c-6.4 0-12.8 6.4-12.8 12.8v70.4c0 6.4 6.4 12.8 12.8 12.8z\" class=\"\"><\/path><\/svg><\/i> <img loading=\"lazy\" decoding=\"async\" width=\"16\" height=\"16\" alt=\"Loading\" src=\"https:\/\/temucotelevision.cl\/web\/wp-content\/plugins\/page-views-count\/ajax-loader-2x.gif\" border=0 \/><\/p>\n<div class=\"pvc_clear\"><\/div>\n<p>El representante de La Araucan\u00eda asegur\u00f3 que Ximena Sep\u00falveda \u201cno resiste un d\u00eda m\u00e1s en su cargo\u201d, sobre todo luego<\/p>\n","protected":false},"author":1,"featured_media":35906,"comment_status":"open","ping_status":"open","sticky":false,"template":"","format":"standard","meta":{"colormag_page_container_layout":"default_layout","colormag_page_sidebar_layout":"default_layout","footnotes":""},"categories":[84],"tags":[154,866],"class_list":["post-48936","post","type-post","status-publish","format-standard","has-post-thumbnail","hentry","category-politica","tag-diputado","tag-vivienda"],"a3_pvc":{"activated":true,"total_views":1460,"today_views":0},"_links":{"self":[{"href":"https:\/\/temucotelevision.cl\/web\/wp-json\/wp\/v2\/posts\/48936","targetHints":{"allow":["GET"]}}],"collection":[{"href":"https:\/\/temucotelevision.cl\/web\/wp-json\/wp\/v2\/posts"}],"about":[{"href":"https:\/\/temucotelevision.cl\/web\/wp-json\/wp\/v2\/types\/post"}],"author":[{"embeddable":true,"href":"https:\/\/temucotelevision.cl\/web\/wp-json\/wp\/v2\/users\/1"}],"replies":[{"embeddable":true,"href":"https:\/\/temucotelevision.cl\/web\/wp-json\/wp\/v2\/comments?post=48936"}],"version-history":[{"count":1,"href":"https:\/\/temucotelevision.cl\/web\/wp-json\/wp\/v2\/posts\/48936\/revisions"}],"predecessor-version":[{"id":48937,"href":"https:\/\/temucotelevision.cl\/web\/wp-json\/wp\/v2\/posts\/48936\/revisions\/48937"}],"wp:featuredmedia":[{"embeddable":true,"href":"https:\/\/temucotelevision.cl\/web\/wp-json\/wp\/v2\/media\/35906"}],"wp:attachment":[{"href":"https:\/\/temucotelevision.cl\/web\/wp-json\/wp\/v2\/media?parent=48936"}],"wp:term":[{"taxonomy":"category","embeddable":true,"href":"https:\/\/temucotelevision.cl\/web\/wp-json\/wp\/v2\/categories?post=48936"},{"taxonomy":"post_tag","embeddable":true,"href":"https:\/\/temucotelevision.cl\/web\/wp-json\/wp\/v2\/tags?post=48936"}],"curies":[{"name":"wp","href":"https:\/\/api.w.org\/{rel}","templated":true}]}}