{"id":48931,"date":"2024-04-03T14:47:40","date_gmt":"2024-04-03T17:47:40","guid":{"rendered":"https:\/\/temucotelevision.cl\/web\/?p=48931"},"modified":"2024-04-03T14:47:41","modified_gmt":"2024-04-03T17:47:41","slug":"multigremial-de-la-araucania-exige-implementar-plan-nacional-contra-el-terrorismo-tras-nueva-ampliacion-de-estado-de-emergencia-en-macrozona-sur","status":"publish","type":"post","link":"https:\/\/temucotelevision.cl\/web\/2024\/04\/03\/multigremial-de-la-araucania-exige-implementar-plan-nacional-contra-el-terrorismo-tras-nueva-ampliacion-de-estado-de-emergencia-en-macrozona-sur\/","title":{"rendered":"Multigremial de la Araucan\u00eda exige implementar plan nacional contra el terrorismo tras nueva ampliaci\u00f3n de Estado de Emergencia en Macrozona Sur"},"content":{"rendered":"<div class=\"pvc_clear\"><\/div><p id=\"pvc_stats_48931\" class=\"pvc_stats total_only  \" data-element-id=\"48931\" style=\"\"><i class=\"pvc-stats-icon large\" aria-hidden=\"true\"><svg aria-hidden=\"true\" focusable=\"false\" data-prefix=\"far\" data-icon=\"chart-bar\" role=\"img\" xmlns=\"http:\/\/www.w3.org\/2000\/svg\" viewBox=\"0 0 512 512\" class=\"svg-inline--fa fa-chart-bar fa-w-16 fa-2x\"><path fill=\"currentColor\" d=\"M396.8 352h22.4c6.4 0 12.8-6.4 12.8-12.8V108.8c0-6.4-6.4-12.8-12.8-12.8h-22.4c-6.4 0-12.8 6.4-12.8 12.8v230.4c0 6.4 6.4 12.8 12.8 12.8zm-192 0h22.4c6.4 0 12.8-6.4 12.8-12.8V140.8c0-6.4-6.4-12.8-12.8-12.8h-22.4c-6.4 0-12.8 6.4-12.8 12.8v198.4c0 6.4 6.4 12.8 12.8 12.8zm96 0h22.4c6.4 0 12.8-6.4 12.8-12.8V204.8c0-6.4-6.4-12.8-12.8-12.8h-22.4c-6.4 0-12.8 6.4-12.8 12.8v134.4c0 6.4 6.4 12.8 12.8 12.8zM496 400H48V80c0-8.84-7.16-16-16-16H16C7.16 64 0 71.16 0 80v336c0 17.67 14.33 32 32 32h464c8.84 0 16-7.16 16-16v-16c0-8.84-7.16-16-16-16zm-387.2-48h22.4c6.4 0 12.8-6.4 12.8-12.8v-70.4c0-6.4-6.4-12.8-12.8-12.8h-22.4c-6.4 0-12.8 6.4-12.8 12.8v70.4c0 6.4 6.4 12.8 12.8 12.8z\" class=\"\"><\/path><\/svg><\/i> <img loading=\"lazy\" decoding=\"async\" width=\"16\" height=\"16\" alt=\"Loading\" src=\"https:\/\/temucotelevision.cl\/web\/wp-content\/plugins\/page-views-count\/ajax-loader-2x.gif\" border=0 \/><\/p><div class=\"pvc_clear\"><\/div>\n<p>La Multigremial de la Araucan\u00eda pidi\u00f3 al Gobierno y autoridades parlamentarias, encarar una nueva estrategia nacional contra el terrorismo en la Macrozona Sur que enfrente de forma decidida a las organizaciones que existen actualmente y que mantienen una din\u00e1mica de atentados permanentes en la zona, tras la decisi\u00f3n del Congreso de ampliar nuevamente el Estado de Emergencia en la Macrozona Sur.<\/p>\n\n\n\n<p>La entidad afirm\u00f3 que aunque los registros de marzo en cuanto a hechos de violencia bajan, en ning\u00fan caso eso significa que el problema ha terminado.&nbsp;<\/p>\n\n\n\n<p>Si bien valoran el Estado de Emergencia como un elemento clave en esa disminuci\u00f3n, advierten que es momento de pasar a otra estrategia. \u201cEs imperativo establecer un plan nacional contra el terrorismo. La aplicaci\u00f3n del Estado de Excepci\u00f3n debe ser una medida temporal y no transformarse en una condici\u00f3n permanente\u201d, dice la MGA.<\/p>\n\n\n\n<p>\u201cEsta medida debe mantenerse hasta que el terrorismo est\u00e9 completamente controlado. Sin embargo, para prevenir cualquier posible resurgimiento, se requiere la implementaci\u00f3n de un plan de acci\u00f3n permanente\u201d, afirm\u00f3 la MGA a trav\u00e9s del informe mensual de Hechos de Violencia en la Macrozona Sur.<\/p>\n\n\n\n<p>El informe de marzo de la MGA tambi\u00e9n concluye que la detenci\u00f3n de los l\u00edderes terroristas como H\u00e9ctor Llaitul y el ex sacerdote Luis Garc\u00eda Huidobro, ha favorecido la baja en los registros de hechos de violencia en la Macrozona Sur.<\/p>\n\n\n\n<p>\u201cEs un avance significativo, pero el desaf\u00edo ahora es asegurar que (esos l\u00edderes) no puedan operar desde prisi\u00f3n. Es crucial que el Estado implemente medidas estrictas para evitar que estos individuos sigan influyendo en sus organizaciones y accedan a beneficios penitenciarios, garantizando as\u00ed una verdadera justicia y seguridad\u201d, afirma el texto.<\/p>\n\n\n\n<p>Finalmente el informe destaca que durante marzo de 2024, se observ\u00f3 una tendencia a la baja de los actos violentos, registr\u00e1ndose 6 atentados, lo que para la Multigremial \u201cEs una disminuci\u00f3n que se mantiene desde la decisi\u00f3n de eliminar las restricciones asociadas al Estado de Emergencia, as\u00ed como el abandono de la estrategia de di\u00e1logo con grupos terroristas\u201d.<\/p>\n\n\n\n<p>\u201cEl Estado de Emergencia sin restricciones ha demostrado ser eficaz para frenar el avance del terrorismo. Esta efectividad se ha visto reforzada por la aprobaci\u00f3n de nuevas leyes por parte del Congreso (como las relacionadas con el robo de madera y las usurpaciones) y la decisi\u00f3n del Ministerio P\u00fablico de intensificar la persecuci\u00f3n de los terroristas. Aunque la respuesta del Estado fue tard\u00eda, esta situaci\u00f3n nos deja una valiosa lecci\u00f3n para el futuro\u201d, concluye el reporte.<\/p>\n","protected":false},"excerpt":{"rendered":"<div class=\"pvc_clear\"><\/div>\n<p id=\"pvc_stats_48931\" class=\"pvc_stats total_only  \" data-element-id=\"48931\" style=\"\"><i class=\"pvc-stats-icon large\" aria-hidden=\"true\"><svg aria-hidden=\"true\" focusable=\"false\" data-prefix=\"far\" data-icon=\"chart-bar\" role=\"img\" xmlns=\"http:\/\/www.w3.org\/2000\/svg\" viewBox=\"0 0 512 512\" class=\"svg-inline--fa fa-chart-bar fa-w-16 fa-2x\"><path fill=\"currentColor\" d=\"M396.8 352h22.4c6.4 0 12.8-6.4 12.8-12.8V108.8c0-6.4-6.4-12.8-12.8-12.8h-22.4c-6.4 0-12.8 6.4-12.8 12.8v230.4c0 6.4 6.4 12.8 12.8 12.8zm-192 0h22.4c6.4 0 12.8-6.4 12.8-12.8V140.8c0-6.4-6.4-12.8-12.8-12.8h-22.4c-6.4 0-12.8 6.4-12.8 12.8v198.4c0 6.4 6.4 12.8 12.8 12.8zm96 0h22.4c6.4 0 12.8-6.4 12.8-12.8V204.8c0-6.4-6.4-12.8-12.8-12.8h-22.4c-6.4 0-12.8 6.4-12.8 12.8v134.4c0 6.4 6.4 12.8 12.8 12.8zM496 400H48V80c0-8.84-7.16-16-16-16H16C7.16 64 0 71.16 0 80v336c0 17.67 14.33 32 32 32h464c8.84 0 16-7.16 16-16v-16c0-8.84-7.16-16-16-16zm-387.2-48h22.4c6.4 0 12.8-6.4 12.8-12.8v-70.4c0-6.4-6.4-12.8-12.8-12.8h-22.4c-6.4 0-12.8 6.4-12.8 12.8v70.4c0 6.4 6.4 12.8 12.8 12.8z\" class=\"\"><\/path><\/svg><\/i> <img loading=\"lazy\" decoding=\"async\" width=\"16\" height=\"16\" alt=\"Loading\" src=\"https:\/\/temucotelevision.cl\/web\/wp-content\/plugins\/page-views-count\/ajax-loader-2x.gif\" border=0 \/><\/p>\n<div class=\"pvc_clear\"><\/div>\n<p>La Multigremial de la Araucan\u00eda pidi\u00f3 al Gobierno y autoridades parlamentarias, encarar una nueva estrategia nacional contra el terrorismo en<\/p>\n","protected":false},"author":1,"featured_media":43869,"comment_status":"open","ping_status":"open","sticky":false,"template":"","format":"standard","meta":{"colormag_page_container_layout":"default_layout","colormag_page_sidebar_layout":"default_layout","footnotes":""},"categories":[6973],"tags":[1728],"class_list":["post-48931","post","type-post","status-publish","format-standard","has-post-thumbnail","hentry","category-tecnologia","tag-multigremial"],"a3_pvc":{"activated":true,"total_views":2192,"today_views":0},"_links":{"self":[{"href":"https:\/\/temucotelevision.cl\/web\/wp-json\/wp\/v2\/posts\/48931","targetHints":{"allow":["GET"]}}],"collection":[{"href":"https:\/\/temucotelevision.cl\/web\/wp-json\/wp\/v2\/posts"}],"about":[{"href":"https:\/\/temucotelevision.cl\/web\/wp-json\/wp\/v2\/types\/post"}],"author":[{"embeddable":true,"href":"https:\/\/temucotelevision.cl\/web\/wp-json\/wp\/v2\/users\/1"}],"replies":[{"embeddable":true,"href":"https:\/\/temucotelevision.cl\/web\/wp-json\/wp\/v2\/comments?post=48931"}],"version-history":[{"count":1,"href":"https:\/\/temucotelevision.cl\/web\/wp-json\/wp\/v2\/posts\/48931\/revisions"}],"predecessor-version":[{"id":48932,"href":"https:\/\/temucotelevision.cl\/web\/wp-json\/wp\/v2\/posts\/48931\/revisions\/48932"}],"wp:featuredmedia":[{"embeddable":true,"href":"https:\/\/temucotelevision.cl\/web\/wp-json\/wp\/v2\/media\/43869"}],"wp:attachment":[{"href":"https:\/\/temucotelevision.cl\/web\/wp-json\/wp\/v2\/media?parent=48931"}],"wp:term":[{"taxonomy":"category","embeddable":true,"href":"https:\/\/temucotelevision.cl\/web\/wp-json\/wp\/v2\/categories?post=48931"},{"taxonomy":"post_tag","embeddable":true,"href":"https:\/\/temucotelevision.cl\/web\/wp-json\/wp\/v2\/tags?post=48931"}],"curies":[{"name":"wp","href":"https:\/\/api.w.org\/{rel}","templated":true}]}}