{"id":48928,"date":"2024-04-03T00:28:59","date_gmt":"2024-04-03T03:28:59","guid":{"rendered":"https:\/\/temucotelevision.cl\/web\/?p=48928"},"modified":"2024-04-03T00:29:00","modified_gmt":"2024-04-03T03:29:00","slug":"las-perspectivas-para-2024-en-evento-de-corparaucania","status":"publish","type":"post","link":"https:\/\/temucotelevision.cl\/web\/2024\/04\/03\/las-perspectivas-para-2024-en-evento-de-corparaucania\/","title":{"rendered":"Las perspectivas para 2024 en evento de Corparaucan\u00eda"},"content":{"rendered":"<div class=\"pvc_clear\"><\/div><p id=\"pvc_stats_48928\" class=\"pvc_stats total_only  \" data-element-id=\"48928\" style=\"\"><i class=\"pvc-stats-icon large\" aria-hidden=\"true\"><svg aria-hidden=\"true\" focusable=\"false\" data-prefix=\"far\" data-icon=\"chart-bar\" role=\"img\" xmlns=\"http:\/\/www.w3.org\/2000\/svg\" viewBox=\"0 0 512 512\" class=\"svg-inline--fa fa-chart-bar fa-w-16 fa-2x\"><path fill=\"currentColor\" d=\"M396.8 352h22.4c6.4 0 12.8-6.4 12.8-12.8V108.8c0-6.4-6.4-12.8-12.8-12.8h-22.4c-6.4 0-12.8 6.4-12.8 12.8v230.4c0 6.4 6.4 12.8 12.8 12.8zm-192 0h22.4c6.4 0 12.8-6.4 12.8-12.8V140.8c0-6.4-6.4-12.8-12.8-12.8h-22.4c-6.4 0-12.8 6.4-12.8 12.8v198.4c0 6.4 6.4 12.8 12.8 12.8zm96 0h22.4c6.4 0 12.8-6.4 12.8-12.8V204.8c0-6.4-6.4-12.8-12.8-12.8h-22.4c-6.4 0-12.8 6.4-12.8 12.8v134.4c0 6.4 6.4 12.8 12.8 12.8zM496 400H48V80c0-8.84-7.16-16-16-16H16C7.16 64 0 71.16 0 80v336c0 17.67 14.33 32 32 32h464c8.84 0 16-7.16 16-16v-16c0-8.84-7.16-16-16-16zm-387.2-48h22.4c6.4 0 12.8-6.4 12.8-12.8v-70.4c0-6.4-6.4-12.8-12.8-12.8h-22.4c-6.4 0-12.8 6.4-12.8 12.8v70.4c0 6.4 6.4 12.8 12.8 12.8z\" class=\"\"><\/path><\/svg><\/i> <img loading=\"lazy\" decoding=\"async\" width=\"16\" height=\"16\" alt=\"Loading\" src=\"https:\/\/temucotelevision.cl\/web\/wp-content\/plugins\/page-views-count\/ajax-loader-2x.gif\" border=0 \/><\/p><div class=\"pvc_clear\"><\/div>\n<p><em>Con el tradicional desayuno \u201c\u00bfC\u00f3mo viene el a\u00f1o?\u201d, Corparaucan\u00eda inicia su ciclo de encuentros 2024, este jueves 4 de abril en Dreams Temuco, ocasi\u00f3n en la que destacados invitados abordar\u00e1n diversos elementos de juicio sobre las proyecciones de la situaci\u00f3n econ\u00f3mica y sociopol\u00edtica del pa\u00eds con la correspondiente bajada regional.<\/em><\/p>\n\n\n\n<p>Un acercamiento a los escenarios posibles a lo que se enfrentar\u00e1 la sociedad chilena y la regi\u00f3n en este 2024,&nbsp;con importantes desaf\u00edos sociales, econ\u00f3micos y pol\u00edticos son parte de los ejes tem\u00e1ticos que abrir\u00e1n la conversaci\u00f3n entre los destacados invitados al desayuno \u201c\u00bfC\u00f3mo viene el a\u00f1o?\u201d de Corparaucan\u00eda.<\/p>\n\n\n\n<p>Estar\u00e1n Daniel Mansuy, acad\u00e9mico de la Universidad de los Andes e investigador asociado del Instituto de Estudios de la Sociedad (IES); Luc\u00eda Dammert, doctora en Ciencia Pol\u00edtica y profesora titular de la Universidad de Santiago de Chile; Sebasti\u00e1n Aguirre, periodista, conductor de Agenda Econ\u00f3mica en CNN, y en la moderaci\u00f3n, el director del Diario El Austral, Mauricio Rivas.<\/p>\n\n\n\n<p>\u201cParticipar en un espacio de an\u00e1lisis acerca de los principales procesos que vive el pa\u00eds y la regi\u00f3n en la voz de expertos de distintas \u00e1reas es la invitaci\u00f3n que hacemos a toda la comunidad regional. Por ejemplo, sobre los factores que est\u00e1n influyendo en la reactivaci\u00f3n de la econom\u00eda o lo que se visualiza en el \u00e1mbito de la inseguridad\u201d, expresa el presidente de Corparaucan\u00eda, Diego Paulsen.<\/p>\n\n\n\n<p>Por otro lado, el timonel agrega que \u201cotra l\u00ednea de trabajo que estamos priorizando desde Corparaucan\u00eda es generar acciones para avanzar en la educaci\u00f3n regional, recientemente realizamos el taller Juntos por la Educaci\u00f3n, y estos espacios de encuentro tambi\u00e9n son una oportunidad para prosperar en lo que nos preocupa y necesitamos como regi\u00f3n\u201d, enfatiz\u00f3.<\/p>\n\n\n\n<p>La cita es este jueves 4 de abril a las 09:30 horas en el Sal\u00f3n Villarrica del Centro de Convenciones Dreams Temuco, en una actividad abierta a todo p\u00fablico y con cupos limitados.<\/p>\n\n\n\n<p>Los Encuentros Corparaucan\u00eda 2024 son posibles gracias al aporte de sus socios colaboradores: CNN, C\u00e1mara Chilena de la Construcci\u00f3n, Universidad de La Frontera, Arauco, CCU, CMPC, Banco de Chile, Aguas Araucan\u00eda, Diario El Austral, Universidad Mayor, Dreams y El Mercurio.<\/p>\n\n\n\n<p>M\u00e1s informaci\u00f3n e inscripciones en:&nbsp;<a href=\"http:\/\/corparaucania.cl\/\" target=\"_blank\" rel=\"noreferrer noopener\">corparaucania.cl<\/a><\/p>\n\n\n\n<figure class=\"wp-block-image size-large\"><img loading=\"lazy\" decoding=\"async\" width=\"1024\" height=\"1024\" src=\"https:\/\/temucotelevision.cl\/web\/wp-content\/uploads\/2024\/04\/Como-viene-el-ano-20224-1024x1024.jpg\" alt=\"\" class=\"wp-image-48929\" srcset=\"https:\/\/temucotelevision.cl\/web\/wp-content\/uploads\/2024\/04\/Como-viene-el-ano-20224-1024x1024.jpg 1024w, https:\/\/temucotelevision.cl\/web\/wp-content\/uploads\/2024\/04\/Como-viene-el-ano-20224-1000x1000.jpg 1000w, https:\/\/temucotelevision.cl\/web\/wp-content\/uploads\/2024\/04\/Como-viene-el-ano-20224-768x768.jpg 768w, https:\/\/temucotelevision.cl\/web\/wp-content\/uploads\/2024\/04\/Como-viene-el-ano-20224-150x150.jpg 150w, https:\/\/temucotelevision.cl\/web\/wp-content\/uploads\/2024\/04\/Como-viene-el-ano-20224.jpg 1200w\" sizes=\"auto, (max-width: 1024px) 100vw, 1024px\" \/><\/figure>\n","protected":false},"excerpt":{"rendered":"<div class=\"pvc_clear\"><\/div>\n<p id=\"pvc_stats_48928\" class=\"pvc_stats total_only  \" data-element-id=\"48928\" style=\"\"><i class=\"pvc-stats-icon large\" aria-hidden=\"true\"><svg aria-hidden=\"true\" focusable=\"false\" data-prefix=\"far\" data-icon=\"chart-bar\" role=\"img\" xmlns=\"http:\/\/www.w3.org\/2000\/svg\" viewBox=\"0 0 512 512\" class=\"svg-inline--fa fa-chart-bar fa-w-16 fa-2x\"><path fill=\"currentColor\" d=\"M396.8 352h22.4c6.4 0 12.8-6.4 12.8-12.8V108.8c0-6.4-6.4-12.8-12.8-12.8h-22.4c-6.4 0-12.8 6.4-12.8 12.8v230.4c0 6.4 6.4 12.8 12.8 12.8zm-192 0h22.4c6.4 0 12.8-6.4 12.8-12.8V140.8c0-6.4-6.4-12.8-12.8-12.8h-22.4c-6.4 0-12.8 6.4-12.8 12.8v198.4c0 6.4 6.4 12.8 12.8 12.8zm96 0h22.4c6.4 0 12.8-6.4 12.8-12.8V204.8c0-6.4-6.4-12.8-12.8-12.8h-22.4c-6.4 0-12.8 6.4-12.8 12.8v134.4c0 6.4 6.4 12.8 12.8 12.8zM496 400H48V80c0-8.84-7.16-16-16-16H16C7.16 64 0 71.16 0 80v336c0 17.67 14.33 32 32 32h464c8.84 0 16-7.16 16-16v-16c0-8.84-7.16-16-16-16zm-387.2-48h22.4c6.4 0 12.8-6.4 12.8-12.8v-70.4c0-6.4-6.4-12.8-12.8-12.8h-22.4c-6.4 0-12.8 6.4-12.8 12.8v70.4c0 6.4 6.4 12.8 12.8 12.8z\" class=\"\"><\/path><\/svg><\/i> <img loading=\"lazy\" decoding=\"async\" width=\"16\" height=\"16\" alt=\"Loading\" src=\"https:\/\/temucotelevision.cl\/web\/wp-content\/plugins\/page-views-count\/ajax-loader-2x.gif\" border=0 \/><\/p>\n<div class=\"pvc_clear\"><\/div>\n<p>Con el tradicional desayuno \u201c\u00bfC\u00f3mo viene el a\u00f1o?\u201d, Corparaucan\u00eda inicia su ciclo de encuentros 2024, este jueves 4 de abril<\/p>\n","protected":false},"author":1,"featured_media":48929,"comment_status":"open","ping_status":"open","sticky":false,"template":"","format":"standard","meta":{"colormag_page_container_layout":"default_layout","colormag_page_sidebar_layout":"default_layout","footnotes":""},"categories":[14],"tags":[6976,2614],"class_list":["post-48928","post","type-post","status-publish","format-standard","has-post-thumbnail","hentry","category-temuco","tag-corparaucania","tag-desayuno"],"a3_pvc":{"activated":true,"total_views":1404,"today_views":0},"_links":{"self":[{"href":"https:\/\/temucotelevision.cl\/web\/wp-json\/wp\/v2\/posts\/48928","targetHints":{"allow":["GET"]}}],"collection":[{"href":"https:\/\/temucotelevision.cl\/web\/wp-json\/wp\/v2\/posts"}],"about":[{"href":"https:\/\/temucotelevision.cl\/web\/wp-json\/wp\/v2\/types\/post"}],"author":[{"embeddable":true,"href":"https:\/\/temucotelevision.cl\/web\/wp-json\/wp\/v2\/users\/1"}],"replies":[{"embeddable":true,"href":"https:\/\/temucotelevision.cl\/web\/wp-json\/wp\/v2\/comments?post=48928"}],"version-history":[{"count":1,"href":"https:\/\/temucotelevision.cl\/web\/wp-json\/wp\/v2\/posts\/48928\/revisions"}],"predecessor-version":[{"id":48930,"href":"https:\/\/temucotelevision.cl\/web\/wp-json\/wp\/v2\/posts\/48928\/revisions\/48930"}],"wp:featuredmedia":[{"embeddable":true,"href":"https:\/\/temucotelevision.cl\/web\/wp-json\/wp\/v2\/media\/48929"}],"wp:attachment":[{"href":"https:\/\/temucotelevision.cl\/web\/wp-json\/wp\/v2\/media?parent=48928"}],"wp:term":[{"taxonomy":"category","embeddable":true,"href":"https:\/\/temucotelevision.cl\/web\/wp-json\/wp\/v2\/categories?post=48928"},{"taxonomy":"post_tag","embeddable":true,"href":"https:\/\/temucotelevision.cl\/web\/wp-json\/wp\/v2\/tags?post=48928"}],"curies":[{"name":"wp","href":"https:\/\/api.w.org\/{rel}","templated":true}]}}