{"id":48920,"date":"2024-04-03T00:02:37","date_gmt":"2024-04-03T03:02:37","guid":{"rendered":"https:\/\/temucotelevision.cl\/web\/?p=48920"},"modified":"2024-04-03T00:02:38","modified_gmt":"2024-04-03T03:02:38","slug":"luto-en-el-cuerpo-de-bomberos-de-temuco-por-fallecimiento-de-voluntario-honorario-de-la-3a-compania","status":"publish","type":"post","link":"https:\/\/temucotelevision.cl\/web\/2024\/04\/03\/luto-en-el-cuerpo-de-bomberos-de-temuco-por-fallecimiento-de-voluntario-honorario-de-la-3a-compania\/","title":{"rendered":"Luto en el Cuerpo de Bomberos de Temuco por fallecimiento de voluntario honorario de la 3\u00aa Compa\u00f1\u00eda"},"content":{"rendered":"<div class=\"pvc_clear\"><\/div><p id=\"pvc_stats_48920\" class=\"pvc_stats total_only  \" data-element-id=\"48920\" style=\"\"><i class=\"pvc-stats-icon large\" aria-hidden=\"true\"><svg aria-hidden=\"true\" focusable=\"false\" data-prefix=\"far\" data-icon=\"chart-bar\" role=\"img\" xmlns=\"http:\/\/www.w3.org\/2000\/svg\" viewBox=\"0 0 512 512\" class=\"svg-inline--fa fa-chart-bar fa-w-16 fa-2x\"><path fill=\"currentColor\" d=\"M396.8 352h22.4c6.4 0 12.8-6.4 12.8-12.8V108.8c0-6.4-6.4-12.8-12.8-12.8h-22.4c-6.4 0-12.8 6.4-12.8 12.8v230.4c0 6.4 6.4 12.8 12.8 12.8zm-192 0h22.4c6.4 0 12.8-6.4 12.8-12.8V140.8c0-6.4-6.4-12.8-12.8-12.8h-22.4c-6.4 0-12.8 6.4-12.8 12.8v198.4c0 6.4 6.4 12.8 12.8 12.8zm96 0h22.4c6.4 0 12.8-6.4 12.8-12.8V204.8c0-6.4-6.4-12.8-12.8-12.8h-22.4c-6.4 0-12.8 6.4-12.8 12.8v134.4c0 6.4 6.4 12.8 12.8 12.8zM496 400H48V80c0-8.84-7.16-16-16-16H16C7.16 64 0 71.16 0 80v336c0 17.67 14.33 32 32 32h464c8.84 0 16-7.16 16-16v-16c0-8.84-7.16-16-16-16zm-387.2-48h22.4c6.4 0 12.8-6.4 12.8-12.8v-70.4c0-6.4-6.4-12.8-12.8-12.8h-22.4c-6.4 0-12.8 6.4-12.8 12.8v70.4c0 6.4 6.4 12.8 12.8 12.8z\" class=\"\"><\/path><\/svg><\/i> <img loading=\"lazy\" decoding=\"async\" width=\"16\" height=\"16\" alt=\"Loading\" src=\"https:\/\/temucotelevision.cl\/web\/wp-content\/plugins\/page-views-count\/ajax-loader-2x.gif\" border=0 \/><\/p><div class=\"pvc_clear\"><\/div>\n<p>El Cuerpo de Bomberos de Temuco se encuentra de luto por el fallecimiento de Rodrigo Marcelo Herrera Brun, quien era voluntario honorario de la Tercera Compa\u00f1\u00eda \u201cBomba Germania\u201d.<\/p>\n\n\n\n<p>Rodrigo cumpli\u00f3 recientemente 50 a\u00f1os de edad y hab\u00eda sido miembro de la instituci\u00f3n desde 1997, alcanzando la distinci\u00f3n de bombero honorario debido a su larga trayectoria y abnegaci\u00f3n.<\/p>\n\n\n\n<p>Dentro del \u00e1mbito bomberil, se destac\u00f3 por el cuidado y mantenimiento que le brindaba a la antigua bomba a vapor, una reliquia hist\u00f3rica que conserva la Tercera Compa\u00f1\u00eda desde el siglo pasado. En cada desfile o ceremonia que involucraba esta m\u00e1quina, Rodrigo se aseguraba que todo funcionara correctamente, mostrando un profundo conocimiento del complejo sistema de este veh\u00edculo, conocimientos que son muy poco comunes en la actualidad, debido a su antig\u00fcedad y al funcionamiento mec\u00e1nico a vapor, que es totalmente distinto respecto a los modernos motores a combusti\u00f3n.<\/p>\n\n\n\n<p>Su labor en el mantenimiento de esta bomba fue tan destacada que recientemente hab\u00eda recibido una felicitaci\u00f3n por escrito de las autoridades del Cuerpo de Bomberos de Temuco, reconociendo su dedicaci\u00f3n en preservar esta importante parte de la historia de la instituci\u00f3n.<\/p>\n\n\n\n<p>A nivel personal, Rodrigo Herrera trabajaba como transportista, era casado y ten\u00eda dos hijas de nueve y cinco a\u00f1os, as\u00ed como un hijo de 11 a\u00f1os de edad. Adem\u00e1s, manten\u00eda un lazo familiar con Bomberos, ya que su hermano Ra\u00fal Herrera tambi\u00e9n es voluntario de la misma compa\u00f1\u00eda.<\/p>\n\n\n\n<p>Sus amigos explicaron que en los \u00faltimos dos a\u00f1os de su vida enfrent\u00f3 serios problemas de salud debido a un agresivo c\u00e1ncer, pero destacaron su gran fortaleza y el cari\u00f1o que siempre recibi\u00f3 de su familia y de todos quienes lo conocieron.<\/p>\n\n\n\n<p><strong>\u00abUN BOMBERO MODESTO\u00bb<\/strong><\/p>\n\n\n\n<p>Dino Troncoso, director de la Bomba Germania, lament\u00f3 profundamente la partida de Rodrigo, describi\u00e9ndolo como una persona afable y servicial. Destac\u00f3 su modestia y bajo perfil, ya que no buscaba reconocimientos ni figurar, mostr\u00e1ndose incluso inc\u00f3modo cuando recib\u00eda homenajes por su trabajo bomberil en beneficio de la comunidad.<\/p>\n\n\n\n<p>Junto con lamentar la partida de Rodrigo Herrera, Troncoso relat\u00f3 que \u201clo que m\u00e1s llamaba la atenci\u00f3n de su car\u00e1cter era su bajo perfil, no le gustaba figurar ni recibir reconocimientos p\u00fablicos, al punto que cuando recibi\u00f3 una felicitaci\u00f3n por su excelente desempe\u00f1o durante muchos a\u00f1os en la mantenci\u00f3n de nuestra bomba a vapor, Rodrigo se lleg\u00f3 hasta a mostrar un poco inc\u00f3modo por el homenaje que le brindaron, pues era un hombre sumamente modesto y muy lejano a ser el centro de atenci\u00f3n del resto de las personas\u201d.<\/p>\n\n\n\n<p>Otro recuerdo que marc\u00f3 al director de la Bomba Germania, quien manifest\u00f3 que este voluntario se desempe\u00f1\u00f3 durante muchos a\u00f1os como teniente de m\u00e1quinas de su compa\u00f1\u00eda, &nbsp;es que \u201cestando ya con fuertes dolores y malestares producto de su grave enfermedad, Rodrigo se present\u00f3 a una ceremonia donde se hab\u00eda solicitado la concurrencia de la bomba a vapor y la condujo personalmente, lo que da cuenta de su alto compromiso y afecto por el Cuerpo de Bomberos\u201d.<\/p>\n\n\n\n<p>Alfredo Lassalle, Superintendente del Cuerpo de Bomberos de Temuco, envi\u00f3 sus condolencias a la familia y a la compa\u00f1\u00eda de Rodrigo Herrera. Confirm\u00f3 que se realizar\u00e1 un responso este mi\u00e9rcoles 3 de abril a las 17:30 horas en el cuartel de la Tercera Compa\u00f1\u00eda, seguido por un cortejo hacia el cementerio Parque del Sendero de Temuco, donde recibir\u00e1 un homenaje y despedida con todos los honores correspondientes a su calidad de bombero honorario.<\/p>\n","protected":false},"excerpt":{"rendered":"<div class=\"pvc_clear\"><\/div>\n<p id=\"pvc_stats_48920\" class=\"pvc_stats total_only  \" data-element-id=\"48920\" style=\"\"><i class=\"pvc-stats-icon large\" aria-hidden=\"true\"><svg aria-hidden=\"true\" focusable=\"false\" data-prefix=\"far\" data-icon=\"chart-bar\" role=\"img\" xmlns=\"http:\/\/www.w3.org\/2000\/svg\" viewBox=\"0 0 512 512\" class=\"svg-inline--fa fa-chart-bar fa-w-16 fa-2x\"><path fill=\"currentColor\" d=\"M396.8 352h22.4c6.4 0 12.8-6.4 12.8-12.8V108.8c0-6.4-6.4-12.8-12.8-12.8h-22.4c-6.4 0-12.8 6.4-12.8 12.8v230.4c0 6.4 6.4 12.8 12.8 12.8zm-192 0h22.4c6.4 0 12.8-6.4 12.8-12.8V140.8c0-6.4-6.4-12.8-12.8-12.8h-22.4c-6.4 0-12.8 6.4-12.8 12.8v198.4c0 6.4 6.4 12.8 12.8 12.8zm96 0h22.4c6.4 0 12.8-6.4 12.8-12.8V204.8c0-6.4-6.4-12.8-12.8-12.8h-22.4c-6.4 0-12.8 6.4-12.8 12.8v134.4c0 6.4 6.4 12.8 12.8 12.8zM496 400H48V80c0-8.84-7.16-16-16-16H16C7.16 64 0 71.16 0 80v336c0 17.67 14.33 32 32 32h464c8.84 0 16-7.16 16-16v-16c0-8.84-7.16-16-16-16zm-387.2-48h22.4c6.4 0 12.8-6.4 12.8-12.8v-70.4c0-6.4-6.4-12.8-12.8-12.8h-22.4c-6.4 0-12.8 6.4-12.8 12.8v70.4c0 6.4 6.4 12.8 12.8 12.8z\" class=\"\"><\/path><\/svg><\/i> <img loading=\"lazy\" decoding=\"async\" width=\"16\" height=\"16\" alt=\"Loading\" src=\"https:\/\/temucotelevision.cl\/web\/wp-content\/plugins\/page-views-count\/ajax-loader-2x.gif\" border=0 \/><\/p>\n<div class=\"pvc_clear\"><\/div>\n<p>El Cuerpo de Bomberos de Temuco se encuentra de luto por el fallecimiento de Rodrigo Marcelo Herrera Brun, quien era<\/p>\n","protected":false},"author":1,"featured_media":48921,"comment_status":"open","ping_status":"open","sticky":false,"template":"","format":"standard","meta":{"colormag_page_container_layout":"default_layout","colormag_page_sidebar_layout":"default_layout","footnotes":""},"categories":[15],"tags":[2693,3544],"class_list":["post-48920","post","type-post","status-publish","format-standard","has-post-thumbnail","hentry","category-la-araucania","tag-cuerpo-bomberos","tag-luto"],"a3_pvc":{"activated":true,"total_views":2217,"today_views":0},"_links":{"self":[{"href":"https:\/\/temucotelevision.cl\/web\/wp-json\/wp\/v2\/posts\/48920","targetHints":{"allow":["GET"]}}],"collection":[{"href":"https:\/\/temucotelevision.cl\/web\/wp-json\/wp\/v2\/posts"}],"about":[{"href":"https:\/\/temucotelevision.cl\/web\/wp-json\/wp\/v2\/types\/post"}],"author":[{"embeddable":true,"href":"https:\/\/temucotelevision.cl\/web\/wp-json\/wp\/v2\/users\/1"}],"replies":[{"embeddable":true,"href":"https:\/\/temucotelevision.cl\/web\/wp-json\/wp\/v2\/comments?post=48920"}],"version-history":[{"count":1,"href":"https:\/\/temucotelevision.cl\/web\/wp-json\/wp\/v2\/posts\/48920\/revisions"}],"predecessor-version":[{"id":48922,"href":"https:\/\/temucotelevision.cl\/web\/wp-json\/wp\/v2\/posts\/48920\/revisions\/48922"}],"wp:featuredmedia":[{"embeddable":true,"href":"https:\/\/temucotelevision.cl\/web\/wp-json\/wp\/v2\/media\/48921"}],"wp:attachment":[{"href":"https:\/\/temucotelevision.cl\/web\/wp-json\/wp\/v2\/media?parent=48920"}],"wp:term":[{"taxonomy":"category","embeddable":true,"href":"https:\/\/temucotelevision.cl\/web\/wp-json\/wp\/v2\/categories?post=48920"},{"taxonomy":"post_tag","embeddable":true,"href":"https:\/\/temucotelevision.cl\/web\/wp-json\/wp\/v2\/tags?post=48920"}],"curies":[{"name":"wp","href":"https:\/\/api.w.org\/{rel}","templated":true}]}}