{"id":48688,"date":"2024-03-20T19:11:10","date_gmt":"2024-03-20T22:11:10","guid":{"rendered":"https:\/\/temucotelevision.cl\/web\/?p=48688"},"modified":"2024-03-20T19:11:12","modified_gmt":"2024-03-20T22:11:12","slug":"corte-de-valparaiso-resolvera-desafuero-de-diputada-nanco-tras-querella-de-gobernador-de-la-araucania-luciano-rivas-por-injurias","status":"publish","type":"post","link":"https:\/\/temucotelevision.cl\/web\/2024\/03\/20\/corte-de-valparaiso-resolvera-desafuero-de-diputada-nanco-tras-querella-de-gobernador-de-la-araucania-luciano-rivas-por-injurias\/","title":{"rendered":"Corte de Valpara\u00edso resolver\u00e1 desafuero de diputada \u00d1anco tras querella de gobernador de la Araucan\u00eda Luciano Rivas por injurias"},"content":{"rendered":"<div class=\"pvc_clear\"><\/div><p id=\"pvc_stats_48688\" class=\"pvc_stats total_only  \" data-element-id=\"48688\" style=\"\"><i class=\"pvc-stats-icon large\" aria-hidden=\"true\"><svg aria-hidden=\"true\" focusable=\"false\" data-prefix=\"far\" data-icon=\"chart-bar\" role=\"img\" xmlns=\"http:\/\/www.w3.org\/2000\/svg\" viewBox=\"0 0 512 512\" class=\"svg-inline--fa fa-chart-bar fa-w-16 fa-2x\"><path fill=\"currentColor\" d=\"M396.8 352h22.4c6.4 0 12.8-6.4 12.8-12.8V108.8c0-6.4-6.4-12.8-12.8-12.8h-22.4c-6.4 0-12.8 6.4-12.8 12.8v230.4c0 6.4 6.4 12.8 12.8 12.8zm-192 0h22.4c6.4 0 12.8-6.4 12.8-12.8V140.8c0-6.4-6.4-12.8-12.8-12.8h-22.4c-6.4 0-12.8 6.4-12.8 12.8v198.4c0 6.4 6.4 12.8 12.8 12.8zm96 0h22.4c6.4 0 12.8-6.4 12.8-12.8V204.8c0-6.4-6.4-12.8-12.8-12.8h-22.4c-6.4 0-12.8 6.4-12.8 12.8v134.4c0 6.4 6.4 12.8 12.8 12.8zM496 400H48V80c0-8.84-7.16-16-16-16H16C7.16 64 0 71.16 0 80v336c0 17.67 14.33 32 32 32h464c8.84 0 16-7.16 16-16v-16c0-8.84-7.16-16-16-16zm-387.2-48h22.4c6.4 0 12.8-6.4 12.8-12.8v-70.4c0-6.4-6.4-12.8-12.8-12.8h-22.4c-6.4 0-12.8 6.4-12.8 12.8v70.4c0 6.4 6.4 12.8 12.8 12.8z\" class=\"\"><\/path><\/svg><\/i> <img loading=\"lazy\" decoding=\"async\" width=\"16\" height=\"16\" alt=\"Loading\" src=\"https:\/\/temucotelevision.cl\/web\/wp-content\/plugins\/page-views-count\/ajax-loader-2x.gif\" border=0 \/><\/p><div class=\"pvc_clear\"><\/div>\n<p>La Corte de Apelaciones de Valpara\u00edso revisar\u00e1 el desafuero de la diputada Ericka \u00d1anco, tras la querella interpuesta en su contra por el Gobernador de la Araucan\u00eda Luciano Rivas, quien acusa a la congresista de injurias con publicidad en su contra.<\/p>\n\n\n\n<p>El libelo argumenta que la parlamentaria profiri\u00f3 al menos en tres oportunidades y contextos distintos, acusaciones difamatorias con el \u00e1nimo de injuriar al l\u00edder regional de la Araucan\u00eda, vincul\u00e1ndolo directamente con presuntas irregularidades que se encuentran en proceso de investigaci\u00f3n.<\/p>\n\n\n\n<p>En declaraciones del martes 30 de enero de 2024, en el hemiciclo de la C\u00e1mara de Diputados, la diputada dijo: \u201cquiero poner en perspectiva 416 millones de pesos comparados con 17 mil millones que son los que se rob\u00f3 el gobernador de la Araucan\u00eda\u201d, para luego a\u00f1adir \u201co que posiblemente est\u00e1 siendo investigado tambi\u00e9n por un caso de corrupci\u00f3n\u201d. En el mismo video que divulg\u00f3 adem\u00e1s a trav\u00e9s de sus redes sociales se\u00f1al\u00f3: \u201cHablamos mucho de Democracia Viva, s\u00ed, pero les gustar\u00eda quiz\u00e1s hablar mejor de \u201cDemocracia Rivas\u201d, porque eso es lo ellos avalan\u201d.<\/p>\n\n\n\n<p>De acuerdo al texto ingresado al tribunal de Garant\u00eda de Valpara\u00edso, anterior a esta intervenci\u00f3n la parlamentaria afirm\u00f3 con fecha 20 noviembre de 2023, en el Congreso: \u201cen la Regi\u00f3n de la Araucan\u00eda es donde m\u00e1s podemos visibilizar esta situaci\u00f3n, donde m\u00e1s traspasos de fondos de manera directa hubo por parte del gobernador regional Luciano Rivas hacia distintas instituciones a las cuales \u00e9l estaba directamente ligado, o sea a sus amigos personales, en esto quiero destacar \u2026 que han existido irregularidades al menos en los 17 mil millones de pesos que fueron traspasados de manera directa a fundaciones\u201d.<\/p>\n\n\n\n<p>Luego con fecha 29 de diciembre de 2023, directamente a trav\u00e9s de su red social Instagram mediante un video personal se\u00f1al\u00f3: \u201ces de p\u00fablico conocimiento que Fiscal\u00eda desbarata una red de corrupci\u00f3n alojada al interior del Gobierno Regional de la Araucan\u00eda y amparada por Luciano Rivas. Se acab\u00f3 la caja de pandora del Gore y de su mecanismo de defraudaci\u00f3n\u201d.<\/p>\n\n\n\n<p>El texto de la querella y que acompa\u00f1a la solicitud de desafuero de \u00d1anco ante la Corte de Apelaciones de Valpara\u00edso, fue ingresado por el abogado Alejandro Herrera y detalla que \u201cno resulta indiferente para una autoridad electa por voto popular que administra fondos p\u00fablicos se le vincule y se le impute las calidades de ladr\u00f3n y de corrupto. En este caso es evidente el animus injuriandi de la Diputada, que se demuestra por un periodo continuo de expresiones injuriosas para terminar en las expresiones de fecha 30 de enero de 2024, 20 de noviembre y 29 de diciembre ambas de 2023, y este dolo propio de la injuria que consiste en la conciencia de la aptitud ofensiva de las acciones o expresiones y de que ellas llegaran a conocimiento de terceros o del propio ofendido\u201d.<\/p>\n\n\n\n<p>La Corte de Apelaciones notific\u00f3 de la resoluci\u00f3n a la parlamentaria en el mismo Congreso Nacional, quien deber\u00e1 esperar fecha y hora de parte del tribunal de alzada para resolver la solicitud de desafuero. De aprobarse deber\u00e1 enfrentar la querella por injurias en su contra interpuesta por Luciano Rivas.<\/p>\n","protected":false},"excerpt":{"rendered":"<div class=\"pvc_clear\"><\/div>\n<p id=\"pvc_stats_48688\" class=\"pvc_stats total_only  \" data-element-id=\"48688\" style=\"\"><i class=\"pvc-stats-icon large\" aria-hidden=\"true\"><svg aria-hidden=\"true\" focusable=\"false\" data-prefix=\"far\" data-icon=\"chart-bar\" role=\"img\" xmlns=\"http:\/\/www.w3.org\/2000\/svg\" viewBox=\"0 0 512 512\" class=\"svg-inline--fa fa-chart-bar fa-w-16 fa-2x\"><path fill=\"currentColor\" d=\"M396.8 352h22.4c6.4 0 12.8-6.4 12.8-12.8V108.8c0-6.4-6.4-12.8-12.8-12.8h-22.4c-6.4 0-12.8 6.4-12.8 12.8v230.4c0 6.4 6.4 12.8 12.8 12.8zm-192 0h22.4c6.4 0 12.8-6.4 12.8-12.8V140.8c0-6.4-6.4-12.8-12.8-12.8h-22.4c-6.4 0-12.8 6.4-12.8 12.8v198.4c0 6.4 6.4 12.8 12.8 12.8zm96 0h22.4c6.4 0 12.8-6.4 12.8-12.8V204.8c0-6.4-6.4-12.8-12.8-12.8h-22.4c-6.4 0-12.8 6.4-12.8 12.8v134.4c0 6.4 6.4 12.8 12.8 12.8zM496 400H48V80c0-8.84-7.16-16-16-16H16C7.16 64 0 71.16 0 80v336c0 17.67 14.33 32 32 32h464c8.84 0 16-7.16 16-16v-16c0-8.84-7.16-16-16-16zm-387.2-48h22.4c6.4 0 12.8-6.4 12.8-12.8v-70.4c0-6.4-6.4-12.8-12.8-12.8h-22.4c-6.4 0-12.8 6.4-12.8 12.8v70.4c0 6.4 6.4 12.8 12.8 12.8z\" class=\"\"><\/path><\/svg><\/i> <img loading=\"lazy\" decoding=\"async\" width=\"16\" height=\"16\" alt=\"Loading\" src=\"https:\/\/temucotelevision.cl\/web\/wp-content\/plugins\/page-views-count\/ajax-loader-2x.gif\" border=0 \/><\/p>\n<div class=\"pvc_clear\"><\/div>\n<p>La Corte de Apelaciones de Valpara\u00edso revisar\u00e1 el desafuero de la diputada Ericka \u00d1anco, tras la querella interpuesta en su<\/p>\n","protected":false},"author":1,"featured_media":38722,"comment_status":"open","ping_status":"open","sticky":false,"template":"","format":"standard","meta":{"colormag_page_container_layout":"default_layout","colormag_page_sidebar_layout":"default_layout","footnotes":""},"categories":[15,84],"tags":[829,459],"class_list":["post-48688","post","type-post","status-publish","format-standard","has-post-thumbnail","hentry","category-la-araucania","category-politica","tag-gobernador","tag-querella"],"a3_pvc":{"activated":true,"total_views":3555,"today_views":0},"_links":{"self":[{"href":"https:\/\/temucotelevision.cl\/web\/wp-json\/wp\/v2\/posts\/48688","targetHints":{"allow":["GET"]}}],"collection":[{"href":"https:\/\/temucotelevision.cl\/web\/wp-json\/wp\/v2\/posts"}],"about":[{"href":"https:\/\/temucotelevision.cl\/web\/wp-json\/wp\/v2\/types\/post"}],"author":[{"embeddable":true,"href":"https:\/\/temucotelevision.cl\/web\/wp-json\/wp\/v2\/users\/1"}],"replies":[{"embeddable":true,"href":"https:\/\/temucotelevision.cl\/web\/wp-json\/wp\/v2\/comments?post=48688"}],"version-history":[{"count":1,"href":"https:\/\/temucotelevision.cl\/web\/wp-json\/wp\/v2\/posts\/48688\/revisions"}],"predecessor-version":[{"id":48689,"href":"https:\/\/temucotelevision.cl\/web\/wp-json\/wp\/v2\/posts\/48688\/revisions\/48689"}],"wp:featuredmedia":[{"embeddable":true,"href":"https:\/\/temucotelevision.cl\/web\/wp-json\/wp\/v2\/media\/38722"}],"wp:attachment":[{"href":"https:\/\/temucotelevision.cl\/web\/wp-json\/wp\/v2\/media?parent=48688"}],"wp:term":[{"taxonomy":"category","embeddable":true,"href":"https:\/\/temucotelevision.cl\/web\/wp-json\/wp\/v2\/categories?post=48688"},{"taxonomy":"post_tag","embeddable":true,"href":"https:\/\/temucotelevision.cl\/web\/wp-json\/wp\/v2\/tags?post=48688"}],"curies":[{"name":"wp","href":"https:\/\/api.w.org\/{rel}","templated":true}]}}