{"id":48681,"date":"2024-03-20T18:15:35","date_gmt":"2024-03-20T21:15:35","guid":{"rendered":"https:\/\/temucotelevision.cl\/web\/?p=48681"},"modified":"2024-03-20T18:15:36","modified_gmt":"2024-03-20T21:15:36","slug":"fomentando-el-deporte-y-la-convivencia-lanzamiento-de-la-2da-corrida-familiar-en-temuco-por-el-servicio-de-proteccion-en-la-araucania","status":"publish","type":"post","link":"https:\/\/temucotelevision.cl\/web\/2024\/03\/20\/fomentando-el-deporte-y-la-convivencia-lanzamiento-de-la-2da-corrida-familiar-en-temuco-por-el-servicio-de-proteccion-en-la-araucania\/","title":{"rendered":"Fomentando el deporte y la convivencia: Lanzamiento de la 2da corrida familiar en Temuco por el Servicio de Protecci\u00f3n en La Araucan\u00eda"},"content":{"rendered":"<div class=\"pvc_clear\"><\/div><p id=\"pvc_stats_48681\" class=\"pvc_stats total_only  \" data-element-id=\"48681\" style=\"\"><i class=\"pvc-stats-icon large\" aria-hidden=\"true\"><svg aria-hidden=\"true\" focusable=\"false\" data-prefix=\"far\" data-icon=\"chart-bar\" role=\"img\" xmlns=\"http:\/\/www.w3.org\/2000\/svg\" viewBox=\"0 0 512 512\" class=\"svg-inline--fa fa-chart-bar fa-w-16 fa-2x\"><path fill=\"currentColor\" d=\"M396.8 352h22.4c6.4 0 12.8-6.4 12.8-12.8V108.8c0-6.4-6.4-12.8-12.8-12.8h-22.4c-6.4 0-12.8 6.4-12.8 12.8v230.4c0 6.4 6.4 12.8 12.8 12.8zm-192 0h22.4c6.4 0 12.8-6.4 12.8-12.8V140.8c0-6.4-6.4-12.8-12.8-12.8h-22.4c-6.4 0-12.8 6.4-12.8 12.8v198.4c0 6.4 6.4 12.8 12.8 12.8zm96 0h22.4c6.4 0 12.8-6.4 12.8-12.8V204.8c0-6.4-6.4-12.8-12.8-12.8h-22.4c-6.4 0-12.8 6.4-12.8 12.8v134.4c0 6.4 6.4 12.8 12.8 12.8zM496 400H48V80c0-8.84-7.16-16-16-16H16C7.16 64 0 71.16 0 80v336c0 17.67 14.33 32 32 32h464c8.84 0 16-7.16 16-16v-16c0-8.84-7.16-16-16-16zm-387.2-48h22.4c6.4 0 12.8-6.4 12.8-12.8v-70.4c0-6.4-6.4-12.8-12.8-12.8h-22.4c-6.4 0-12.8 6.4-12.8 12.8v70.4c0 6.4 6.4 12.8 12.8 12.8z\" class=\"\"><\/path><\/svg><\/i> <img loading=\"lazy\" decoding=\"async\" width=\"16\" height=\"16\" alt=\"Loading\" src=\"https:\/\/temucotelevision.cl\/web\/wp-content\/plugins\/page-views-count\/ajax-loader-2x.gif\" border=0 \/><\/p><div class=\"pvc_clear\"><\/div>\n<p><em>Un evento deportivo que busca difundir el derecho a vivir en familia, para as\u00ed concientizar a los temuquenses entornos a esta importante misi\u00f3n que tiene el Servicio de Protecci\u00f3n en nuestro pa\u00eds.<\/em><\/p>\n\n\n\n<p>Una carrera que en su primera versi\u00f3n convoc\u00f3 a m\u00e1s de mil personas, buscando este 2024, superar el n\u00famero de inscritos y as\u00ed alcanzar a m\u00e1s familias en la Araucana y generar un impacto positivo en la vida de ni\u00f1os, ni\u00f1as y adolescentes.<\/p>\n\n\n\n<p>Una actividad trasformadora ya que, no es solo a trav\u00e9s del deporte que se busca concientizar en torno a esta tem\u00e1tica, sino que tambi\u00e9n, mostrando la experiencia de otras familias que ya han tenido en el seno de su hogar a un lactante, ni\u00f1o o ni\u00f1a en acogimiento familiar.<\/p>\n\n\n\n<p>Este lanzamiento oficial se realiz\u00f3 en el Parque Isla Caut\u00edn de Temuco, lugar donde se llevar\u00e1 a cabo la corrida el d\u00eda 6 de abril a partir de las 11:00 de la ma\u00f1ana, una jornada que, adem\u00e1s, se destaca por estar enmarcada en el d\u00eda nacional del deporte y la recreaci\u00f3n saludable.<\/p>\n\n\n\n<p>Valeria Arias Bascur, directora del Servicio de Protecci\u00f3n Especializada a la Ni\u00f1ez y Adolescencia en la regi\u00f3n, destac\u00f3 que la organizaci\u00f3n de este evento tiene por objetivo difundir la misi\u00f3n que lleva adelante el Servicio, la cual es garantizar los derechos de ni\u00f1os, ni\u00f1as y adolescentes, as\u00ed como dar a conocer la llamada Cultura del Acogimiento. Informaci\u00f3n que se entregar\u00e1 en la misma actividad, a trav\u00e9s de las y los funcionarios presentes.<\/p>\n\n\n\n<p>\u201cHemos enmarcado esta actividad, dentro del mes del Deporte, porque hay muchas actividades, pero esta actividad es muy importante, porque se van a generar diversos stands en el Parque Isla Caut\u00edn, para que puedan conocer un poco m\u00e1s de lo que se trata el Programa Familia de Acogida, sus requisitos y procesos, van a ser atendidos y escuchados por las propias familias de acogida de la regi\u00f3n de Araucan\u00eda, para que puedan conocer su experiencia positiva de lo que significa el Acogimiento Familiar en nuestra regi\u00f3n. Tambi\u00e9n van a contar con el apoyo de diversos funcionarios de diversos servicios, especialmente del Servicio de Protecci\u00f3n Especializada a la Ni\u00f1ez y Adolescencia de ac\u00e1 de la regi\u00f3n de la Araucan\u00eda, para poder dar cuenta y mostrarle a toda la comunidad en general de qu\u00e9 se trata este programa\u201d, indic\u00f3 la directora.<\/p>\n\n\n\n<p>Ximena Mart\u00ednez, una de las familias de Acogida relevo que este tipo de instancias busca congregar a la comunidad regional en torno al deporte como una acci\u00f3n saludable que permita adem\u00e1s reflexionar acerca de experiencias positivas sobre la valoraci\u00f3n de acoger a lactantes, ni\u00f1os, ni\u00f1as y\/o adolescentes que han sido vulnerados en sus derechos y que requieren de un acompa\u00f1amiento familiar en un entorno bien tratante.<\/p>\n\n\n\n<p>\u201cCreo que empoderarnos con algo que est\u00e1 pasando a nivel social es s\u00faper importante como seres humanos, conocer esta realidad tambi\u00e9n es parte de nuestra responsabilidad como ciudadanos. Estoy convencida que impactamos positivamente en estos ni\u00f1os, ni\u00f1as y adolescentes. Ser familia de acogida no es f\u00e1cil, es un proceso, pero tambi\u00e9n es un proceso de autoconocimiento s\u00faper relevante donde estamos generando un cambio, una vida, un cambio\u201d, expres\u00f3.<\/p>\n\n\n\n<p>1, 3 y 5 kil\u00f3metros son las tres diferentes categor\u00edas pensadas especialmente en los m\u00e1s peque\u00f1os de la familia. A esto, se le suman actividades recreativas para toda la familia, tales como, zumba de precalentamiento, espacios de informaci\u00f3n, entre otras.<\/p>\n\n\n\n<p>Las inscripciones para quienes busquen participar de este evento deportivo se pueden realizar en el enlace de inscripci\u00f3n que se encuentra en las redes sociales del Servicio: &nbsp;@sertvicioproteccionaraucan\u00eda.<\/p>\n\n\n\n<p><em>Un evento deportivo que busca difundir el derecho a vivir en familia, para as\u00ed concientizar a los temuquenses entornos a esta importante misi\u00f3n que tiene el Servicio de Protecci\u00f3n en nuestro pa\u00eds.<\/em><\/p>\n\n\n\n<p>Una carrera que en su primera versi\u00f3n convoc\u00f3 a m\u00e1s de mil personas, buscando este 2024, superar el n\u00famero de inscritos y as\u00ed alcanzar a m\u00e1s familias en la Araucana y generar un impacto positivo en la vida de ni\u00f1os, ni\u00f1as y adolescentes.<\/p>\n\n\n\n<p>Una actividad trasformadora ya que, no es solo a trav\u00e9s del deporte que se busca concientizar en torno a esta tem\u00e1tica, sino que tambi\u00e9n, mostrando la experiencia de otras familias que ya han tenido en el seno de su hogar a un lactante, ni\u00f1o o ni\u00f1a en acogimiento familiar.<\/p>\n\n\n\n<p>Este lanzamiento oficial se realiz\u00f3 en el Parque Isla Caut\u00edn de Temuco, lugar donde se llevar\u00e1 a cabo la corrida el d\u00eda 6 de abril a partir de las 11:00 de la ma\u00f1ana, una jornada que, adem\u00e1s, se destaca por estar enmarcada en el d\u00eda nacional del deporte y la recreaci\u00f3n saludable.<\/p>\n\n\n\n<p>Valeria Arias Bascur, directora del Servicio de Protecci\u00f3n Especializada a la Ni\u00f1ez y Adolescencia en la regi\u00f3n, destac\u00f3 que la organizaci\u00f3n de este evento tiene por objetivo difundir la misi\u00f3n que lleva adelante el Servicio, la cual es garantizar los derechos de ni\u00f1os, ni\u00f1as y adolescentes, as\u00ed como dar a conocer la llamada Cultura del Acogimiento. Informaci\u00f3n que se entregar\u00e1 en la misma actividad, a trav\u00e9s de las y los funcionarios presentes.<\/p>\n\n\n\n<p>\u201cHemos enmarcado esta actividad, dentro del mes del Deporte, porque hay muchas actividades, pero esta actividad es muy importante, porque se van a generar diversos stands en el Parque Isla Caut\u00edn, para que puedan conocer un poco m\u00e1s de lo que se trata el Programa Familia de Acogida, sus requisitos y procesos, van a ser atendidos y escuchados por las propias familias de acogida de la regi\u00f3n de Araucan\u00eda, para que puedan conocer su experiencia positiva de lo que significa el Acogimiento Familiar en nuestra regi\u00f3n. Tambi\u00e9n van a contar con el apoyo de diversos funcionarios de diversos servicios, especialmente del Servicio de Protecci\u00f3n Especializada a la Ni\u00f1ez y Adolescencia de ac\u00e1 de la regi\u00f3n de la Araucan\u00eda, para poder dar cuenta y mostrarle a toda la comunidad en general de qu\u00e9 se trata este programa\u201d, indic\u00f3 la directora.<\/p>\n\n\n\n<p>Ximena Mart\u00ednez, una de las familias de Acogida relevo que este tipo de instancias busca congregar a la comunidad regional en torno al deporte como una acci\u00f3n saludable que permita adem\u00e1s reflexionar acerca de experiencias positivas sobre la valoraci\u00f3n de acoger a lactantes, ni\u00f1os, ni\u00f1as y\/o adolescentes que han sido vulnerados en sus derechos y que requieren de un acompa\u00f1amiento familiar en un entorno bien tratante.<\/p>\n\n\n\n<p>\u201cCreo que empoderarnos con algo que est\u00e1 pasando a nivel social es s\u00faper importante como seres humanos, conocer esta realidad tambi\u00e9n es parte de nuestra responsabilidad como ciudadanos. Estoy convencida que impactamos positivamente en estos ni\u00f1os, ni\u00f1as y adolescentes. Ser familia de acogida no es f\u00e1cil, es un proceso, pero tambi\u00e9n es un proceso de autoconocimiento s\u00faper relevante donde estamos generando un cambio, una vida, un cambio\u201d, expres\u00f3.<\/p>\n\n\n\n<p>1, 3 y 5 kil\u00f3metros son las tres diferentes categor\u00edas pensadas especialmente en los m\u00e1s peque\u00f1os de la familia. A esto, se le suman actividades recreativas para toda la familia, tales como, zumba de precalentamiento, espacios de informaci\u00f3n, entre otras.<\/p>\n\n\n\n<p>Las inscripciones para quienes busquen participar de este evento deportivo se pueden realizar en el enlace de inscripci\u00f3n que se encuentra en las redes sociales del Servicio: &nbsp;@sertvicioproteccionaraucan\u00eda.<\/p>\n","protected":false},"excerpt":{"rendered":"<div class=\"pvc_clear\"><\/div>\n<p id=\"pvc_stats_48681\" class=\"pvc_stats total_only  \" data-element-id=\"48681\" style=\"\"><i class=\"pvc-stats-icon large\" aria-hidden=\"true\"><svg aria-hidden=\"true\" focusable=\"false\" data-prefix=\"far\" data-icon=\"chart-bar\" role=\"img\" xmlns=\"http:\/\/www.w3.org\/2000\/svg\" viewBox=\"0 0 512 512\" class=\"svg-inline--fa fa-chart-bar fa-w-16 fa-2x\"><path fill=\"currentColor\" d=\"M396.8 352h22.4c6.4 0 12.8-6.4 12.8-12.8V108.8c0-6.4-6.4-12.8-12.8-12.8h-22.4c-6.4 0-12.8 6.4-12.8 12.8v230.4c0 6.4 6.4 12.8 12.8 12.8zm-192 0h22.4c6.4 0 12.8-6.4 12.8-12.8V140.8c0-6.4-6.4-12.8-12.8-12.8h-22.4c-6.4 0-12.8 6.4-12.8 12.8v198.4c0 6.4 6.4 12.8 12.8 12.8zm96 0h22.4c6.4 0 12.8-6.4 12.8-12.8V204.8c0-6.4-6.4-12.8-12.8-12.8h-22.4c-6.4 0-12.8 6.4-12.8 12.8v134.4c0 6.4 6.4 12.8 12.8 12.8zM496 400H48V80c0-8.84-7.16-16-16-16H16C7.16 64 0 71.16 0 80v336c0 17.67 14.33 32 32 32h464c8.84 0 16-7.16 16-16v-16c0-8.84-7.16-16-16-16zm-387.2-48h22.4c6.4 0 12.8-6.4 12.8-12.8v-70.4c0-6.4-6.4-12.8-12.8-12.8h-22.4c-6.4 0-12.8 6.4-12.8 12.8v70.4c0 6.4 6.4 12.8 12.8 12.8z\" class=\"\"><\/path><\/svg><\/i> <img loading=\"lazy\" decoding=\"async\" width=\"16\" height=\"16\" alt=\"Loading\" src=\"https:\/\/temucotelevision.cl\/web\/wp-content\/plugins\/page-views-count\/ajax-loader-2x.gif\" border=0 \/><\/p>\n<div class=\"pvc_clear\"><\/div>\n<p>Un evento deportivo que busca difundir el derecho a vivir en familia, para as\u00ed concientizar a los temuquenses entornos a<\/p>\n","protected":false},"author":1,"featured_media":48682,"comment_status":"open","ping_status":"open","sticky":false,"template":"","format":"standard","meta":{"colormag_page_container_layout":"default_layout","colormag_page_sidebar_layout":"default_layout","footnotes":""},"categories":[86],"tags":[494,1866,78],"class_list":["post-48681","post","type-post","status-publish","format-standard","has-post-thumbnail","hentry","category-panoramas","tag-corrida","tag-familiar","tag-temuco"],"a3_pvc":{"activated":true,"total_views":958,"today_views":0},"_links":{"self":[{"href":"https:\/\/temucotelevision.cl\/web\/wp-json\/wp\/v2\/posts\/48681","targetHints":{"allow":["GET"]}}],"collection":[{"href":"https:\/\/temucotelevision.cl\/web\/wp-json\/wp\/v2\/posts"}],"about":[{"href":"https:\/\/temucotelevision.cl\/web\/wp-json\/wp\/v2\/types\/post"}],"author":[{"embeddable":true,"href":"https:\/\/temucotelevision.cl\/web\/wp-json\/wp\/v2\/users\/1"}],"replies":[{"embeddable":true,"href":"https:\/\/temucotelevision.cl\/web\/wp-json\/wp\/v2\/comments?post=48681"}],"version-history":[{"count":1,"href":"https:\/\/temucotelevision.cl\/web\/wp-json\/wp\/v2\/posts\/48681\/revisions"}],"predecessor-version":[{"id":48683,"href":"https:\/\/temucotelevision.cl\/web\/wp-json\/wp\/v2\/posts\/48681\/revisions\/48683"}],"wp:featuredmedia":[{"embeddable":true,"href":"https:\/\/temucotelevision.cl\/web\/wp-json\/wp\/v2\/media\/48682"}],"wp:attachment":[{"href":"https:\/\/temucotelevision.cl\/web\/wp-json\/wp\/v2\/media?parent=48681"}],"wp:term":[{"taxonomy":"category","embeddable":true,"href":"https:\/\/temucotelevision.cl\/web\/wp-json\/wp\/v2\/categories?post=48681"},{"taxonomy":"post_tag","embeddable":true,"href":"https:\/\/temucotelevision.cl\/web\/wp-json\/wp\/v2\/tags?post=48681"}],"curies":[{"name":"wp","href":"https:\/\/api.w.org\/{rel}","templated":true}]}}