{"id":48678,"date":"2024-03-20T17:42:45","date_gmt":"2024-03-20T20:42:45","guid":{"rendered":"https:\/\/temucotelevision.cl\/web\/?p=48678"},"modified":"2024-03-20T17:42:45","modified_gmt":"2024-03-20T20:42:45","slug":"suenos-olimpicos-deportistas-promesas-de-chile-del-ind-competiran-en-ee-uu-por-paris-2024","status":"publish","type":"post","link":"https:\/\/temucotelevision.cl\/web\/2024\/03\/20\/suenos-olimpicos-deportistas-promesas-de-chile-del-ind-competiran-en-ee-uu-por-paris-2024\/","title":{"rendered":"Sue\u00f1os Ol\u00edmpicos: Deportistas promesas de Chile del IND competir\u00e1n en EE.UU. por Par\u00eds 2024"},"content":{"rendered":"<div class=\"pvc_clear\"><\/div><p id=\"pvc_stats_48678\" class=\"pvc_stats total_only  \" data-element-id=\"48678\" style=\"\"><i class=\"pvc-stats-icon large\" aria-hidden=\"true\"><svg aria-hidden=\"true\" focusable=\"false\" data-prefix=\"far\" data-icon=\"chart-bar\" role=\"img\" xmlns=\"http:\/\/www.w3.org\/2000\/svg\" viewBox=\"0 0 512 512\" class=\"svg-inline--fa fa-chart-bar fa-w-16 fa-2x\"><path fill=\"currentColor\" d=\"M396.8 352h22.4c6.4 0 12.8-6.4 12.8-12.8V108.8c0-6.4-6.4-12.8-12.8-12.8h-22.4c-6.4 0-12.8 6.4-12.8 12.8v230.4c0 6.4 6.4 12.8 12.8 12.8zm-192 0h22.4c6.4 0 12.8-6.4 12.8-12.8V140.8c0-6.4-6.4-12.8-12.8-12.8h-22.4c-6.4 0-12.8 6.4-12.8 12.8v198.4c0 6.4 6.4 12.8 12.8 12.8zm96 0h22.4c6.4 0 12.8-6.4 12.8-12.8V204.8c0-6.4-6.4-12.8-12.8-12.8h-22.4c-6.4 0-12.8 6.4-12.8 12.8v134.4c0 6.4 6.4 12.8 12.8 12.8zM496 400H48V80c0-8.84-7.16-16-16-16H16C7.16 64 0 71.16 0 80v336c0 17.67 14.33 32 32 32h464c8.84 0 16-7.16 16-16v-16c0-8.84-7.16-16-16-16zm-387.2-48h22.4c6.4 0 12.8-6.4 12.8-12.8v-70.4c0-6.4-6.4-12.8-12.8-12.8h-22.4c-6.4 0-12.8 6.4-12.8 12.8v70.4c0 6.4 6.4 12.8 12.8 12.8z\" class=\"\"><\/path><\/svg><\/i> <img loading=\"lazy\" decoding=\"async\" width=\"16\" height=\"16\" alt=\"Loading\" src=\"https:\/\/temucotelevision.cl\/web\/wp-content\/plugins\/page-views-count\/ajax-loader-2x.gif\" border=0 \/><\/p><div class=\"pvc_clear\"><\/div>\n<p><em>El&nbsp; programa Promesas Chile del IND,&nbsp; cubri\u00f3 el traslado,&nbsp; alimentaci\u00f3n y alojamiento de los deportistas para participar del selectivo nacional.<\/em><\/p>\n\n\n\n<p>Con excelentes resultados los beneficiarios del Programa Promesas Chile del IND, obtuvieron la clasificaci\u00f3n al Panamericano Espec\u00edfico de Canotaje a realizarse en Estados Unidos, evento que es clasificatorio para los Juegos Ol\u00edmpicos&nbsp; de Par\u00eds.<\/p>\n\n\n\n<p>Son cinco los destacados deportistas del Club de Canoa y Kayak de Nueva Imperial que est\u00e1n listos para enfrentar uno de los desaf\u00edos m\u00e1s importantes de sus carreras.<\/p>\n\n\n\n<p>En disputadas regatas en el tranque la luz de Curauma, ganaron su derecho a representar a chile e ilusionarse con llegar al olimpo del deporte: Marcelo Godoy Bormann en K2 500 metros en dupla con Camilo Valdez de Constituci\u00f3n, B\u00e1rbara Jara Mu\u00f1oz en C2 500 metros junto a Karen Roco tambi\u00e9n de Constituci\u00f3n, Mat\u00edas Jim\u00e9nez Cabrera y Joaqu\u00edn Lagos Mu\u00f1oz en C2 500 metros y Sebasti\u00e1n Alveal Suazo.<\/p>\n\n\n\n<p>Destacando como los deportistas m\u00e1s j\u00f3venes del equipo con apenas 17 a\u00f1os de edad, Sebasti\u00e1n Alveal Suazo y Joaqu\u00edn Lagos Mu\u00f1oz son promesas emergentes en el mundo del canotaje. Su energ\u00eda, determinaci\u00f3n y habilidades impresionantes los convierten en competidores formidables, desafiando a atletas m\u00e1s experimentados con su pasi\u00f3n por el deporte.<\/p>\n\n\n\n<p>Al respecto, Mauro Salinas Egli, director(s) del IND Araucan\u00eda se\u00f1al\u00f3 que \u201ccinco importantes deportistas de nuestra regi\u00f3n, que son miembro del Club de Canoa y Kayak de Nueva Imperial, han clasificado al selectivo continental que da cupos para los Juegos Ol\u00edmpicos de Paris 2024, esto despu\u00e9s de una tremenda competencia en el tranque Luz de Curauma, en la regi\u00f3n de Valpara\u00edso, donde se ganaron este derecho de representarnos como pa\u00eds\u201d<\/p>\n\n\n\n<p>El&nbsp; programa Promesas Chile del IND,&nbsp;&nbsp; cubri\u00f3 el traslado,&nbsp; alimentaci\u00f3n y alojamiento de los deportistas para participar del selectivo nacional&nbsp; realizado en &nbsp;Valpara\u00edso el pasado 13 de marzo, as\u00ed lo inform\u00f3 el director(s) del IND Araucan\u00eda, Mauro Salinas Egli, quien adem\u00e1s sostuvo que \u201ces importante se\u00f1alar que a trav\u00e9s de nuestro Programa Promesas Chile del Instituto Nacional de Deportes, hemos apoyado a todos estos deportistas para su participaci\u00f3n en el selectivo nacional, as\u00ed que les deseamos un tremendo \u00e9xito a nuestros deportistas que van competir en esta cita entre&nbsp; el 23 al 25 de abril en Estados Unidos, estamos seguros que nos representaran de la mejor forma y les deseamos mucho \u00e9xito y bendiciones\u201d<\/p>\n\n\n\n<p>Con la mira puesta en el sue\u00f1o ol\u00edmpico, este selecto grupo de atletas continuar\u00e1 su preparaci\u00f3n intensiva para el evento continental, programado del 23 al 25 de abril en Sarasota, Estados Unidos. Su compromiso y dedicaci\u00f3n los impulsan a alcanzar un rendimiento sobresaliente, con la esperanza de obtener los preciados boletos que los llevar\u00e1n a competir en la m\u00e1xima cita deportiva: los Juegos Ol\u00edmpicos de Par\u00eds 2024.<\/p>\n","protected":false},"excerpt":{"rendered":"<div class=\"pvc_clear\"><\/div>\n<p id=\"pvc_stats_48678\" class=\"pvc_stats total_only  \" data-element-id=\"48678\" style=\"\"><i class=\"pvc-stats-icon large\" aria-hidden=\"true\"><svg aria-hidden=\"true\" focusable=\"false\" data-prefix=\"far\" data-icon=\"chart-bar\" role=\"img\" xmlns=\"http:\/\/www.w3.org\/2000\/svg\" viewBox=\"0 0 512 512\" class=\"svg-inline--fa fa-chart-bar fa-w-16 fa-2x\"><path fill=\"currentColor\" d=\"M396.8 352h22.4c6.4 0 12.8-6.4 12.8-12.8V108.8c0-6.4-6.4-12.8-12.8-12.8h-22.4c-6.4 0-12.8 6.4-12.8 12.8v230.4c0 6.4 6.4 12.8 12.8 12.8zm-192 0h22.4c6.4 0 12.8-6.4 12.8-12.8V140.8c0-6.4-6.4-12.8-12.8-12.8h-22.4c-6.4 0-12.8 6.4-12.8 12.8v198.4c0 6.4 6.4 12.8 12.8 12.8zm96 0h22.4c6.4 0 12.8-6.4 12.8-12.8V204.8c0-6.4-6.4-12.8-12.8-12.8h-22.4c-6.4 0-12.8 6.4-12.8 12.8v134.4c0 6.4 6.4 12.8 12.8 12.8zM496 400H48V80c0-8.84-7.16-16-16-16H16C7.16 64 0 71.16 0 80v336c0 17.67 14.33 32 32 32h464c8.84 0 16-7.16 16-16v-16c0-8.84-7.16-16-16-16zm-387.2-48h22.4c6.4 0 12.8-6.4 12.8-12.8v-70.4c0-6.4-6.4-12.8-12.8-12.8h-22.4c-6.4 0-12.8 6.4-12.8 12.8v70.4c0 6.4 6.4 12.8 12.8 12.8z\" class=\"\"><\/path><\/svg><\/i> <img loading=\"lazy\" decoding=\"async\" width=\"16\" height=\"16\" alt=\"Loading\" src=\"https:\/\/temucotelevision.cl\/web\/wp-content\/plugins\/page-views-count\/ajax-loader-2x.gif\" border=0 \/><\/p>\n<div class=\"pvc_clear\"><\/div>\n<p>El&nbsp; programa Promesas Chile del IND,&nbsp; cubri\u00f3 el traslado,&nbsp; alimentaci\u00f3n y alojamiento de los deportistas para participar del selectivo nacional.<\/p>\n","protected":false},"author":1,"featured_media":48679,"comment_status":"open","ping_status":"open","sticky":false,"template":"","format":"standard","meta":{"colormag_page_container_layout":"default_layout","colormag_page_sidebar_layout":"default_layout","footnotes":""},"categories":[15],"tags":[995,5452,521],"class_list":["post-48678","post","type-post","status-publish","format-standard","has-post-thumbnail","hentry","category-la-araucania","tag-deportistas","tag-ind","tag-programa"],"a3_pvc":{"activated":true,"total_views":2233,"today_views":0},"_links":{"self":[{"href":"https:\/\/temucotelevision.cl\/web\/wp-json\/wp\/v2\/posts\/48678","targetHints":{"allow":["GET"]}}],"collection":[{"href":"https:\/\/temucotelevision.cl\/web\/wp-json\/wp\/v2\/posts"}],"about":[{"href":"https:\/\/temucotelevision.cl\/web\/wp-json\/wp\/v2\/types\/post"}],"author":[{"embeddable":true,"href":"https:\/\/temucotelevision.cl\/web\/wp-json\/wp\/v2\/users\/1"}],"replies":[{"embeddable":true,"href":"https:\/\/temucotelevision.cl\/web\/wp-json\/wp\/v2\/comments?post=48678"}],"version-history":[{"count":1,"href":"https:\/\/temucotelevision.cl\/web\/wp-json\/wp\/v2\/posts\/48678\/revisions"}],"predecessor-version":[{"id":48680,"href":"https:\/\/temucotelevision.cl\/web\/wp-json\/wp\/v2\/posts\/48678\/revisions\/48680"}],"wp:featuredmedia":[{"embeddable":true,"href":"https:\/\/temucotelevision.cl\/web\/wp-json\/wp\/v2\/media\/48679"}],"wp:attachment":[{"href":"https:\/\/temucotelevision.cl\/web\/wp-json\/wp\/v2\/media?parent=48678"}],"wp:term":[{"taxonomy":"category","embeddable":true,"href":"https:\/\/temucotelevision.cl\/web\/wp-json\/wp\/v2\/categories?post=48678"},{"taxonomy":"post_tag","embeddable":true,"href":"https:\/\/temucotelevision.cl\/web\/wp-json\/wp\/v2\/tags?post=48678"}],"curies":[{"name":"wp","href":"https:\/\/api.w.org\/{rel}","templated":true}]}}