{"id":48675,"date":"2024-03-20T16:11:40","date_gmt":"2024-03-20T19:11:40","guid":{"rendered":"https:\/\/temucotelevision.cl\/web\/?p=48675"},"modified":"2024-03-20T18:16:59","modified_gmt":"2024-03-20T21:16:59","slug":"dj-zetian-prepara-un-historico-2024-que-consolidara-su-posicion-como-referente-de-la-guaracha-en-latinoamerica","status":"publish","type":"post","link":"https:\/\/temucotelevision.cl\/web\/2024\/03\/20\/dj-zetian-prepara-un-historico-2024-que-consolidara-su-posicion-como-referente-de-la-guaracha-en-latinoamerica\/","title":{"rendered":"DJ Zetian prepara un hist\u00f3rico\u00a02024 que consolidar\u00e1 su posici\u00f3n como referente de la\u00a0guaracha en Latinoam\u00e9rica"},"content":{"rendered":"<div class=\"pvc_clear\"><\/div><p id=\"pvc_stats_48675\" class=\"pvc_stats total_only  \" data-element-id=\"48675\" style=\"\"><i class=\"pvc-stats-icon large\" aria-hidden=\"true\"><svg aria-hidden=\"true\" focusable=\"false\" data-prefix=\"far\" data-icon=\"chart-bar\" role=\"img\" xmlns=\"http:\/\/www.w3.org\/2000\/svg\" viewBox=\"0 0 512 512\" class=\"svg-inline--fa fa-chart-bar fa-w-16 fa-2x\"><path fill=\"currentColor\" d=\"M396.8 352h22.4c6.4 0 12.8-6.4 12.8-12.8V108.8c0-6.4-6.4-12.8-12.8-12.8h-22.4c-6.4 0-12.8 6.4-12.8 12.8v230.4c0 6.4 6.4 12.8 12.8 12.8zm-192 0h22.4c6.4 0 12.8-6.4 12.8-12.8V140.8c0-6.4-6.4-12.8-12.8-12.8h-22.4c-6.4 0-12.8 6.4-12.8 12.8v198.4c0 6.4 6.4 12.8 12.8 12.8zm96 0h22.4c6.4 0 12.8-6.4 12.8-12.8V204.8c0-6.4-6.4-12.8-12.8-12.8h-22.4c-6.4 0-12.8 6.4-12.8 12.8v134.4c0 6.4 6.4 12.8 12.8 12.8zM496 400H48V80c0-8.84-7.16-16-16-16H16C7.16 64 0 71.16 0 80v336c0 17.67 14.33 32 32 32h464c8.84 0 16-7.16 16-16v-16c0-8.84-7.16-16-16-16zm-387.2-48h22.4c6.4 0 12.8-6.4 12.8-12.8v-70.4c0-6.4-6.4-12.8-12.8-12.8h-22.4c-6.4 0-12.8 6.4-12.8 12.8v70.4c0 6.4 6.4 12.8 12.8 12.8z\" class=\"\"><\/path><\/svg><\/i> <img loading=\"lazy\" decoding=\"async\" width=\"16\" height=\"16\" alt=\"Loading\" src=\"https:\/\/temucotelevision.cl\/web\/wp-content\/plugins\/page-views-count\/ajax-loader-2x.gif\" border=0 \/><\/p><div class=\"pvc_clear\"><\/div>\n<p class=\"has-medium-font-size\"><strong>El artista colombiano\u00a0ha ido construyendo un\u00a0impecable\u00a0trayecto art\u00edstico y\u00a0profesional que este a\u00f1o promete concretar\u00a0su posici\u00f3n como uno de los\u00a0exponentes m\u00e1s importantes\u00a0del g\u00e9nero.<\/strong><\/p>\n\n\n\n<p>En el vibrante mundo de la m\u00fasica urbana, un nombre resuena con fuerza como\u00a0<strong>referente indiscutible de la guarach<\/strong>a:\u00a0<a href=\"https:\/\/open.spotify.com\/intl-es\/artist\/2Mf7rgGLrAbgnMqnANKnmy?si=-yO0fOq7T8eU1jURfoSJ_Q\" target=\"_blank\" rel=\"noreferrer noopener\"><strong>DJ Zetian<\/strong><\/a>. Con un 2023 repleto de hitos y un 2024 prometedor, el artista colombiano contin\u00faa consolid\u00e1ndose como una figura clave en este invaluable g\u00e9nero.<\/p>\n\n\n\n<p>El a\u00f1o pasado,\u00a0<strong><a href=\"https:\/\/open.spotify.com\/intl-es\/artist\/2Mf7rgGLrAbgnMqnANKnmy?si=-yO0fOq7T8eU1jURfoSJ_Q\" target=\"_blank\" rel=\"noreferrer noopener\">DJ Zetian<\/a><\/strong>\u00a0dej\u00f3 su huella en la escena musical latinoamericana e internacional, destac\u00e1ndose en\u00a0<strong>la fusi\u00f3n de guaracha y reguet\u00f3n<\/strong>. Su talento lo llev\u00f3 a ser nominado a\u00a0<strong>Mejor Nuevo Artista en los Latino Music\u00a0<\/strong>y a compartir escenario con grandes nombres como Gotay, Cris MJ y Darell. Su participaci\u00f3n en hits como \u201c<a href=\"https:\/\/open.spotify.com\/intl-es\/track\/0lREs0EdgrMQQKw00yx0Ct?si=099894efe878427c\" target=\"_blank\" rel=\"noreferrer noopener\"><strong>Una Noche en Medell\u00edn<\/strong><\/a>\u201d y el remix guaracha de \u201c<a href=\"https:\/\/open.spotify.com\/intl-es\/track\/7oitBvJE86POl90w2SzgiR?si=00740924b8484982\" target=\"_blank\" rel=\"noreferrer noopener\"><strong>Los Malvekes<\/strong><\/a>\u201d afianz\u00f3 su posici\u00f3n en la industria, acumulando millones de visualizaciones.<\/p>\n\n\n\n<p>Sin embargo, el 2024 es el a\u00f1o donde&nbsp;<a href=\"https:\/\/open.spotify.com\/intl-es\/artist\/2Mf7rgGLrAbgnMqnANKnmy?si=FF7D8bKhSy--KSrqTwE0ZA\" target=\"_blank\" rel=\"noreferrer noopener\"><strong>DJ Zetian<\/strong><\/a>&nbsp;brilla con luz propia. Su reciente gira por M\u00e9xico, incluyendo una actuaci\u00f3n en el evento Soy Grupero y su aparici\u00f3n en la alfombra amarilla entrevistado por Telemundo y La Mejor 107.3, ha sido un punto culminante en su recorrido profesional. La colaboraci\u00f3n con el Grupo Exterminador en &#8220;Las Monjitas&#8221;, tambi\u00e9n ha causado furor,&nbsp;<strong>convirti\u00e9ndose en la pieza m\u00e1s viral de su carrera<\/strong>, hasta ahora.&nbsp;Incluso hoy es un \u00e9xito asociado&nbsp;al cl\u00e1sico juego de Tagad\u00e1, reconocido en todo Latinoam\u00e9rica.<\/p>\n\n\n\n<p>Este a\u00f1o,&nbsp;<a href=\"https:\/\/open.spotify.com\/intl-es\/artist\/2Mf7rgGLrAbgnMqnANKnmy\" target=\"_blank\" rel=\"noreferrer noopener\"><strong>DJ Zetian<\/strong><\/a>&nbsp;tambi\u00e9n ha alcanzado el \u00e9xito con dos canciones en el top: \u201c<a href=\"https:\/\/open.spotify.com\/intl-es\/track\/0wSL1Z7ubNgzxxa0kauDjL?si=63020ec880d64d34\" target=\"_blank\" rel=\"noreferrer noopener\"><strong>3 D\u00edas Remix<\/strong><\/a>\u201d junto a Jairo Vera y Germanini, y \u201c<a href=\"https:\/\/open.spotify.com\/intl-es\/track\/6rjmZGSqX6KIfuOmDRpzIl?si=47b00ee58ae14751\" target=\"_blank\" rel=\"noreferrer noopener\"><strong>Panamera<\/strong><\/a>\u201d en colaboraci\u00f3n con Giuliano Yankess, Chiko Alfa y la producci\u00f3n de Djay W.<\/p>\n\n\n\n<p>Mirando hacia el futuro, el artista anuncia un tour emocionante que incluir\u00e1 paradas en<strong>&nbsp;Colombia, Guatemala, Espa\u00f1a, Argentina, M\u00e9xico y Chile<\/strong>. Adem\u00e1s, se encuentra<strong>&nbsp;preparando un \u00e1lbum<\/strong>&nbsp;que promete ser una fusi\u00f3n explosiva de talentos, con colaboraciones de grandes nombres de la m\u00fasica urbana de Chile, Puerto Rico y artistas del g\u00e9nero urbano colombiano.<\/p>\n\n\n\n<p><a href=\"https:\/\/open.spotify.com\/intl-es\/artist\/2Mf7rgGLrAbgnMqnANKnmy?si=NC8hgxILTa-dR5Mn5F6EPQ\" target=\"_blank\" rel=\"noreferrer noopener\"><strong>DJ Zetian<\/strong><\/a>\u00a0no solo es un referente de la guaracha, sino un innovador que contin\u00faa llevando el g\u00e9nero a nuevos horizontes. Su habilidad para fusionar ritmos y crear \u00e9xitos no tiene parang\u00f3n.\u00a0<strong>El 2023 fue un a\u00f1o de consolidaci\u00f3n y \u00e9xito<\/strong>; el 2024 se perfila como el a\u00f1o en que\u00a0<a href=\"https:\/\/mailchi.mp\/redponchoproducciones\/djzetian2024\" target=\"_blank\" rel=\"noreferrer noopener\"><strong>DJ Zetian<\/strong><\/a>, como referente de la guaracha, elevar\u00e1 a\u00fan m\u00e1s su legado musical.<\/p>\n\n\n\n<figure class=\"wp-block-embed is-type-video is-provider-youtube wp-block-embed-youtube wp-embed-aspect-16-9 wp-has-aspect-ratio\"><div class=\"wp-block-embed__wrapper\">\n<div class=\"epyt-video-wrapper\"><iframe loading=\"lazy\"  id=\"_ytid_38084\"  width=\"800\" height=\"450\"  data-origwidth=\"800\" data-origheight=\"450\" src=\"https:\/\/www.youtube.com\/embed\/rRyzIi6Xsqw?enablejsapi=1&#038;autoplay=0&#038;cc_load_policy=0&#038;cc_lang_pref=&#038;iv_load_policy=1&#038;loop=0&#038;rel=1&#038;fs=1&#038;playsinline=0&#038;autohide=2&#038;theme=dark&#038;color=red&#038;controls=1&#038;disablekb=0&#038;\" class=\"__youtube_prefs__  epyt-is-override  no-lazyload\" title=\"YouTube player\"  allow=\"fullscreen; accelerometer; autoplay; clipboard-write; encrypted-media; gyroscope; picture-in-picture; web-share\" referrerpolicy=\"strict-origin-when-cross-origin\" allowfullscreen data-no-lazy=\"1\" data-skipgform_ajax_framebjll=\"\"><\/iframe><\/div>\n<\/div><\/figure>\n\n\n\n<p><\/p>\n","protected":false},"excerpt":{"rendered":"<div class=\"pvc_clear\"><\/div>\n<p id=\"pvc_stats_48675\" class=\"pvc_stats total_only  \" data-element-id=\"48675\" style=\"\"><i class=\"pvc-stats-icon large\" aria-hidden=\"true\"><svg aria-hidden=\"true\" focusable=\"false\" data-prefix=\"far\" data-icon=\"chart-bar\" role=\"img\" xmlns=\"http:\/\/www.w3.org\/2000\/svg\" viewBox=\"0 0 512 512\" class=\"svg-inline--fa fa-chart-bar fa-w-16 fa-2x\"><path fill=\"currentColor\" d=\"M396.8 352h22.4c6.4 0 12.8-6.4 12.8-12.8V108.8c0-6.4-6.4-12.8-12.8-12.8h-22.4c-6.4 0-12.8 6.4-12.8 12.8v230.4c0 6.4 6.4 12.8 12.8 12.8zm-192 0h22.4c6.4 0 12.8-6.4 12.8-12.8V140.8c0-6.4-6.4-12.8-12.8-12.8h-22.4c-6.4 0-12.8 6.4-12.8 12.8v198.4c0 6.4 6.4 12.8 12.8 12.8zm96 0h22.4c6.4 0 12.8-6.4 12.8-12.8V204.8c0-6.4-6.4-12.8-12.8-12.8h-22.4c-6.4 0-12.8 6.4-12.8 12.8v134.4c0 6.4 6.4 12.8 12.8 12.8zM496 400H48V80c0-8.84-7.16-16-16-16H16C7.16 64 0 71.16 0 80v336c0 17.67 14.33 32 32 32h464c8.84 0 16-7.16 16-16v-16c0-8.84-7.16-16-16-16zm-387.2-48h22.4c6.4 0 12.8-6.4 12.8-12.8v-70.4c0-6.4-6.4-12.8-12.8-12.8h-22.4c-6.4 0-12.8 6.4-12.8 12.8v70.4c0 6.4 6.4 12.8 12.8 12.8z\" class=\"\"><\/path><\/svg><\/i> <img loading=\"lazy\" decoding=\"async\" width=\"16\" height=\"16\" alt=\"Loading\" src=\"https:\/\/temucotelevision.cl\/web\/wp-content\/plugins\/page-views-count\/ajax-loader-2x.gif\" border=0 \/><\/p>\n<div class=\"pvc_clear\"><\/div>\n<p>El artista colombiano\u00a0ha ido construyendo un\u00a0impecable\u00a0trayecto art\u00edstico y\u00a0profesional que este a\u00f1o promete concretar\u00a0su posici\u00f3n como uno de los\u00a0exponentes m\u00e1s importantes\u00a0del<\/p>\n","protected":false},"author":143,"featured_media":48676,"comment_status":"open","ping_status":"open","sticky":false,"template":"","format":"standard","meta":{"colormag_page_container_layout":"default_layout","colormag_page_sidebar_layout":"default_layout","footnotes":""},"categories":[369],"tags":[],"class_list":["post-48675","post","type-post","status-publish","format-standard","has-post-thumbnail","hentry","category-musica"],"a3_pvc":{"activated":true,"total_views":874,"today_views":0},"_links":{"self":[{"href":"https:\/\/temucotelevision.cl\/web\/wp-json\/wp\/v2\/posts\/48675","targetHints":{"allow":["GET"]}}],"collection":[{"href":"https:\/\/temucotelevision.cl\/web\/wp-json\/wp\/v2\/posts"}],"about":[{"href":"https:\/\/temucotelevision.cl\/web\/wp-json\/wp\/v2\/types\/post"}],"author":[{"embeddable":true,"href":"https:\/\/temucotelevision.cl\/web\/wp-json\/wp\/v2\/users\/143"}],"replies":[{"embeddable":true,"href":"https:\/\/temucotelevision.cl\/web\/wp-json\/wp\/v2\/comments?post=48675"}],"version-history":[{"count":1,"href":"https:\/\/temucotelevision.cl\/web\/wp-json\/wp\/v2\/posts\/48675\/revisions"}],"predecessor-version":[{"id":48677,"href":"https:\/\/temucotelevision.cl\/web\/wp-json\/wp\/v2\/posts\/48675\/revisions\/48677"}],"wp:featuredmedia":[{"embeddable":true,"href":"https:\/\/temucotelevision.cl\/web\/wp-json\/wp\/v2\/media\/48676"}],"wp:attachment":[{"href":"https:\/\/temucotelevision.cl\/web\/wp-json\/wp\/v2\/media?parent=48675"}],"wp:term":[{"taxonomy":"category","embeddable":true,"href":"https:\/\/temucotelevision.cl\/web\/wp-json\/wp\/v2\/categories?post=48675"},{"taxonomy":"post_tag","embeddable":true,"href":"https:\/\/temucotelevision.cl\/web\/wp-json\/wp\/v2\/tags?post=48675"}],"curies":[{"name":"wp","href":"https:\/\/api.w.org\/{rel}","templated":true}]}}