{"id":48672,"date":"2024-03-20T15:16:22","date_gmt":"2024-03-20T18:16:22","guid":{"rendered":"https:\/\/temucotelevision.cl\/web\/?p=48672"},"modified":"2024-03-20T15:16:23","modified_gmt":"2024-03-20T18:16:23","slug":"trio-tormenta-desata-una-eclosion-musical-jazz-fusion-improvisacion-y-reflexion-en-su-ep-debut","status":"publish","type":"post","link":"https:\/\/temucotelevision.cl\/web\/2024\/03\/20\/trio-tormenta-desata-una-eclosion-musical-jazz-fusion-improvisacion-y-reflexion-en-su-ep-debut\/","title":{"rendered":"Tr\u00edo Tormenta desata una &#8220;Eclosi\u00f3n&#8221; musical: Jazz fusi\u00f3n, improvisaci\u00f3n y reflexi\u00f3n en su EP debut"},"content":{"rendered":"<div class=\"pvc_clear\"><\/div><p id=\"pvc_stats_48672\" class=\"pvc_stats total_only  \" data-element-id=\"48672\" style=\"\"><i class=\"pvc-stats-icon large\" aria-hidden=\"true\"><svg aria-hidden=\"true\" focusable=\"false\" data-prefix=\"far\" data-icon=\"chart-bar\" role=\"img\" xmlns=\"http:\/\/www.w3.org\/2000\/svg\" viewBox=\"0 0 512 512\" class=\"svg-inline--fa fa-chart-bar fa-w-16 fa-2x\"><path fill=\"currentColor\" d=\"M396.8 352h22.4c6.4 0 12.8-6.4 12.8-12.8V108.8c0-6.4-6.4-12.8-12.8-12.8h-22.4c-6.4 0-12.8 6.4-12.8 12.8v230.4c0 6.4 6.4 12.8 12.8 12.8zm-192 0h22.4c6.4 0 12.8-6.4 12.8-12.8V140.8c0-6.4-6.4-12.8-12.8-12.8h-22.4c-6.4 0-12.8 6.4-12.8 12.8v198.4c0 6.4 6.4 12.8 12.8 12.8zm96 0h22.4c6.4 0 12.8-6.4 12.8-12.8V204.8c0-6.4-6.4-12.8-12.8-12.8h-22.4c-6.4 0-12.8 6.4-12.8 12.8v134.4c0 6.4 6.4 12.8 12.8 12.8zM496 400H48V80c0-8.84-7.16-16-16-16H16C7.16 64 0 71.16 0 80v336c0 17.67 14.33 32 32 32h464c8.84 0 16-7.16 16-16v-16c0-8.84-7.16-16-16-16zm-387.2-48h22.4c6.4 0 12.8-6.4 12.8-12.8v-70.4c0-6.4-6.4-12.8-12.8-12.8h-22.4c-6.4 0-12.8 6.4-12.8 12.8v70.4c0 6.4 6.4 12.8 12.8 12.8z\" class=\"\"><\/path><\/svg><\/i> <img loading=\"lazy\" decoding=\"async\" width=\"16\" height=\"16\" alt=\"Loading\" src=\"https:\/\/temucotelevision.cl\/web\/wp-content\/plugins\/page-views-count\/ajax-loader-2x.gif\" border=0 \/><\/p><div class=\"pvc_clear\"><\/div>\n<p class=\"has-medium-font-size\"><strong>Energ\u00eda, b\u00fasqueda y encuentro, es lo que nos ofrece el potente trio tormenta en su m\u00e1s reciente producci\u00f3n de estudio.<\/strong><\/p>\n\n\n\n<p>La nueva banda de jazz fusi\u00f3n,&nbsp;<a href=\"https:\/\/open.spotify.com\/intl-es\/artist\/2SqouIte6PlC1VV2AZrBZP?si=ZYzkulCxRCOjKNolKeMRQg\" target=\"_blank\" rel=\"noreferrer noopener\"><strong>Tr\u00edo Tormenta<\/strong><\/a>, nos presenta su&nbsp;ecl\u00e9ctico y sonoramente nutrido&nbsp;EP&nbsp;<a href=\"https:\/\/open.spotify.com\/intl-es\/album\/51H5E9YGXmVNl7HzsgtOfb?si=mW59N4ThT-CEj57lRfbGeQ\" target=\"_blank\" rel=\"noreferrer noopener\"><strong><em>Eclosi\u00f3n<\/em><\/strong><\/a>, reci\u00e9n lanzado el 26 de noviembre, junto con un&nbsp; registro audiovisual de la sesi\u00f3n&nbsp;<strong>grabada en vivo<\/strong>&nbsp;desde el&nbsp;estudio.<br><br>Este proyecto musical representa un viaje a trav\u00e9s de la imaginaci\u00f3n y la experiencia humana, con el uso de la&nbsp;<strong>improvisaci\u00f3n<\/strong>&nbsp;&#8211; base del lenguaje jazz &#8211; como una invitaci\u00f3n a reconectar con el presente.&nbsp;<br><br>&#8220;Tormenta es el fluir de una acci\u00f3n natural, algo que viene de una fuerza mayor; de alg\u00fan misterio. Algo que acontece solo en tiempo real&#8221;,&nbsp;<strong>describe Crist\u00f3bal Bonzi<\/strong>,&nbsp;guitarrista, compositor y &nbsp;l\u00edder del tr\u00edo&nbsp;jazz rock.<br><br><a href=\"https:\/\/open.spotify.com\/intl-es\/album\/51H5E9YGXmVNl7HzsgtOfb?si=naFVPExpT7S-9gXJBY0UTg\" target=\"_blank\" rel=\"noreferrer noopener\"><strong><em>Eclosi\u00f3n<\/em><\/strong><\/a>, la primera publicaci\u00f3n del tr\u00edo, es un relato profundo sobre&nbsp;<strong>el encuentro con el yo<\/strong>&nbsp;y los acontecimientos necesarios para que eso ocurra.<br><br><a href=\"https:\/\/www.instagram.com\/tormentamusica\/\" target=\"_blank\" rel=\"noreferrer noopener\"><strong>Tr\u00edo Tormenta<\/strong><\/a>&nbsp;es una banda de jazz fusi\u00f3n que mezcla con frescura el jazz, el rock y la m\u00fasica latinoamericana en composiciones para improvisaci\u00f3n.<strong>&nbsp;Con melod\u00edas simples y un enfoque no purista<\/strong>, la banda utiliza instrumentos de manera poco convencional, creando un sonido \u00fanico y moderno. Es una banda perfecta para amantes del rock que quieren comenzar a incursionar en el mundo del Jazz.<\/p>\n\n\n\n<p>Con un exitoso debut en vivo en Bar El Bajo (GAM), esta&nbsp;banda defiende<strong>&nbsp;la libertad&nbsp;y el presente<\/strong>. Aboga por la idea de que el arte es un portal inc\u00f3modo para observar nuestra esencia.<br><br>Adem\u00e1s, advierten sobre&nbsp;<strong>c\u00f3mo los est\u00edmulos modernos&nbsp;tergiversan<\/strong>&nbsp;nuestra posici\u00f3n en el tiempo espacio, y c\u00f3mo los deseos y las expectativas nos nublan la posibilidad de ver desde diferentes perspectivas. As\u00ed,&nbsp;<a href=\"https:\/\/www.instagram.com\/tormentamusica\/\" target=\"_blank\" rel=\"noreferrer noopener\"><strong>Tr\u00edo Tormenta<\/strong><\/a>&nbsp;busca que la audiencia tenga un&nbsp;viaje reflexivo, desde lo individual y colectivo.&nbsp;<\/p>\n\n\n\n<p><strong>Eclosi\u00f3n, la\u00a0experiencia canci\u00f3n por canci\u00f3n:<\/strong><\/p>\n\n\n\n<ol class=\"wp-block-list\">\n<li><a href=\"https:\/\/open.spotify.com\/intl-es\/track\/208vN5ZAj1i9W3St8M30IT?si=683a2fd57b8b42e4\" target=\"_blank\" rel=\"noreferrer noopener\"><strong>Bailari<\/strong><\/a>&nbsp;<strong>(Single):<\/strong>&nbsp;Es una celebraci\u00f3n del movimiento y el goce, conect\u00e1ndose a trav\u00e9s del ritmo que nos impulsa a bailar desde la infancia.<strong>&nbsp;Un saludo al pulso fundamental del tiempo<\/strong>.&nbsp;<br><br>Con&nbsp;<strong>momentos potentemente r\u00edtmicos desde la bater\u00eda y el bajo<\/strong>,&nbsp;este se presenta como&nbsp;la danza de la vida, un encuentro con la alegr\u00eda pura que reside en el movimiento. Una verdadera oda al ritmo que nos conecta desde la infancia, record\u00e1ndonos el pulso constante del tiempo.<\/li>\n\n\n\n<li><a href=\"https:\/\/open.spotify.com\/intl-es\/track\/3f8dVBM5j8kpbHs22v7Uie?si=916d49ea8d22451b\" target=\"_blank\" rel=\"noreferrer noopener\"><strong>La Purga<\/strong><\/a>:&nbsp;Con&nbsp;<strong>armon\u00edas l\u00fagubres,&nbsp;ritmos no neutrales y movimientos de bajo&nbsp;desquiciados<\/strong>, este track se expresa como un&nbsp;encuentro con los lados m\u00e1s oscuros del ser, una manifestaci\u00f3n de los demonios internos y la acci\u00f3n de reconocerlos.<br><br><strong>La Purga&nbsp;invita a no reprimir emociones<\/strong>&nbsp;y aprender a convivir y bailar con los propios demonios internos. Hablamos de una catarsis musical que invita a la liberaci\u00f3n.<\/li>\n\n\n\n<li><a href=\"http:\/\/https\/\/open.spotify.com\/intl-es\/track\/6ekrF5bbIyfIn2HqHv7CIi?si=b4a90b8cba0c44b9\" target=\"_blank\" rel=\"noreferrer noopener\"><strong>Abraz<\/strong><\/a>:\u00a0<strong>Con un aire mucho m\u00e1s conciliador y arreglos nost\u00e1lgicos<\/strong>, este\u00a0track nos sumerge en la esencia de la conexi\u00f3n humana. Es una invitaci\u00f3n a confiar y sumergirse en el otro, celebrando la uni\u00f3n en un espacio compartido.<br><br>Una melod\u00eda que abraza el alma.\u00a0<strong>Nos ofrece una visi\u00f3n de la necesidad visceral de perderse en el otro,<\/strong>\u00a0confiar y dejarse llevar.<br><br><strong>Tr\u00edo Tormenta<\/strong>\u00a0no s\u00f3lo ofrece m\u00fasica; ofrece una experiencia transformadora. \u00a1No te pierdas este viaje musical y visual \u00fanico que cambiar\u00e1 tu perspectiva sobre el jazz fusi\u00f3n!<\/li>\n<\/ol>\n\n\n\n<p><\/p>\n\n\n\n<figure class=\"wp-block-embed is-type-video is-provider-youtube wp-block-embed-youtube wp-embed-aspect-16-9 wp-has-aspect-ratio\"><div class=\"wp-block-embed__wrapper\">\n<div class=\"epyt-video-wrapper\"><iframe loading=\"lazy\"  id=\"_ytid_79436\"  width=\"800\" height=\"450\"  data-origwidth=\"800\" data-origheight=\"450\" src=\"https:\/\/www.youtube.com\/embed\/GWc23SKU8pE?enablejsapi=1&#038;autoplay=0&#038;cc_load_policy=0&#038;cc_lang_pref=&#038;iv_load_policy=1&#038;loop=0&#038;rel=1&#038;fs=1&#038;playsinline=0&#038;autohide=2&#038;theme=dark&#038;color=red&#038;controls=1&#038;disablekb=0&#038;\" class=\"__youtube_prefs__  epyt-is-override  no-lazyload\" title=\"YouTube player\"  allow=\"fullscreen; accelerometer; autoplay; clipboard-write; encrypted-media; gyroscope; picture-in-picture; web-share\" referrerpolicy=\"strict-origin-when-cross-origin\" allowfullscreen data-no-lazy=\"1\" data-skipgform_ajax_framebjll=\"\"><\/iframe><\/div>\n<\/div><\/figure>\n\n\n\n<p><\/p>\n\n\n\n<p><\/p>\n","protected":false},"excerpt":{"rendered":"<div class=\"pvc_clear\"><\/div>\n<p id=\"pvc_stats_48672\" class=\"pvc_stats total_only  \" data-element-id=\"48672\" style=\"\"><i class=\"pvc-stats-icon large\" aria-hidden=\"true\"><svg aria-hidden=\"true\" focusable=\"false\" data-prefix=\"far\" data-icon=\"chart-bar\" role=\"img\" xmlns=\"http:\/\/www.w3.org\/2000\/svg\" viewBox=\"0 0 512 512\" class=\"svg-inline--fa fa-chart-bar fa-w-16 fa-2x\"><path fill=\"currentColor\" d=\"M396.8 352h22.4c6.4 0 12.8-6.4 12.8-12.8V108.8c0-6.4-6.4-12.8-12.8-12.8h-22.4c-6.4 0-12.8 6.4-12.8 12.8v230.4c0 6.4 6.4 12.8 12.8 12.8zm-192 0h22.4c6.4 0 12.8-6.4 12.8-12.8V140.8c0-6.4-6.4-12.8-12.8-12.8h-22.4c-6.4 0-12.8 6.4-12.8 12.8v198.4c0 6.4 6.4 12.8 12.8 12.8zm96 0h22.4c6.4 0 12.8-6.4 12.8-12.8V204.8c0-6.4-6.4-12.8-12.8-12.8h-22.4c-6.4 0-12.8 6.4-12.8 12.8v134.4c0 6.4 6.4 12.8 12.8 12.8zM496 400H48V80c0-8.84-7.16-16-16-16H16C7.16 64 0 71.16 0 80v336c0 17.67 14.33 32 32 32h464c8.84 0 16-7.16 16-16v-16c0-8.84-7.16-16-16-16zm-387.2-48h22.4c6.4 0 12.8-6.4 12.8-12.8v-70.4c0-6.4-6.4-12.8-12.8-12.8h-22.4c-6.4 0-12.8 6.4-12.8 12.8v70.4c0 6.4 6.4 12.8 12.8 12.8z\" class=\"\"><\/path><\/svg><\/i> <img loading=\"lazy\" decoding=\"async\" width=\"16\" height=\"16\" alt=\"Loading\" src=\"https:\/\/temucotelevision.cl\/web\/wp-content\/plugins\/page-views-count\/ajax-loader-2x.gif\" border=0 \/><\/p>\n<div class=\"pvc_clear\"><\/div>\n<p>Energ\u00eda, b\u00fasqueda y encuentro, es lo que nos ofrece el potente trio tormenta en su m\u00e1s reciente producci\u00f3n de estudio.<\/p>\n","protected":false},"author":143,"featured_media":48673,"comment_status":"open","ping_status":"open","sticky":false,"template":"","format":"standard","meta":{"colormag_page_container_layout":"default_layout","colormag_page_sidebar_layout":"default_layout","footnotes":""},"categories":[369],"tags":[],"class_list":["post-48672","post","type-post","status-publish","format-standard","has-post-thumbnail","hentry","category-musica"],"a3_pvc":{"activated":true,"total_views":61,"today_views":1},"_links":{"self":[{"href":"https:\/\/temucotelevision.cl\/web\/wp-json\/wp\/v2\/posts\/48672","targetHints":{"allow":["GET"]}}],"collection":[{"href":"https:\/\/temucotelevision.cl\/web\/wp-json\/wp\/v2\/posts"}],"about":[{"href":"https:\/\/temucotelevision.cl\/web\/wp-json\/wp\/v2\/types\/post"}],"author":[{"embeddable":true,"href":"https:\/\/temucotelevision.cl\/web\/wp-json\/wp\/v2\/users\/143"}],"replies":[{"embeddable":true,"href":"https:\/\/temucotelevision.cl\/web\/wp-json\/wp\/v2\/comments?post=48672"}],"version-history":[{"count":1,"href":"https:\/\/temucotelevision.cl\/web\/wp-json\/wp\/v2\/posts\/48672\/revisions"}],"predecessor-version":[{"id":48674,"href":"https:\/\/temucotelevision.cl\/web\/wp-json\/wp\/v2\/posts\/48672\/revisions\/48674"}],"wp:featuredmedia":[{"embeddable":true,"href":"https:\/\/temucotelevision.cl\/web\/wp-json\/wp\/v2\/media\/48673"}],"wp:attachment":[{"href":"https:\/\/temucotelevision.cl\/web\/wp-json\/wp\/v2\/media?parent=48672"}],"wp:term":[{"taxonomy":"category","embeddable":true,"href":"https:\/\/temucotelevision.cl\/web\/wp-json\/wp\/v2\/categories?post=48672"},{"taxonomy":"post_tag","embeddable":true,"href":"https:\/\/temucotelevision.cl\/web\/wp-json\/wp\/v2\/tags?post=48672"}],"curies":[{"name":"wp","href":"https:\/\/api.w.org\/{rel}","templated":true}]}}