{"id":48669,"date":"2024-03-20T12:51:59","date_gmt":"2024-03-20T15:51:59","guid":{"rendered":"https:\/\/temucotelevision.cl\/web\/?p=48669"},"modified":"2024-03-20T12:52:00","modified_gmt":"2024-03-20T15:52:00","slug":"la-inclusion-es-parte-de-bienes-nacionales-y-entrega-inmueble-a-agrupaciones-de-personas-sordas-de-temuco","status":"publish","type":"post","link":"https:\/\/temucotelevision.cl\/web\/2024\/03\/20\/la-inclusion-es-parte-de-bienes-nacionales-y-entrega-inmueble-a-agrupaciones-de-personas-sordas-de-temuco\/","title":{"rendered":"La inclusi\u00f3n es parte de Bienes Nacionales y entrega inmueble a agrupaciones de personas sordas de Temuco"},"content":{"rendered":"<div class=\"pvc_clear\"><\/div><p id=\"pvc_stats_48669\" class=\"pvc_stats total_only  \" data-element-id=\"48669\" style=\"\"><i class=\"pvc-stats-icon large\" aria-hidden=\"true\"><svg aria-hidden=\"true\" focusable=\"false\" data-prefix=\"far\" data-icon=\"chart-bar\" role=\"img\" xmlns=\"http:\/\/www.w3.org\/2000\/svg\" viewBox=\"0 0 512 512\" class=\"svg-inline--fa fa-chart-bar fa-w-16 fa-2x\"><path fill=\"currentColor\" d=\"M396.8 352h22.4c6.4 0 12.8-6.4 12.8-12.8V108.8c0-6.4-6.4-12.8-12.8-12.8h-22.4c-6.4 0-12.8 6.4-12.8 12.8v230.4c0 6.4 6.4 12.8 12.8 12.8zm-192 0h22.4c6.4 0 12.8-6.4 12.8-12.8V140.8c0-6.4-6.4-12.8-12.8-12.8h-22.4c-6.4 0-12.8 6.4-12.8 12.8v198.4c0 6.4 6.4 12.8 12.8 12.8zm96 0h22.4c6.4 0 12.8-6.4 12.8-12.8V204.8c0-6.4-6.4-12.8-12.8-12.8h-22.4c-6.4 0-12.8 6.4-12.8 12.8v134.4c0 6.4 6.4 12.8 12.8 12.8zM496 400H48V80c0-8.84-7.16-16-16-16H16C7.16 64 0 71.16 0 80v336c0 17.67 14.33 32 32 32h464c8.84 0 16-7.16 16-16v-16c0-8.84-7.16-16-16-16zm-387.2-48h22.4c6.4 0 12.8-6.4 12.8-12.8v-70.4c0-6.4-6.4-12.8-12.8-12.8h-22.4c-6.4 0-12.8 6.4-12.8 12.8v70.4c0 6.4 6.4 12.8 12.8 12.8z\" class=\"\"><\/path><\/svg><\/i> <img loading=\"lazy\" decoding=\"async\" width=\"16\" height=\"16\" alt=\"Loading\" src=\"https:\/\/temucotelevision.cl\/web\/wp-content\/plugins\/page-views-count\/ajax-loader-2x.gif\" border=0 \/><\/p><div class=\"pvc_clear\"><\/div>\n<p><strong>\u2022&nbsp;&nbsp;&nbsp;&nbsp;&nbsp;&nbsp;&nbsp;&nbsp;&nbsp;&nbsp; Como parte de la pol\u00edtica de apoyar a personas con capacidades diferentes, la Seremi de Bienes Nacionales de La Araucan\u00eda, \u00c1mbar Castro Mart\u00ednez, entreg\u00f3 un inmueble a la Agrupaci\u00f3n Regional de Sordos de Temuco y al Club Deportivo y Cultural de la capital de La Araucan\u00eda.<\/strong><\/p>\n\n\n\n<p>La inclusi\u00f3n es una de las tareas primordiales de Bienes Nacionales y es por eso que apoyar a personas con capacidades distintas toma una especial relevancia para cumplir con este objetivo que tambi\u00e9n es parte del mandato del Gobierno del Presidente Gabriel Boric.<\/p>\n\n\n\n<p>La Seremi de Bienes Nacionales de La Araucan\u00eda, \u00c1mbar Castro Mart\u00ednez, se traslad\u00f3 hasta la poblaci\u00f3n \u201cEl Porvenir\u201d de Temuco, donde hizo entrega formal de la concesi\u00f3n de un inmueble que comparten la Asociaci\u00f3n Regional de Sordos de Temuco y el Club Deportivo y Cultural tambi\u00e9n de la capital regional.<\/p>\n\n\n\n<p>Para la actividad en la que tambi\u00e9n particip\u00f3 el Consejero Regional, Felipe Mart\u00ednez y Miguel Ram\u00edrez de parte de Senadis y representantes de parlamentarios, se cont\u00f3 con la intervenci\u00f3n de una interprete en lenguaje de se\u00f1as, que cont\u00f3 la emoci\u00f3n que represent\u00f3 este acto para las agrupaciones beneficiadas y tambi\u00e9n el mensaje que entreg\u00f3 la autoridad.<\/p>\n\n\n\n<p>Tras finalizar el acto, la Seremi \u00c1mbar Castro Mart\u00ednez, hizo hincapi\u00e9 en que esto es parte de los compromisos adquiridos como cartera y que el objetivo es seguir apoyando con inmuebles fiscales a este tipo de colectivos.<\/p>\n\n\n\n<p>\u201cEsto es especial para Bienes Nacionales porque estamos cumpliendo como ministerio un punto que es clave, en este caso el trabajo por la inclusi\u00f3n de todos y todas. Aparte sabemos que estas agrupaciones har\u00e1n buen uso de estos espacios, por lo cual estamos doblemente felices\u201d, indic\u00f3 la Seremi tras la firma de los actos administrativos.<\/p>\n\n\n\n<p>Sebasti\u00e1n Rebolledo, int\u00e9rprete en el lenguaje de se\u00f1as, indic\u00f3 que Ramona \u00c1lvarez, presidenta de la Asociaci\u00f3n Regional de Sordos de Temuco, dio las gracias por la actividad realizada, al tiempo que destac\u00f3 la rapidez en que se tramit\u00f3 la solicitud.<\/p>\n\n\n\n<p>\u201cEst\u00e1n muy agradecidas con la Seremi de Bienes Nacionales, a nombre del club y de la asociaci\u00f3n y para ellos fue toda una sorpresa que el proceso fuera tan r\u00e1pido, por lo cual nuevamente dan las gracias de poder seguir funcionando en este espacio\u201d, puntualiz\u00f3.<\/p>\n\n\n\n<p>En tanto Miryam Rojas, tambi\u00e9n int\u00e9rprete en el lenguaje de se\u00f1as, puntualiz\u00f3 que Cinthya Monsalve, tesorera del Club Deportivo y Cultural de Sordos de Temuco, expres\u00f3 que ahora podr\u00e1n ampliar este espacio y por ende dar mayor cabida a m\u00e1s personas que quieran integrarse.<\/p>\n\n\n\n<p>\u201cEst\u00e1n muy contentas por este d\u00eda tan especial, por recibir la concesi\u00f3n de esta sede para desarrollarse y as\u00ed poder cumplir un sue\u00f1o que es ampliarla para tener un lugar m\u00e1s c\u00f3modo as\u00ed seguir recibiendo a la comunidad sorda y a todos quienes quieran compartir con nosotros\u201d, agreg\u00f3.<\/p>\n\n\n\n<p>El inmueble de 200 metros cuadrados de superficie cuenta con una sede de 54,9 metros cuadrados y gracias a esta concesi\u00f3n se podr\u00e1 postular a proyectos para as\u00ed remodelarla y construir m\u00e1s espacios para el funcionamiento de ambas agrupaciones.<\/p>\n","protected":false},"excerpt":{"rendered":"<div class=\"pvc_clear\"><\/div>\n<p id=\"pvc_stats_48669\" class=\"pvc_stats total_only  \" data-element-id=\"48669\" style=\"\"><i class=\"pvc-stats-icon large\" aria-hidden=\"true\"><svg aria-hidden=\"true\" focusable=\"false\" data-prefix=\"far\" data-icon=\"chart-bar\" role=\"img\" xmlns=\"http:\/\/www.w3.org\/2000\/svg\" viewBox=\"0 0 512 512\" class=\"svg-inline--fa fa-chart-bar fa-w-16 fa-2x\"><path fill=\"currentColor\" d=\"M396.8 352h22.4c6.4 0 12.8-6.4 12.8-12.8V108.8c0-6.4-6.4-12.8-12.8-12.8h-22.4c-6.4 0-12.8 6.4-12.8 12.8v230.4c0 6.4 6.4 12.8 12.8 12.8zm-192 0h22.4c6.4 0 12.8-6.4 12.8-12.8V140.8c0-6.4-6.4-12.8-12.8-12.8h-22.4c-6.4 0-12.8 6.4-12.8 12.8v198.4c0 6.4 6.4 12.8 12.8 12.8zm96 0h22.4c6.4 0 12.8-6.4 12.8-12.8V204.8c0-6.4-6.4-12.8-12.8-12.8h-22.4c-6.4 0-12.8 6.4-12.8 12.8v134.4c0 6.4 6.4 12.8 12.8 12.8zM496 400H48V80c0-8.84-7.16-16-16-16H16C7.16 64 0 71.16 0 80v336c0 17.67 14.33 32 32 32h464c8.84 0 16-7.16 16-16v-16c0-8.84-7.16-16-16-16zm-387.2-48h22.4c6.4 0 12.8-6.4 12.8-12.8v-70.4c0-6.4-6.4-12.8-12.8-12.8h-22.4c-6.4 0-12.8 6.4-12.8 12.8v70.4c0 6.4 6.4 12.8 12.8 12.8z\" class=\"\"><\/path><\/svg><\/i> <img loading=\"lazy\" decoding=\"async\" width=\"16\" height=\"16\" alt=\"Loading\" src=\"https:\/\/temucotelevision.cl\/web\/wp-content\/plugins\/page-views-count\/ajax-loader-2x.gif\" border=0 \/><\/p>\n<div class=\"pvc_clear\"><\/div>\n<p>\u2022&nbsp;&nbsp;&nbsp;&nbsp;&nbsp;&nbsp;&nbsp;&nbsp;&nbsp;&nbsp; Como parte de la pol\u00edtica de apoyar a personas con capacidades diferentes, la Seremi de Bienes Nacionales de La<\/p>\n","protected":false},"author":1,"featured_media":48670,"comment_status":"open","ping_status":"open","sticky":false,"template":"","format":"standard","meta":{"colormag_page_container_layout":"default_layout","colormag_page_sidebar_layout":"default_layout","footnotes":""},"categories":[15],"tags":[1488],"class_list":["post-48669","post","type-post","status-publish","format-standard","has-post-thumbnail","hentry","category-la-araucania","tag-bienes-nacionales"],"a3_pvc":{"activated":true,"total_views":866,"today_views":0},"_links":{"self":[{"href":"https:\/\/temucotelevision.cl\/web\/wp-json\/wp\/v2\/posts\/48669","targetHints":{"allow":["GET"]}}],"collection":[{"href":"https:\/\/temucotelevision.cl\/web\/wp-json\/wp\/v2\/posts"}],"about":[{"href":"https:\/\/temucotelevision.cl\/web\/wp-json\/wp\/v2\/types\/post"}],"author":[{"embeddable":true,"href":"https:\/\/temucotelevision.cl\/web\/wp-json\/wp\/v2\/users\/1"}],"replies":[{"embeddable":true,"href":"https:\/\/temucotelevision.cl\/web\/wp-json\/wp\/v2\/comments?post=48669"}],"version-history":[{"count":1,"href":"https:\/\/temucotelevision.cl\/web\/wp-json\/wp\/v2\/posts\/48669\/revisions"}],"predecessor-version":[{"id":48671,"href":"https:\/\/temucotelevision.cl\/web\/wp-json\/wp\/v2\/posts\/48669\/revisions\/48671"}],"wp:featuredmedia":[{"embeddable":true,"href":"https:\/\/temucotelevision.cl\/web\/wp-json\/wp\/v2\/media\/48670"}],"wp:attachment":[{"href":"https:\/\/temucotelevision.cl\/web\/wp-json\/wp\/v2\/media?parent=48669"}],"wp:term":[{"taxonomy":"category","embeddable":true,"href":"https:\/\/temucotelevision.cl\/web\/wp-json\/wp\/v2\/categories?post=48669"},{"taxonomy":"post_tag","embeddable":true,"href":"https:\/\/temucotelevision.cl\/web\/wp-json\/wp\/v2\/tags?post=48669"}],"curies":[{"name":"wp","href":"https:\/\/api.w.org\/{rel}","templated":true}]}}