{"id":48666,"date":"2024-03-20T11:24:52","date_gmt":"2024-03-20T14:24:52","guid":{"rendered":"https:\/\/temucotelevision.cl\/web\/?p=48666"},"modified":"2024-03-20T11:24:52","modified_gmt":"2024-03-20T14:24:52","slug":"adolescentes-de-residencias-que-continuaran-sus-estudios-en-la-educacion-superior-aumentaron-un-48-en-2024","status":"publish","type":"post","link":"https:\/\/temucotelevision.cl\/web\/2024\/03\/20\/adolescentes-de-residencias-que-continuaran-sus-estudios-en-la-educacion-superior-aumentaron-un-48-en-2024\/","title":{"rendered":"Adolescentes de residencias que continuar\u00e1n sus estudios en la Educaci\u00f3n Superior aumentaron un 48% en 2024"},"content":{"rendered":"<div class=\"pvc_clear\"><\/div><p id=\"pvc_stats_48666\" class=\"pvc_stats total_only  \" data-element-id=\"48666\" style=\"\"><i class=\"pvc-stats-icon large\" aria-hidden=\"true\"><svg aria-hidden=\"true\" focusable=\"false\" data-prefix=\"far\" data-icon=\"chart-bar\" role=\"img\" xmlns=\"http:\/\/www.w3.org\/2000\/svg\" viewBox=\"0 0 512 512\" class=\"svg-inline--fa fa-chart-bar fa-w-16 fa-2x\"><path fill=\"currentColor\" d=\"M396.8 352h22.4c6.4 0 12.8-6.4 12.8-12.8V108.8c0-6.4-6.4-12.8-12.8-12.8h-22.4c-6.4 0-12.8 6.4-12.8 12.8v230.4c0 6.4 6.4 12.8 12.8 12.8zm-192 0h22.4c6.4 0 12.8-6.4 12.8-12.8V140.8c0-6.4-6.4-12.8-12.8-12.8h-22.4c-6.4 0-12.8 6.4-12.8 12.8v198.4c0 6.4 6.4 12.8 12.8 12.8zm96 0h22.4c6.4 0 12.8-6.4 12.8-12.8V204.8c0-6.4-6.4-12.8-12.8-12.8h-22.4c-6.4 0-12.8 6.4-12.8 12.8v134.4c0 6.4 6.4 12.8 12.8 12.8zM496 400H48V80c0-8.84-7.16-16-16-16H16C7.16 64 0 71.16 0 80v336c0 17.67 14.33 32 32 32h464c8.84 0 16-7.16 16-16v-16c0-8.84-7.16-16-16-16zm-387.2-48h22.4c6.4 0 12.8-6.4 12.8-12.8v-70.4c0-6.4-6.4-12.8-12.8-12.8h-22.4c-6.4 0-12.8 6.4-12.8 12.8v70.4c0 6.4 6.4 12.8 12.8 12.8z\" class=\"\"><\/path><\/svg><\/i> <img loading=\"lazy\" decoding=\"async\" width=\"16\" height=\"16\" alt=\"Loading\" src=\"https:\/\/temucotelevision.cl\/web\/wp-content\/plugins\/page-views-count\/ajax-loader-2x.gif\" border=0 \/><\/p><div class=\"pvc_clear\"><\/div>\n<p><em>Este a\u00f1o 89 j\u00f3venes que viven en centros residenciales del Servicio de Protecci\u00f3n decidieron matricularse&nbsp; en instituciones t\u00e9cnicas o universitarias<\/em><\/p>\n\n\n\n<p>Quince adolescentes de diferentes regiones del pa\u00eds se reunieron en La Moneda con autoridades de Gobierno. La ministra del Trabajo, Jeannette Jara, la subsecretaria general de Gobierno Nicole Cardoch y la directora del Servicio Nacional de Protecci\u00f3n Especializada a la Ni\u00f1ez y Adolescencia, Gabriela mu\u00f1oz, lideraron un desayuno en el que se destac\u00f3 a un grupo de j\u00f3venes que viven en centros residenciales del&nbsp; Servicio.<\/p>\n\n\n\n<p>Los futuros estudiantes destacaron la visita y agradecieron el espacio para conversar con autoridades y dar a conocer sus historias. Cassandra, quien fue la encargada de representar a la Araucan\u00eda y quien comenzar\u00e1 sus estudios superiores en Bachillerato en Ciencias, en esta instancia se\u00f1al\u00f3 que, \u201cfue una experiencia maravillosa, primera vez que voy a Santiago y compartir con la autoridades para mi fue muy importante(\u2026) yo les dar\u00eda como consejo a los otros adolescentes que no dejen de perseguir sus sue\u00f1os porque si uno quiere algo tiene que luchar por lograrlo\u201d.<\/p>\n\n\n\n<p>Este 2024, 89 adolescentes del pa\u00eds que viven en residencias familiares se inscribieron en centros t\u00e9cnicos o universidades mientras que el a\u00f1o 2023 la cifra lleg\u00f3 a 46 revelando un aumento del 48% en todo el territorio.<\/p>\n\n\n\n<p>De los 89 futuros estudiantes, 60 son de g\u00e9nero femenino, 28 de g\u00e9nero<\/p>\n\n\n\n<p>masculino y 1 persona no binaria. Alrededor del 50% estudiar\u00e1 una carrera t\u00e9cnica y cerca del 43% una carrera universitaria.<\/p>\n\n\n\n<p>La ministra del Trabajo y Previsi\u00f3n Social, Jeannette Jara, se\u00f1al\u00f3 que &#8220;destaco a estos j\u00f3venes que vienen de todo Chile y que, pese a las adversidades, han terminado su educaci\u00f3n secundaria y deciden, adem\u00e1s, seguir una carrera profesional o t\u00e9cnica profesional en la educaci\u00f3n superior. El estudio puede transformar vidas y puede transformar historias familiares&#8221;.<\/p>\n\n\n\n<p>En la oportunidad, los j\u00f3venes pudieron conversar con las autoridades y, luego, participaron de un tour por el Palacio de Gobierno, la directora del Servicio en la regi\u00f3n indic\u00f3 y destac\u00f3 la importancia de generar estos espacios para destacar el esfuerzo de los j\u00f3venes a nivel nacional y regional, \u201cEstamos muy contentos de que una de las adolescentes pudiera participar de esta actividad de reconocimiento realizada por El servicio junto a autoridades de Gobierno en Santiago, una instancia en la cual se reconoce el valor y esfuerzo de muchos j\u00f3venes a nivel pa\u00eds y en el caso de nosotros una adoelscente perteneciente a una residencia familiar de La Araucan\u00eda(\u2026)este a\u00f1o hemos aumentado el n\u00famero de adolescentes que van a cursar la educaci\u00f3n superior en la regi\u00f3n \u201d.<\/p>\n\n\n\n<p>El Servicio de Protecci\u00f3n atiende mensualmente a m\u00e1s de 130.000 ni\u00f1os, ni\u00f1as y adolescentes, de los cuales un 4% se encuentra viviendo en una residencia.<\/p>\n","protected":false},"excerpt":{"rendered":"<div class=\"pvc_clear\"><\/div>\n<p id=\"pvc_stats_48666\" class=\"pvc_stats total_only  \" data-element-id=\"48666\" style=\"\"><i class=\"pvc-stats-icon large\" aria-hidden=\"true\"><svg aria-hidden=\"true\" focusable=\"false\" data-prefix=\"far\" data-icon=\"chart-bar\" role=\"img\" xmlns=\"http:\/\/www.w3.org\/2000\/svg\" viewBox=\"0 0 512 512\" class=\"svg-inline--fa fa-chart-bar fa-w-16 fa-2x\"><path fill=\"currentColor\" d=\"M396.8 352h22.4c6.4 0 12.8-6.4 12.8-12.8V108.8c0-6.4-6.4-12.8-12.8-12.8h-22.4c-6.4 0-12.8 6.4-12.8 12.8v230.4c0 6.4 6.4 12.8 12.8 12.8zm-192 0h22.4c6.4 0 12.8-6.4 12.8-12.8V140.8c0-6.4-6.4-12.8-12.8-12.8h-22.4c-6.4 0-12.8 6.4-12.8 12.8v198.4c0 6.4 6.4 12.8 12.8 12.8zm96 0h22.4c6.4 0 12.8-6.4 12.8-12.8V204.8c0-6.4-6.4-12.8-12.8-12.8h-22.4c-6.4 0-12.8 6.4-12.8 12.8v134.4c0 6.4 6.4 12.8 12.8 12.8zM496 400H48V80c0-8.84-7.16-16-16-16H16C7.16 64 0 71.16 0 80v336c0 17.67 14.33 32 32 32h464c8.84 0 16-7.16 16-16v-16c0-8.84-7.16-16-16-16zm-387.2-48h22.4c6.4 0 12.8-6.4 12.8-12.8v-70.4c0-6.4-6.4-12.8-12.8-12.8h-22.4c-6.4 0-12.8 6.4-12.8 12.8v70.4c0 6.4 6.4 12.8 12.8 12.8z\" class=\"\"><\/path><\/svg><\/i> <img loading=\"lazy\" decoding=\"async\" width=\"16\" height=\"16\" alt=\"Loading\" src=\"https:\/\/temucotelevision.cl\/web\/wp-content\/plugins\/page-views-count\/ajax-loader-2x.gif\" border=0 \/><\/p>\n<div class=\"pvc_clear\"><\/div>\n<p>Este a\u00f1o 89 j\u00f3venes que viven en centros residenciales del Servicio de Protecci\u00f3n decidieron matricularse&nbsp; en instituciones t\u00e9cnicas o universitarias<\/p>\n","protected":false},"author":1,"featured_media":48667,"comment_status":"open","ping_status":"open","sticky":false,"template":"","format":"standard","meta":{"colormag_page_container_layout":"default_layout","colormag_page_sidebar_layout":"default_layout","footnotes":""},"categories":[14],"tags":[148,6610],"class_list":["post-48666","post","type-post","status-publish","format-standard","has-post-thumbnail","hentry","category-temuco","tag-educacion","tag-residencias"],"a3_pvc":{"activated":true,"total_views":887,"today_views":3},"_links":{"self":[{"href":"https:\/\/temucotelevision.cl\/web\/wp-json\/wp\/v2\/posts\/48666","targetHints":{"allow":["GET"]}}],"collection":[{"href":"https:\/\/temucotelevision.cl\/web\/wp-json\/wp\/v2\/posts"}],"about":[{"href":"https:\/\/temucotelevision.cl\/web\/wp-json\/wp\/v2\/types\/post"}],"author":[{"embeddable":true,"href":"https:\/\/temucotelevision.cl\/web\/wp-json\/wp\/v2\/users\/1"}],"replies":[{"embeddable":true,"href":"https:\/\/temucotelevision.cl\/web\/wp-json\/wp\/v2\/comments?post=48666"}],"version-history":[{"count":1,"href":"https:\/\/temucotelevision.cl\/web\/wp-json\/wp\/v2\/posts\/48666\/revisions"}],"predecessor-version":[{"id":48668,"href":"https:\/\/temucotelevision.cl\/web\/wp-json\/wp\/v2\/posts\/48666\/revisions\/48668"}],"wp:featuredmedia":[{"embeddable":true,"href":"https:\/\/temucotelevision.cl\/web\/wp-json\/wp\/v2\/media\/48667"}],"wp:attachment":[{"href":"https:\/\/temucotelevision.cl\/web\/wp-json\/wp\/v2\/media?parent=48666"}],"wp:term":[{"taxonomy":"category","embeddable":true,"href":"https:\/\/temucotelevision.cl\/web\/wp-json\/wp\/v2\/categories?post=48666"},{"taxonomy":"post_tag","embeddable":true,"href":"https:\/\/temucotelevision.cl\/web\/wp-json\/wp\/v2\/tags?post=48666"}],"curies":[{"name":"wp","href":"https:\/\/api.w.org\/{rel}","templated":true}]}}