{"id":48663,"date":"2024-03-20T11:17:35","date_gmt":"2024-03-20T14:17:35","guid":{"rendered":"https:\/\/temucotelevision.cl\/web\/?p=48663"},"modified":"2024-03-20T11:17:35","modified_gmt":"2024-03-20T14:17:35","slug":"diputado-jorge-rathgeb-tras-votar-a-favor-de-la-ley-de-proteccion-a-la-prensa-y-trabajadores-de-las-comunicaciones-oficia-a-carabineros","status":"publish","type":"post","link":"https:\/\/temucotelevision.cl\/web\/2024\/03\/20\/diputado-jorge-rathgeb-tras-votar-a-favor-de-la-ley-de-proteccion-a-la-prensa-y-trabajadores-de-las-comunicaciones-oficia-a-carabineros\/","title":{"rendered":"Diputado Jorge Rathgeb tras votar a favor de la ley de protecci\u00f3n a la prensa y trabajadores de las comunicaciones oficia a Carabineros"},"content":{"rendered":"<div class=\"pvc_clear\"><\/div><p id=\"pvc_stats_48663\" class=\"pvc_stats total_only  \" data-element-id=\"48663\" style=\"\"><i class=\"pvc-stats-icon large\" aria-hidden=\"true\"><svg aria-hidden=\"true\" focusable=\"false\" data-prefix=\"far\" data-icon=\"chart-bar\" role=\"img\" xmlns=\"http:\/\/www.w3.org\/2000\/svg\" viewBox=\"0 0 512 512\" class=\"svg-inline--fa fa-chart-bar fa-w-16 fa-2x\"><path fill=\"currentColor\" d=\"M396.8 352h22.4c6.4 0 12.8-6.4 12.8-12.8V108.8c0-6.4-6.4-12.8-12.8-12.8h-22.4c-6.4 0-12.8 6.4-12.8 12.8v230.4c0 6.4 6.4 12.8 12.8 12.8zm-192 0h22.4c6.4 0 12.8-6.4 12.8-12.8V140.8c0-6.4-6.4-12.8-12.8-12.8h-22.4c-6.4 0-12.8 6.4-12.8 12.8v198.4c0 6.4 6.4 12.8 12.8 12.8zm96 0h22.4c6.4 0 12.8-6.4 12.8-12.8V204.8c0-6.4-6.4-12.8-12.8-12.8h-22.4c-6.4 0-12.8 6.4-12.8 12.8v134.4c0 6.4 6.4 12.8 12.8 12.8zM496 400H48V80c0-8.84-7.16-16-16-16H16C7.16 64 0 71.16 0 80v336c0 17.67 14.33 32 32 32h464c8.84 0 16-7.16 16-16v-16c0-8.84-7.16-16-16-16zm-387.2-48h22.4c6.4 0 12.8-6.4 12.8-12.8v-70.4c0-6.4-6.4-12.8-12.8-12.8h-22.4c-6.4 0-12.8 6.4-12.8 12.8v70.4c0 6.4 6.4 12.8 12.8 12.8z\" class=\"\"><\/path><\/svg><\/i> <img loading=\"lazy\" decoding=\"async\" width=\"16\" height=\"16\" alt=\"Loading\" src=\"https:\/\/temucotelevision.cl\/web\/wp-content\/plugins\/page-views-count\/ajax-loader-2x.gif\" border=0 \/><\/p><div class=\"pvc_clear\"><\/div>\n<p><strong>Para el legislador es importante que se aclare el uso desmedido de la fuerza que aplicaron efectivos policiales en contra de los profesionales que reporteaban el hecho y contra los agricultores que se encontraban movilizados.<\/strong><\/p>\n\n\n\n<p>En la ruta 5 sur a la altura de la comuna de Victoria se vivieron momentos complejos en el marco de la movilizaci\u00f3n que protagonizaban los agricultores, momentos en que Carabineros roci\u00f3 gases en contra de los manifestantes y a la vez contra los equipos de prensa apostados en el lugar y la detenci\u00f3n de un camar\u00f3grafo de UATV.<\/p>\n\n\n\n<p>Con el fin de que se aclare el uso desmedido de la fuerza que aplicaron las fuerzas policiales y a la vez se pueda identificar si existieron \u00f3rdenes de superiores para llevar a cabo esto, es que el diputado de Renovaci\u00f3n Nacional por La Araucan\u00eda, Jorge Rathgeb Schifferli, ofici\u00f3 a Carabineros.<\/p>\n\n\n\n<p>La idea es que no se repitan estos hechos menos en el marco de una movilizaci\u00f3n pac\u00edfica, que concluy\u00f3 con detenidos y donde se obstruy\u00f3 a que los equipos de la prensa pudieran realizar su labor.<\/p>\n\n\n\n<p>Rathgeb indic\u00f3 que con esta acci\u00f3n necesita saber con detalles que fue lo que ocurri\u00f3 y el porqu\u00e9 de esta actitud.<\/p>\n\n\n\n<p>\u201cHubo una fuerza desmedida respecto del actuar de Carabineros tanto hacia las personas que se manifestaban pac\u00edficamente en la ruta y en contra de la prensa donde fueron rociados con gas disuasivos personal que cubr\u00eda estos hechos, solicito saber si existi\u00f3 una orden distinta o superior del Gobierno frente a este actuar\u201d, se\u00f1al\u00f3 el congresista que vot\u00f3 a favor de la ley de protecci\u00f3n a los equipos period\u00edsticos en el ejercicio de sus labores.<\/p>\n\n\n\n<p>Para el parlamentario esto se debe aclarar, debido a que se vulner\u00f3 el libre ejercicio reporteril y a la vez se neg\u00f3 el libre ejercicio de los agricultores a manifestarse.<\/p>\n","protected":false},"excerpt":{"rendered":"<div class=\"pvc_clear\"><\/div>\n<p id=\"pvc_stats_48663\" class=\"pvc_stats total_only  \" data-element-id=\"48663\" style=\"\"><i class=\"pvc-stats-icon large\" aria-hidden=\"true\"><svg aria-hidden=\"true\" focusable=\"false\" data-prefix=\"far\" data-icon=\"chart-bar\" role=\"img\" xmlns=\"http:\/\/www.w3.org\/2000\/svg\" viewBox=\"0 0 512 512\" class=\"svg-inline--fa fa-chart-bar fa-w-16 fa-2x\"><path fill=\"currentColor\" d=\"M396.8 352h22.4c6.4 0 12.8-6.4 12.8-12.8V108.8c0-6.4-6.4-12.8-12.8-12.8h-22.4c-6.4 0-12.8 6.4-12.8 12.8v230.4c0 6.4 6.4 12.8 12.8 12.8zm-192 0h22.4c6.4 0 12.8-6.4 12.8-12.8V140.8c0-6.4-6.4-12.8-12.8-12.8h-22.4c-6.4 0-12.8 6.4-12.8 12.8v198.4c0 6.4 6.4 12.8 12.8 12.8zm96 0h22.4c6.4 0 12.8-6.4 12.8-12.8V204.8c0-6.4-6.4-12.8-12.8-12.8h-22.4c-6.4 0-12.8 6.4-12.8 12.8v134.4c0 6.4 6.4 12.8 12.8 12.8zM496 400H48V80c0-8.84-7.16-16-16-16H16C7.16 64 0 71.16 0 80v336c0 17.67 14.33 32 32 32h464c8.84 0 16-7.16 16-16v-16c0-8.84-7.16-16-16-16zm-387.2-48h22.4c6.4 0 12.8-6.4 12.8-12.8v-70.4c0-6.4-6.4-12.8-12.8-12.8h-22.4c-6.4 0-12.8 6.4-12.8 12.8v70.4c0 6.4 6.4 12.8 12.8 12.8z\" class=\"\"><\/path><\/svg><\/i> <img loading=\"lazy\" decoding=\"async\" width=\"16\" height=\"16\" alt=\"Loading\" src=\"https:\/\/temucotelevision.cl\/web\/wp-content\/plugins\/page-views-count\/ajax-loader-2x.gif\" border=0 \/><\/p>\n<div class=\"pvc_clear\"><\/div>\n<p>Para el legislador es importante que se aclare el uso desmedido de la fuerza que aplicaron efectivos policiales en contra<\/p>\n","protected":false},"author":1,"featured_media":48664,"comment_status":"open","ping_status":"open","sticky":false,"template":"","format":"standard","meta":{"colormag_page_container_layout":"default_layout","colormag_page_sidebar_layout":"default_layout","footnotes":""},"categories":[15],"tags":[154,1828],"class_list":["post-48663","post","type-post","status-publish","format-standard","has-post-thumbnail","hentry","category-la-araucania","tag-diputado","tag-prensa"],"a3_pvc":{"activated":true,"total_views":4301,"today_views":0},"_links":{"self":[{"href":"https:\/\/temucotelevision.cl\/web\/wp-json\/wp\/v2\/posts\/48663","targetHints":{"allow":["GET"]}}],"collection":[{"href":"https:\/\/temucotelevision.cl\/web\/wp-json\/wp\/v2\/posts"}],"about":[{"href":"https:\/\/temucotelevision.cl\/web\/wp-json\/wp\/v2\/types\/post"}],"author":[{"embeddable":true,"href":"https:\/\/temucotelevision.cl\/web\/wp-json\/wp\/v2\/users\/1"}],"replies":[{"embeddable":true,"href":"https:\/\/temucotelevision.cl\/web\/wp-json\/wp\/v2\/comments?post=48663"}],"version-history":[{"count":1,"href":"https:\/\/temucotelevision.cl\/web\/wp-json\/wp\/v2\/posts\/48663\/revisions"}],"predecessor-version":[{"id":48665,"href":"https:\/\/temucotelevision.cl\/web\/wp-json\/wp\/v2\/posts\/48663\/revisions\/48665"}],"wp:featuredmedia":[{"embeddable":true,"href":"https:\/\/temucotelevision.cl\/web\/wp-json\/wp\/v2\/media\/48664"}],"wp:attachment":[{"href":"https:\/\/temucotelevision.cl\/web\/wp-json\/wp\/v2\/media?parent=48663"}],"wp:term":[{"taxonomy":"category","embeddable":true,"href":"https:\/\/temucotelevision.cl\/web\/wp-json\/wp\/v2\/categories?post=48663"},{"taxonomy":"post_tag","embeddable":true,"href":"https:\/\/temucotelevision.cl\/web\/wp-json\/wp\/v2\/tags?post=48663"}],"curies":[{"name":"wp","href":"https:\/\/api.w.org\/{rel}","templated":true}]}}