{"id":48661,"date":"2024-03-20T11:09:46","date_gmt":"2024-03-20T14:09:46","guid":{"rendered":"https:\/\/temucotelevision.cl\/web\/?p=48661"},"modified":"2024-03-20T11:09:46","modified_gmt":"2024-03-20T14:09:46","slug":"senador-bianchi-por-pensiones-no-estoy-disponible-mientras-se-mantenga-la-tabla-de-mortalidad-hasta-los-110-anos-y-los-afiliados-sigan-asumiendo-solos-las-perdidas","status":"publish","type":"post","link":"https:\/\/temucotelevision.cl\/web\/2024\/03\/20\/senador-bianchi-por-pensiones-no-estoy-disponible-mientras-se-mantenga-la-tabla-de-mortalidad-hasta-los-110-anos-y-los-afiliados-sigan-asumiendo-solos-las-perdidas\/","title":{"rendered":"Senador Bianchi por pensiones: \u201cNo estoy disponible mientras se mantenga la tabla de mortalidad hasta los 110 a\u00f1os y los afiliados sigan asumiendo solos las p\u00e9rdidas\u201d\u00a0"},"content":{"rendered":"<div class=\"pvc_clear\"><\/div><p id=\"pvc_stats_48661\" class=\"pvc_stats total_only  \" data-element-id=\"48661\" style=\"\"><i class=\"pvc-stats-icon large\" aria-hidden=\"true\"><svg aria-hidden=\"true\" focusable=\"false\" data-prefix=\"far\" data-icon=\"chart-bar\" role=\"img\" xmlns=\"http:\/\/www.w3.org\/2000\/svg\" viewBox=\"0 0 512 512\" class=\"svg-inline--fa fa-chart-bar fa-w-16 fa-2x\"><path fill=\"currentColor\" d=\"M396.8 352h22.4c6.4 0 12.8-6.4 12.8-12.8V108.8c0-6.4-6.4-12.8-12.8-12.8h-22.4c-6.4 0-12.8 6.4-12.8 12.8v230.4c0 6.4 6.4 12.8 12.8 12.8zm-192 0h22.4c6.4 0 12.8-6.4 12.8-12.8V140.8c0-6.4-6.4-12.8-12.8-12.8h-22.4c-6.4 0-12.8 6.4-12.8 12.8v198.4c0 6.4 6.4 12.8 12.8 12.8zm96 0h22.4c6.4 0 12.8-6.4 12.8-12.8V204.8c0-6.4-6.4-12.8-12.8-12.8h-22.4c-6.4 0-12.8 6.4-12.8 12.8v134.4c0 6.4 6.4 12.8 12.8 12.8zM496 400H48V80c0-8.84-7.16-16-16-16H16C7.16 64 0 71.16 0 80v336c0 17.67 14.33 32 32 32h464c8.84 0 16-7.16 16-16v-16c0-8.84-7.16-16-16-16zm-387.2-48h22.4c6.4 0 12.8-6.4 12.8-12.8v-70.4c0-6.4-6.4-12.8-12.8-12.8h-22.4c-6.4 0-12.8 6.4-12.8 12.8v70.4c0 6.4 6.4 12.8 12.8 12.8z\" class=\"\"><\/path><\/svg><\/i> <img loading=\"lazy\" decoding=\"async\" width=\"16\" height=\"16\" alt=\"Loading\" src=\"https:\/\/temucotelevision.cl\/web\/wp-content\/plugins\/page-views-count\/ajax-loader-2x.gif\" border=0 \/><\/p><div class=\"pvc_clear\"><\/div>\n<p>Este mi\u00e9rcoles continuar\u00e1 la discusi\u00f3n de la reforma de pensiones en la comisi\u00f3n de Trabajo y Previsi\u00f3n Social del Senado, donde se busca llegar a acuerdo para que este proyecto llegue a la sala de la c\u00e1mara Alta y al respecto el Senador miembro de la comisi\u00f3n, Karim Bianchi aclar\u00f3 \u201cno queremos m\u00e1s pensiones de hambre, sino que las mejores pensiones para Chile y eso buscaremos desde esta vereda\u201d.<\/p>\n\n\n\n<p>El Ejecutivo ha mantenido la postura sobre el apoyo a la f\u00f3rmula 3 y 3 de distribuci\u00f3n de la cotizaci\u00f3n adicional, corregir inequidades de g\u00e9nero, entre otras. Al respecto, el parlamentario dijo que &#8220;mientras se siga considerando una tabla de mortalidad hasta los 110 a\u00f1os y los afiliados sigan asumiendo solos las p\u00e9rdidas yo no estoy para dar mi voto, porque esto no es una reforma es solo un aumento en la cotizaci\u00f3n para satisfacer a los lobbistas y los partidos pol\u00edticos&#8221;.<\/p>\n\n\n\n<p>&#8220;Hoy d\u00eda el Gobierno nos dice que desaparecen las AFP pero nos genera un sistema de rentas vitalicias, de aseguradoras, donde al final los due\u00f1os son los mismos y por tanto el sistema sigue siendo de inversiones y no de seguridad social. Seamos claros, la reforma de pensiones era la \u00faltima forma que ten\u00eda el Gobierno para demostrar que iba a hacer alg\u00fan cambio importante en nuestro pa\u00eds y esto no es en ning\u00fan caso una reforma. Las pensiones tienen que ser un tema t\u00e9cnico, no un tema pol\u00edtico y hoy d\u00eda ha dejado al Ejecutivo contento a muchos pol\u00edticos pero no a los pensionados de nuestro pa\u00eds que van a seguir viendo la misma pensi\u00f3n miserable\u201d, argument\u00f3 el legislador.<\/p>\n\n\n\n<p>Finalmente el parlamentario advirti\u00f3 \u201cnosotros tenemos tres propuestas para mejorar las pensiones, que no representan ning\u00fan costo para el pa\u00eds, como son eliminar la tabla de mortalidad hasta los 110 a\u00f1os y colocar para quienes viven m\u00e1s de 85 a\u00f1os un seguro de longevidad, en segundo lugar los administradores de los multifondos son ellos, las personas no tienen porqu\u00e9 saber en qu\u00e9 fondo deben estar y tercero tenemos que eliminar que las p\u00e9rdidas, solamente las asume el afiliado\u201d.<\/p>\n","protected":false},"excerpt":{"rendered":"<div class=\"pvc_clear\"><\/div>\n<p id=\"pvc_stats_48661\" class=\"pvc_stats total_only  \" data-element-id=\"48661\" style=\"\"><i class=\"pvc-stats-icon large\" aria-hidden=\"true\"><svg aria-hidden=\"true\" focusable=\"false\" data-prefix=\"far\" data-icon=\"chart-bar\" role=\"img\" xmlns=\"http:\/\/www.w3.org\/2000\/svg\" viewBox=\"0 0 512 512\" class=\"svg-inline--fa fa-chart-bar fa-w-16 fa-2x\"><path fill=\"currentColor\" d=\"M396.8 352h22.4c6.4 0 12.8-6.4 12.8-12.8V108.8c0-6.4-6.4-12.8-12.8-12.8h-22.4c-6.4 0-12.8 6.4-12.8 12.8v230.4c0 6.4 6.4 12.8 12.8 12.8zm-192 0h22.4c6.4 0 12.8-6.4 12.8-12.8V140.8c0-6.4-6.4-12.8-12.8-12.8h-22.4c-6.4 0-12.8 6.4-12.8 12.8v198.4c0 6.4 6.4 12.8 12.8 12.8zm96 0h22.4c6.4 0 12.8-6.4 12.8-12.8V204.8c0-6.4-6.4-12.8-12.8-12.8h-22.4c-6.4 0-12.8 6.4-12.8 12.8v134.4c0 6.4 6.4 12.8 12.8 12.8zM496 400H48V80c0-8.84-7.16-16-16-16H16C7.16 64 0 71.16 0 80v336c0 17.67 14.33 32 32 32h464c8.84 0 16-7.16 16-16v-16c0-8.84-7.16-16-16-16zm-387.2-48h22.4c6.4 0 12.8-6.4 12.8-12.8v-70.4c0-6.4-6.4-12.8-12.8-12.8h-22.4c-6.4 0-12.8 6.4-12.8 12.8v70.4c0 6.4 6.4 12.8 12.8 12.8z\" class=\"\"><\/path><\/svg><\/i> <img loading=\"lazy\" decoding=\"async\" width=\"16\" height=\"16\" alt=\"Loading\" src=\"https:\/\/temucotelevision.cl\/web\/wp-content\/plugins\/page-views-count\/ajax-loader-2x.gif\" border=0 \/><\/p>\n<div class=\"pvc_clear\"><\/div>\n<p>Este mi\u00e9rcoles continuar\u00e1 la discusi\u00f3n de la reforma de pensiones en la comisi\u00f3n de Trabajo y Previsi\u00f3n Social del Senado,<\/p>\n","protected":false},"author":1,"featured_media":48584,"comment_status":"open","ping_status":"open","sticky":false,"template":"","format":"standard","meta":{"colormag_page_container_layout":"default_layout","colormag_page_sidebar_layout":"default_layout","footnotes":""},"categories":[84],"tags":[1261],"class_list":["post-48661","post","type-post","status-publish","format-standard","has-post-thumbnail","hentry","category-politica","tag-senador"],"a3_pvc":{"activated":true,"total_views":1071,"today_views":0},"_links":{"self":[{"href":"https:\/\/temucotelevision.cl\/web\/wp-json\/wp\/v2\/posts\/48661","targetHints":{"allow":["GET"]}}],"collection":[{"href":"https:\/\/temucotelevision.cl\/web\/wp-json\/wp\/v2\/posts"}],"about":[{"href":"https:\/\/temucotelevision.cl\/web\/wp-json\/wp\/v2\/types\/post"}],"author":[{"embeddable":true,"href":"https:\/\/temucotelevision.cl\/web\/wp-json\/wp\/v2\/users\/1"}],"replies":[{"embeddable":true,"href":"https:\/\/temucotelevision.cl\/web\/wp-json\/wp\/v2\/comments?post=48661"}],"version-history":[{"count":1,"href":"https:\/\/temucotelevision.cl\/web\/wp-json\/wp\/v2\/posts\/48661\/revisions"}],"predecessor-version":[{"id":48662,"href":"https:\/\/temucotelevision.cl\/web\/wp-json\/wp\/v2\/posts\/48661\/revisions\/48662"}],"wp:featuredmedia":[{"embeddable":true,"href":"https:\/\/temucotelevision.cl\/web\/wp-json\/wp\/v2\/media\/48584"}],"wp:attachment":[{"href":"https:\/\/temucotelevision.cl\/web\/wp-json\/wp\/v2\/media?parent=48661"}],"wp:term":[{"taxonomy":"category","embeddable":true,"href":"https:\/\/temucotelevision.cl\/web\/wp-json\/wp\/v2\/categories?post=48661"},{"taxonomy":"post_tag","embeddable":true,"href":"https:\/\/temucotelevision.cl\/web\/wp-json\/wp\/v2\/tags?post=48661"}],"curies":[{"name":"wp","href":"https:\/\/api.w.org\/{rel}","templated":true}]}}