{"id":48651,"date":"2024-03-19T18:01:07","date_gmt":"2024-03-19T21:01:07","guid":{"rendered":"https:\/\/temucotelevision.cl\/web\/?p=48651"},"modified":"2024-03-19T18:04:59","modified_gmt":"2024-03-19T21:04:59","slug":"diputado-jorge-rathgeb-por-nuevos-ataques-incendiarios-en-la-araucania-el-gobierno-no-entiende-el-modo-de-operar-de-estos-grupos","status":"publish","type":"post","link":"https:\/\/temucotelevision.cl\/web\/2024\/03\/19\/diputado-jorge-rathgeb-por-nuevos-ataques-incendiarios-en-la-araucania-el-gobierno-no-entiende-el-modo-de-operar-de-estos-grupos\/","title":{"rendered":"Diputado Jorge Rathgeb por nuevos ataques incendiarios en La Araucan\u00eda: \u201cEl Gobierno no entiende el modo de operar de estos grupos\u201d"},"content":{"rendered":"<div class=\"pvc_clear\"><\/div><p id=\"pvc_stats_48651\" class=\"pvc_stats total_only  \" data-element-id=\"48651\" style=\"\"><i class=\"pvc-stats-icon large\" aria-hidden=\"true\"><svg aria-hidden=\"true\" focusable=\"false\" data-prefix=\"far\" data-icon=\"chart-bar\" role=\"img\" xmlns=\"http:\/\/www.w3.org\/2000\/svg\" viewBox=\"0 0 512 512\" class=\"svg-inline--fa fa-chart-bar fa-w-16 fa-2x\"><path fill=\"currentColor\" d=\"M396.8 352h22.4c6.4 0 12.8-6.4 12.8-12.8V108.8c0-6.4-6.4-12.8-12.8-12.8h-22.4c-6.4 0-12.8 6.4-12.8 12.8v230.4c0 6.4 6.4 12.8 12.8 12.8zm-192 0h22.4c6.4 0 12.8-6.4 12.8-12.8V140.8c0-6.4-6.4-12.8-12.8-12.8h-22.4c-6.4 0-12.8 6.4-12.8 12.8v198.4c0 6.4 6.4 12.8 12.8 12.8zm96 0h22.4c6.4 0 12.8-6.4 12.8-12.8V204.8c0-6.4-6.4-12.8-12.8-12.8h-22.4c-6.4 0-12.8 6.4-12.8 12.8v134.4c0 6.4 6.4 12.8 12.8 12.8zM496 400H48V80c0-8.84-7.16-16-16-16H16C7.16 64 0 71.16 0 80v336c0 17.67 14.33 32 32 32h464c8.84 0 16-7.16 16-16v-16c0-8.84-7.16-16-16-16zm-387.2-48h22.4c6.4 0 12.8-6.4 12.8-12.8v-70.4c0-6.4-6.4-12.8-12.8-12.8h-22.4c-6.4 0-12.8 6.4-12.8 12.8v70.4c0 6.4 6.4 12.8 12.8 12.8z\" class=\"\"><\/path><\/svg><\/i> <img loading=\"lazy\" decoding=\"async\" width=\"16\" height=\"16\" alt=\"Loading\" src=\"https:\/\/temucotelevision.cl\/web\/wp-content\/plugins\/page-views-count\/ajax-loader-2x.gif\" border=0 \/><\/p><div class=\"pvc_clear\"><\/div>\n<p><strong>El legislador coment\u00f3 que, si hay un comunero que est\u00e1 enfrentando la justicia y por el cual se ratific\u00f3 la condena por la muerte del Carabinero Na\u00edn, era l\u00f3gico que se produjeran esta clase de hechos y que es en estos casos donde las autoridades se deben anticipar.<\/strong><\/p>\n\n\n\n<p>Dos ataques incendiarios se produjeron en menos de 24 horas en La Araucan\u00eda, esta vez en las comunas de Freire y tambi\u00e9n de Vilc\u00fan, dejando millonarias p\u00e9rdidas y donde tambi\u00e9n se dejaron lienzos de reivindicaci\u00f3n.<\/p>\n\n\n\n<p>El diputado de Renovaci\u00f3n Nacional por La Araucan\u00eda y presidente regional de la colectividad, Jorge Rathgeb Schifferli, se\u00f1al\u00f3 que siempre cuando hay procesos judiciales o fallos relacionados al conflicto, se producen esta clase de hechos y que la responsabilidad de no actuar es del Gobierno.<\/p>\n\n\n\n<p>Rathgeb coment\u00f3 que las evidencias sobre estos hechos son evidentes y que es siempre reiterativo que cuando no hay acuerdo a dict\u00e1menes judiciales, ocurren ataques o hechos de violencia, raz\u00f3n por la cual el Ejecutivo tiene que anticiparse.<\/p>\n\n\n\n<p>El congresista por La Araucan\u00eda indic\u00f3 que tambi\u00e9n ac\u00e1 existe otro tema menor y es que si bien de un tiempo a esta parte los hechos han bajado, las autoridades pecaron de inocentes al demostrar las estad\u00edsticas porque eso produce el efecto contrario en los grupos que est\u00e1n detr\u00e1s de los ataques.<\/p>\n\n\n\n<p>\u201cFrente a la \u00faltima condena por el asesinato del Carabinero Nain, era de esperar los hechos de violencia y aqu\u00ed vemos que el Gobierno no act\u00faa en forma oportuna, porque cada vez que hay una situaci\u00f3n de esta naturaleza, hay actos como estos. Nuevamente las autoridades se est\u00e1n quedando atr\u00e1s en lo que significa prever o anticiparse a los acontecimientos que tenemos en La Araucan\u00eda\u201d, indic\u00f3 el diputado Rathgeb.<\/p>\n\n\n\n<p>El legislador agreg\u00f3 que tambi\u00e9n existe otro hecho que se debe tomar en cuenta y es la normalidad en las actividades cotidianas luego del periodo estival, lo cual abre la puerta a que se reiteren estos hechos y obliga a estar m\u00e1s atentos a lo que pueda ocurrir.<\/p>\n\n\n\n<p><\/p>\n","protected":false},"excerpt":{"rendered":"<div class=\"pvc_clear\"><\/div>\n<p id=\"pvc_stats_48651\" class=\"pvc_stats total_only  \" data-element-id=\"48651\" style=\"\"><i class=\"pvc-stats-icon large\" aria-hidden=\"true\"><svg aria-hidden=\"true\" focusable=\"false\" data-prefix=\"far\" data-icon=\"chart-bar\" role=\"img\" xmlns=\"http:\/\/www.w3.org\/2000\/svg\" viewBox=\"0 0 512 512\" class=\"svg-inline--fa fa-chart-bar fa-w-16 fa-2x\"><path fill=\"currentColor\" d=\"M396.8 352h22.4c6.4 0 12.8-6.4 12.8-12.8V108.8c0-6.4-6.4-12.8-12.8-12.8h-22.4c-6.4 0-12.8 6.4-12.8 12.8v230.4c0 6.4 6.4 12.8 12.8 12.8zm-192 0h22.4c6.4 0 12.8-6.4 12.8-12.8V140.8c0-6.4-6.4-12.8-12.8-12.8h-22.4c-6.4 0-12.8 6.4-12.8 12.8v198.4c0 6.4 6.4 12.8 12.8 12.8zm96 0h22.4c6.4 0 12.8-6.4 12.8-12.8V204.8c0-6.4-6.4-12.8-12.8-12.8h-22.4c-6.4 0-12.8 6.4-12.8 12.8v134.4c0 6.4 6.4 12.8 12.8 12.8zM496 400H48V80c0-8.84-7.16-16-16-16H16C7.16 64 0 71.16 0 80v336c0 17.67 14.33 32 32 32h464c8.84 0 16-7.16 16-16v-16c0-8.84-7.16-16-16-16zm-387.2-48h22.4c6.4 0 12.8-6.4 12.8-12.8v-70.4c0-6.4-6.4-12.8-12.8-12.8h-22.4c-6.4 0-12.8 6.4-12.8 12.8v70.4c0 6.4 6.4 12.8 12.8 12.8z\" class=\"\"><\/path><\/svg><\/i> <img loading=\"lazy\" decoding=\"async\" width=\"16\" height=\"16\" alt=\"Loading\" src=\"https:\/\/temucotelevision.cl\/web\/wp-content\/plugins\/page-views-count\/ajax-loader-2x.gif\" border=0 \/><\/p>\n<div class=\"pvc_clear\"><\/div>\n<p>El legislador coment\u00f3 que, si hay un comunero que est\u00e1 enfrentando la justicia y por el cual se ratific\u00f3 la<\/p>\n","protected":false},"author":1,"featured_media":48629,"comment_status":"open","ping_status":"open","sticky":false,"template":"","format":"standard","meta":{"colormag_page_container_layout":"default_layout","colormag_page_sidebar_layout":"default_layout","footnotes":""},"categories":[84],"tags":[1236,154],"class_list":["post-48651","post","type-post","status-publish","format-standard","has-post-thumbnail","hentry","category-politica","tag-ataques","tag-diputado"],"a3_pvc":{"activated":true,"total_views":4144,"today_views":0},"_links":{"self":[{"href":"https:\/\/temucotelevision.cl\/web\/wp-json\/wp\/v2\/posts\/48651","targetHints":{"allow":["GET"]}}],"collection":[{"href":"https:\/\/temucotelevision.cl\/web\/wp-json\/wp\/v2\/posts"}],"about":[{"href":"https:\/\/temucotelevision.cl\/web\/wp-json\/wp\/v2\/types\/post"}],"author":[{"embeddable":true,"href":"https:\/\/temucotelevision.cl\/web\/wp-json\/wp\/v2\/users\/1"}],"replies":[{"embeddable":true,"href":"https:\/\/temucotelevision.cl\/web\/wp-json\/wp\/v2\/comments?post=48651"}],"version-history":[{"count":2,"href":"https:\/\/temucotelevision.cl\/web\/wp-json\/wp\/v2\/posts\/48651\/revisions"}],"predecessor-version":[{"id":48654,"href":"https:\/\/temucotelevision.cl\/web\/wp-json\/wp\/v2\/posts\/48651\/revisions\/48654"}],"wp:featuredmedia":[{"embeddable":true,"href":"https:\/\/temucotelevision.cl\/web\/wp-json\/wp\/v2\/media\/48629"}],"wp:attachment":[{"href":"https:\/\/temucotelevision.cl\/web\/wp-json\/wp\/v2\/media?parent=48651"}],"wp:term":[{"taxonomy":"category","embeddable":true,"href":"https:\/\/temucotelevision.cl\/web\/wp-json\/wp\/v2\/categories?post=48651"},{"taxonomy":"post_tag","embeddable":true,"href":"https:\/\/temucotelevision.cl\/web\/wp-json\/wp\/v2\/tags?post=48651"}],"curies":[{"name":"wp","href":"https:\/\/api.w.org\/{rel}","templated":true}]}}