{"id":48648,"date":"2024-03-19T17:56:40","date_gmt":"2024-03-19T20:56:40","guid":{"rendered":"https:\/\/temucotelevision.cl\/web\/?p=48648"},"modified":"2024-03-19T17:56:41","modified_gmt":"2024-03-19T20:56:41","slug":"street-karting-temuco-2024-convoco-a-mas-de-tres-mil-personas-en-el-frontis-del-parque-estadio-municipal","status":"publish","type":"post","link":"https:\/\/temucotelevision.cl\/web\/2024\/03\/19\/street-karting-temuco-2024-convoco-a-mas-de-tres-mil-personas-en-el-frontis-del-parque-estadio-municipal\/","title":{"rendered":"Street Karting Temuco 2024 convoc\u00f3 a m\u00e1s de tres mil personas en el frontis del parque estadio municipal"},"content":{"rendered":"<div class=\"pvc_clear\"><\/div><p id=\"pvc_stats_48648\" class=\"pvc_stats total_only  \" data-element-id=\"48648\" style=\"\"><i class=\"pvc-stats-icon large\" aria-hidden=\"true\"><svg aria-hidden=\"true\" focusable=\"false\" data-prefix=\"far\" data-icon=\"chart-bar\" role=\"img\" xmlns=\"http:\/\/www.w3.org\/2000\/svg\" viewBox=\"0 0 512 512\" class=\"svg-inline--fa fa-chart-bar fa-w-16 fa-2x\"><path fill=\"currentColor\" d=\"M396.8 352h22.4c6.4 0 12.8-6.4 12.8-12.8V108.8c0-6.4-6.4-12.8-12.8-12.8h-22.4c-6.4 0-12.8 6.4-12.8 12.8v230.4c0 6.4 6.4 12.8 12.8 12.8zm-192 0h22.4c6.4 0 12.8-6.4 12.8-12.8V140.8c0-6.4-6.4-12.8-12.8-12.8h-22.4c-6.4 0-12.8 6.4-12.8 12.8v198.4c0 6.4 6.4 12.8 12.8 12.8zm96 0h22.4c6.4 0 12.8-6.4 12.8-12.8V204.8c0-6.4-6.4-12.8-12.8-12.8h-22.4c-6.4 0-12.8 6.4-12.8 12.8v134.4c0 6.4 6.4 12.8 12.8 12.8zM496 400H48V80c0-8.84-7.16-16-16-16H16C7.16 64 0 71.16 0 80v336c0 17.67 14.33 32 32 32h464c8.84 0 16-7.16 16-16v-16c0-8.84-7.16-16-16-16zm-387.2-48h22.4c6.4 0 12.8-6.4 12.8-12.8v-70.4c0-6.4-6.4-12.8-12.8-12.8h-22.4c-6.4 0-12.8 6.4-12.8 12.8v70.4c0 6.4 6.4 12.8 12.8 12.8z\" class=\"\"><\/path><\/svg><\/i> <img loading=\"lazy\" decoding=\"async\" width=\"16\" height=\"16\" alt=\"Loading\" src=\"https:\/\/temucotelevision.cl\/web\/wp-content\/plugins\/page-views-count\/ajax-loader-2x.gif\" border=0 \/><\/p><div class=\"pvc_clear\"><\/div>\n<p><em>La primera versi\u00f3n del evento, organizado por la Municipalidad de Temuco, la Corporaci\u00f3n de Deportes la Agrupaci\u00f3n Temuko Karting, se desarroll\u00f3 con \u00e9xito el domingo haciendo disfrutar a miles de amantes de los motores.<\/em><\/p>\n\n\n\n<p>&#8220;Street Karting Temuco 2024&#8221;, es una iniciativa, organizada por la Corporaci\u00f3n Municipal de Deportes de Temuco, y de manera colaborativa por diversas direcciones municipales y la Agrupaci\u00f3n Automovil\u00edstica \u201cTemuko Karting. Esta actividad, que se realiza por primera vez en el sur de Chile, logr\u00f3 convocar a m\u00e1s de 3.000 vecinas y vecinos, quienes llegaron hasta la Avenida Pablo Neruda, lugar que comenz\u00f3 a sentir el rugir de los motores desde las 16.00 horas, con tres tipos de carreras y con pilotos desde los ocho a\u00f1os.<\/p>\n\n\n\n<p>Luego de dar el inicio de la carrera flameando la bandera verde, el alcalde Roberto Neira Aburto recalc\u00f3: \u201cestamos muy contentos porque logramos traer una nueva actividad deportiva que atrajo a muchos interesados de lo que es el deporte tuerca, donde, en conjunto con Temuko Karting, la Corporaci\u00f3n Municipal de Deporte y la Municipalidad de Temuco, organizamos esta competencia, una muestra de karting callejero que fue todo un \u00e9xito, no tuvimos ninguna situaci\u00f3n compleja, mucha participaci\u00f3n de la ciudadan\u00eda, y en especial, felicito a los deportistas que dieron una gran competencia por las calles de Temuco, particularmente en la calle Pablo Neruda [\u2026] Estas son las actividades que nos est\u00e1n convirtiendo definitivamente en ser una ciudad del deporte, la capital del sur de Chile del deporte y lo seguimos demostrando con estas actividades\u201d.<\/p>\n\n\n\n<p>Destacando las alianzas p\u00fablico privada, el concejal Alejandro Bizama mencion\u00f3: \u201cfue un tremendo evento por la cantidad de persona que vinieron, las familias, y conocer un deporte que no es tan accesible, y realizarlo por primera vez en Temuco, es una cosa fant\u00e1stica. Las alianzas p\u00fablico privada son un tremendo mecanismo y una forma de generar espacios de participaci\u00f3n de desarrollo, y porque tambi\u00e9n se genera un espacio de turismo, donde pueda venir m\u00e1s gente a la comuna\u201d.<\/p>\n\n\n\n<p>Por su parte, Carlos Araus, presidente la Agrupaci\u00f3n Temuko Karting, detall\u00f3: \u201ces la primera vez que nosotros salimos a las calles de Temuco, esto es gracias a la municipalidad y la corporaci\u00f3n de deportes que nos han apoyado mucho en este tipo de evento. Tenemos ya programado algunas cosas para repetir este evento, quiz\u00e1s una carrera nocturna, y esto sirve para acercar a la gente con el deporte motor, especialmente con el karting, un deporte que de por si no es barato, pero nosotros hemos hecho todos los esfuerzos para lograr que cualquiera que quiera practicarlo, se acerque al club -y no es necesario a que tenga auto-, ya que tenemos una escuela, y as\u00ed guiarlos para que sean parte del club. Agradecemos tambi\u00e9n al alcalde, ya que de esta manera demuestra que el deporte es para todas las disciplinas\u201d.<\/p>\n\n\n\n<p>Destacando el trabajo colaborativo entre las diferentes direcciones municipales y el mundo privado, Marlynne Mu\u00f1oz, gerenta de la Corporaci\u00f3n Municipal de Deportes, destac\u00f3: \u201cestamos tremendamente contento, y esta es una respuesta que se viene repitiendo desde la triatl\u00f3n y las actividades que hemos realizado, y esto es gracias a muchas direcciones municipales y adicionalmente con el mundo privado, que sin duda ha hecho posible todo este evento con 3.000 personas; esto supera todas nuestras expectativas, todo sali\u00f3 con alto nivel de seguridad junto a bomberos, carabineros; y desde ya estamos pensando en lo que se viene que ser\u00eda la Marat\u00f3n de Temuco, as\u00ed que estamos trabajando para traer m\u00e1s deporte a la comuna\u201d.<\/p>\n","protected":false},"excerpt":{"rendered":"<div class=\"pvc_clear\"><\/div>\n<p id=\"pvc_stats_48648\" class=\"pvc_stats total_only  \" data-element-id=\"48648\" style=\"\"><i class=\"pvc-stats-icon large\" aria-hidden=\"true\"><svg aria-hidden=\"true\" focusable=\"false\" data-prefix=\"far\" data-icon=\"chart-bar\" role=\"img\" xmlns=\"http:\/\/www.w3.org\/2000\/svg\" viewBox=\"0 0 512 512\" class=\"svg-inline--fa fa-chart-bar fa-w-16 fa-2x\"><path fill=\"currentColor\" d=\"M396.8 352h22.4c6.4 0 12.8-6.4 12.8-12.8V108.8c0-6.4-6.4-12.8-12.8-12.8h-22.4c-6.4 0-12.8 6.4-12.8 12.8v230.4c0 6.4 6.4 12.8 12.8 12.8zm-192 0h22.4c6.4 0 12.8-6.4 12.8-12.8V140.8c0-6.4-6.4-12.8-12.8-12.8h-22.4c-6.4 0-12.8 6.4-12.8 12.8v198.4c0 6.4 6.4 12.8 12.8 12.8zm96 0h22.4c6.4 0 12.8-6.4 12.8-12.8V204.8c0-6.4-6.4-12.8-12.8-12.8h-22.4c-6.4 0-12.8 6.4-12.8 12.8v134.4c0 6.4 6.4 12.8 12.8 12.8zM496 400H48V80c0-8.84-7.16-16-16-16H16C7.16 64 0 71.16 0 80v336c0 17.67 14.33 32 32 32h464c8.84 0 16-7.16 16-16v-16c0-8.84-7.16-16-16-16zm-387.2-48h22.4c6.4 0 12.8-6.4 12.8-12.8v-70.4c0-6.4-6.4-12.8-12.8-12.8h-22.4c-6.4 0-12.8 6.4-12.8 12.8v70.4c0 6.4 6.4 12.8 12.8 12.8z\" class=\"\"><\/path><\/svg><\/i> <img loading=\"lazy\" decoding=\"async\" width=\"16\" height=\"16\" alt=\"Loading\" src=\"https:\/\/temucotelevision.cl\/web\/wp-content\/plugins\/page-views-count\/ajax-loader-2x.gif\" border=0 \/><\/p>\n<div class=\"pvc_clear\"><\/div>\n<p>La primera versi\u00f3n del evento, organizado por la Municipalidad de Temuco, la Corporaci\u00f3n de Deportes la Agrupaci\u00f3n Temuko Karting, se<\/p>\n","protected":false},"author":1,"featured_media":48649,"comment_status":"open","ping_status":"open","sticky":false,"template":"","format":"standard","meta":{"colormag_page_container_layout":"default_layout","colormag_page_sidebar_layout":"default_layout","footnotes":""},"categories":[86],"tags":[6963,279],"class_list":["post-48648","post","type-post","status-publish","format-standard","has-post-thumbnail","hentry","category-panoramas","tag-karting","tag-parque"],"a3_pvc":{"activated":true,"total_views":3333,"today_views":0},"_links":{"self":[{"href":"https:\/\/temucotelevision.cl\/web\/wp-json\/wp\/v2\/posts\/48648","targetHints":{"allow":["GET"]}}],"collection":[{"href":"https:\/\/temucotelevision.cl\/web\/wp-json\/wp\/v2\/posts"}],"about":[{"href":"https:\/\/temucotelevision.cl\/web\/wp-json\/wp\/v2\/types\/post"}],"author":[{"embeddable":true,"href":"https:\/\/temucotelevision.cl\/web\/wp-json\/wp\/v2\/users\/1"}],"replies":[{"embeddable":true,"href":"https:\/\/temucotelevision.cl\/web\/wp-json\/wp\/v2\/comments?post=48648"}],"version-history":[{"count":1,"href":"https:\/\/temucotelevision.cl\/web\/wp-json\/wp\/v2\/posts\/48648\/revisions"}],"predecessor-version":[{"id":48650,"href":"https:\/\/temucotelevision.cl\/web\/wp-json\/wp\/v2\/posts\/48648\/revisions\/48650"}],"wp:featuredmedia":[{"embeddable":true,"href":"https:\/\/temucotelevision.cl\/web\/wp-json\/wp\/v2\/media\/48649"}],"wp:attachment":[{"href":"https:\/\/temucotelevision.cl\/web\/wp-json\/wp\/v2\/media?parent=48648"}],"wp:term":[{"taxonomy":"category","embeddable":true,"href":"https:\/\/temucotelevision.cl\/web\/wp-json\/wp\/v2\/categories?post=48648"},{"taxonomy":"post_tag","embeddable":true,"href":"https:\/\/temucotelevision.cl\/web\/wp-json\/wp\/v2\/tags?post=48648"}],"curies":[{"name":"wp","href":"https:\/\/api.w.org\/{rel}","templated":true}]}}