{"id":48640,"date":"2024-03-19T17:32:04","date_gmt":"2024-03-19T20:32:04","guid":{"rendered":"https:\/\/temucotelevision.cl\/web\/?p=48640"},"modified":"2024-03-19T17:32:05","modified_gmt":"2024-03-19T20:32:05","slug":"teleton-y-conaf-firman-acuerdo-que-mejorara-el-acceso-de-ninos-ninas-y-jovenes-con-discapacidad-a-parques-y-areas-protegidas-de-chile","status":"publish","type":"post","link":"https:\/\/temucotelevision.cl\/web\/2024\/03\/19\/teleton-y-conaf-firman-acuerdo-que-mejorara-el-acceso-de-ninos-ninas-y-jovenes-con-discapacidad-a-parques-y-areas-protegidas-de-chile\/","title":{"rendered":"Telet\u00f3n y CONAF firman acuerdo que mejorar\u00e1 el acceso de ni\u00f1os, ni\u00f1as y j\u00f3venes con discapacidad a parques y \u00e1reas protegidas de Chile"},"content":{"rendered":"<div class=\"pvc_clear\"><\/div><p id=\"pvc_stats_48640\" class=\"pvc_stats total_only  \" data-element-id=\"48640\" style=\"\"><i class=\"pvc-stats-icon large\" aria-hidden=\"true\"><svg aria-hidden=\"true\" focusable=\"false\" data-prefix=\"far\" data-icon=\"chart-bar\" role=\"img\" xmlns=\"http:\/\/www.w3.org\/2000\/svg\" viewBox=\"0 0 512 512\" class=\"svg-inline--fa fa-chart-bar fa-w-16 fa-2x\"><path fill=\"currentColor\" d=\"M396.8 352h22.4c6.4 0 12.8-6.4 12.8-12.8V108.8c0-6.4-6.4-12.8-12.8-12.8h-22.4c-6.4 0-12.8 6.4-12.8 12.8v230.4c0 6.4 6.4 12.8 12.8 12.8zm-192 0h22.4c6.4 0 12.8-6.4 12.8-12.8V140.8c0-6.4-6.4-12.8-12.8-12.8h-22.4c-6.4 0-12.8 6.4-12.8 12.8v198.4c0 6.4 6.4 12.8 12.8 12.8zm96 0h22.4c6.4 0 12.8-6.4 12.8-12.8V204.8c0-6.4-6.4-12.8-12.8-12.8h-22.4c-6.4 0-12.8 6.4-12.8 12.8v134.4c0 6.4 6.4 12.8 12.8 12.8zM496 400H48V80c0-8.84-7.16-16-16-16H16C7.16 64 0 71.16 0 80v336c0 17.67 14.33 32 32 32h464c8.84 0 16-7.16 16-16v-16c0-8.84-7.16-16-16-16zm-387.2-48h22.4c6.4 0 12.8-6.4 12.8-12.8v-70.4c0-6.4-6.4-12.8-12.8-12.8h-22.4c-6.4 0-12.8 6.4-12.8 12.8v70.4c0 6.4 6.4 12.8 12.8 12.8z\" class=\"\"><\/path><\/svg><\/i> <img loading=\"lazy\" decoding=\"async\" width=\"16\" height=\"16\" alt=\"Loading\" src=\"https:\/\/temucotelevision.cl\/web\/wp-content\/plugins\/page-views-count\/ajax-loader-2x.gif\" border=0 \/><\/p><div class=\"pvc_clear\"><\/div>\n<p>Esta alianza permitir\u00e1 a las familias Telet\u00f3n el ingreso sin costo a las \u00e1reas silvestres, e impulsar\u00e1 la adaptaci\u00f3n de infraestructura para el acceso universal y la realizaci\u00f3n de recorridos guiados para que tengan una mejor experiencia de salidas a la naturaleza<strong><em>.<\/em><\/strong><\/p>\n\n\n\n<p>Telet\u00f3n y CONAF sellaron una alianza que busca contribuir a los procesos de rehabilitaci\u00f3n y a una mejor calidad de vida de los ni\u00f1os, ni\u00f1as, j\u00f3venes y familias que atiende la instituci\u00f3n, fomentando sus visitas a parques y \u00e1reas silvestres protegidas por el Estado, y que son administrados por CONAF, actividades al aire libre que tienen un positivo impacto en la conexi\u00f3n cognitiva y sensorial de los pacientes.<\/p>\n\n\n\n<p>El acuerdo entre ambas instituciones permitir\u00e1 que accedan libremente a las \u00e1reas silvestres, impulsar\u00e1 la adaptaci\u00f3n de infraestructura para acceso universal y la realizaci\u00f3n de recorridos guiados para que los visitantes tengan mejor experiencia recreativa, educativa y de contacto con la naturaleza.<\/p>\n\n\n\n<p><strong>Ademir Domic, vicepresidente ejecutivo de Telet\u00f3n<\/strong>, dijo que esta iniciativa acercar\u00e1 la naturaleza a personas en situaci\u00f3n de discapacidad. \u201cHoy estamos felices de que CONAF se haga parte de este desaf\u00edo y que juntos podamos hacer de los parques nacionales y las reservas, lugares accesibles donde los ni\u00f1os, ni\u00f1as y j\u00f3venes puedan disfrutar del contacto con la naturaleza\u201d, sostuvo.<\/p>\n\n\n\n<p>Para el <strong>director ejecutivo de CONAF, Christian Little<\/strong>, este acuerdo tambi\u00e9n permitir\u00e1 que la gran familia Telet\u00f3n incorpore en sus vidas la conservaci\u00f3n de la vida al aire libre. \u201cEstamos firmando un convenio por los pr\u00f3ximos cinco a\u00f1os, de tal forma que las \u00e1reas silvestres protegidas que tiene el Estado puedan ser utilizadas por Telet\u00f3n para que sean parte de las acciones de rehabilitaci\u00f3n, del crecimiento y desarrollo de todas las personas\u201d, puntualiz\u00f3.<\/p>\n\n\n\n<p>Entre las l\u00edneas de acci\u00f3n de este acuerdo destacan el acceso liberado (sin costo) para las familias Telet\u00f3n a las \u00e1reas silvestres protegidas CONAF y a los Parques Nacionales, Reservas Nacionales y Monumentos Naturales bajo su administraci\u00f3n.<\/p>\n\n\n\n<p>Otro de los puntos del convenio es la adaptaci\u00f3n de infraestructura con acceso universal en \u00e1reas silvestres protegidas y la realizaci\u00f3n de recorridos guiados para la recreaci\u00f3n y como complemento de una salud integral (mental, emocional y fisiol\u00f3gica).<\/p>\n\n\n\n<p>Asimismo, Telet\u00f3n, apoyar\u00e1 la labor de difusi\u00f3n de la oferta de servicios accesibles, con inclusividad social, en \u00e1reas silvestres protegidas del Estado.<\/p>\n\n\n\n<p>En la actividad en que se firm\u00f3 este acuerdo tambi\u00e9n estuvieron presentes <strong>Contanza Troppa, gerenta (s) de \u00c1reas Silvestres Protegidas por el Estado de CONAF; y Cristi\u00e1n Cherif, coordinador nacional de la Unidad de Ejercicio y Deporte Adaptado (UEDA) de Telet\u00f3n.<\/strong><\/p>\n","protected":false},"excerpt":{"rendered":"<div class=\"pvc_clear\"><\/div>\n<p id=\"pvc_stats_48640\" class=\"pvc_stats total_only  \" data-element-id=\"48640\" style=\"\"><i class=\"pvc-stats-icon large\" aria-hidden=\"true\"><svg aria-hidden=\"true\" focusable=\"false\" data-prefix=\"far\" data-icon=\"chart-bar\" role=\"img\" xmlns=\"http:\/\/www.w3.org\/2000\/svg\" viewBox=\"0 0 512 512\" class=\"svg-inline--fa fa-chart-bar fa-w-16 fa-2x\"><path fill=\"currentColor\" d=\"M396.8 352h22.4c6.4 0 12.8-6.4 12.8-12.8V108.8c0-6.4-6.4-12.8-12.8-12.8h-22.4c-6.4 0-12.8 6.4-12.8 12.8v230.4c0 6.4 6.4 12.8 12.8 12.8zm-192 0h22.4c6.4 0 12.8-6.4 12.8-12.8V140.8c0-6.4-6.4-12.8-12.8-12.8h-22.4c-6.4 0-12.8 6.4-12.8 12.8v198.4c0 6.4 6.4 12.8 12.8 12.8zm96 0h22.4c6.4 0 12.8-6.4 12.8-12.8V204.8c0-6.4-6.4-12.8-12.8-12.8h-22.4c-6.4 0-12.8 6.4-12.8 12.8v134.4c0 6.4 6.4 12.8 12.8 12.8zM496 400H48V80c0-8.84-7.16-16-16-16H16C7.16 64 0 71.16 0 80v336c0 17.67 14.33 32 32 32h464c8.84 0 16-7.16 16-16v-16c0-8.84-7.16-16-16-16zm-387.2-48h22.4c6.4 0 12.8-6.4 12.8-12.8v-70.4c0-6.4-6.4-12.8-12.8-12.8h-22.4c-6.4 0-12.8 6.4-12.8 12.8v70.4c0 6.4 6.4 12.8 12.8 12.8z\" class=\"\"><\/path><\/svg><\/i> <img loading=\"lazy\" decoding=\"async\" width=\"16\" height=\"16\" alt=\"Loading\" src=\"https:\/\/temucotelevision.cl\/web\/wp-content\/plugins\/page-views-count\/ajax-loader-2x.gif\" border=0 \/><\/p>\n<div class=\"pvc_clear\"><\/div>\n<p>Esta alianza permitir\u00e1 a las familias Telet\u00f3n el ingreso sin costo a las \u00e1reas silvestres, e impulsar\u00e1 la adaptaci\u00f3n de<\/p>\n","protected":false},"author":1,"featured_media":48641,"comment_status":"open","ping_status":"open","sticky":false,"template":"","format":"standard","meta":{"colormag_page_container_layout":"default_layout","colormag_page_sidebar_layout":"default_layout","footnotes":""},"categories":[101,18],"tags":[425,164,1989],"class_list":["post-48640","post","type-post","status-publish","format-standard","has-post-thumbnail","hentry","category-actualidad","category-nacional","tag-conaf","tag-parques","tag-teleton"],"a3_pvc":{"activated":true,"total_views":3191,"today_views":0},"_links":{"self":[{"href":"https:\/\/temucotelevision.cl\/web\/wp-json\/wp\/v2\/posts\/48640","targetHints":{"allow":["GET"]}}],"collection":[{"href":"https:\/\/temucotelevision.cl\/web\/wp-json\/wp\/v2\/posts"}],"about":[{"href":"https:\/\/temucotelevision.cl\/web\/wp-json\/wp\/v2\/types\/post"}],"author":[{"embeddable":true,"href":"https:\/\/temucotelevision.cl\/web\/wp-json\/wp\/v2\/users\/1"}],"replies":[{"embeddable":true,"href":"https:\/\/temucotelevision.cl\/web\/wp-json\/wp\/v2\/comments?post=48640"}],"version-history":[{"count":1,"href":"https:\/\/temucotelevision.cl\/web\/wp-json\/wp\/v2\/posts\/48640\/revisions"}],"predecessor-version":[{"id":48642,"href":"https:\/\/temucotelevision.cl\/web\/wp-json\/wp\/v2\/posts\/48640\/revisions\/48642"}],"wp:featuredmedia":[{"embeddable":true,"href":"https:\/\/temucotelevision.cl\/web\/wp-json\/wp\/v2\/media\/48641"}],"wp:attachment":[{"href":"https:\/\/temucotelevision.cl\/web\/wp-json\/wp\/v2\/media?parent=48640"}],"wp:term":[{"taxonomy":"category","embeddable":true,"href":"https:\/\/temucotelevision.cl\/web\/wp-json\/wp\/v2\/categories?post=48640"},{"taxonomy":"post_tag","embeddable":true,"href":"https:\/\/temucotelevision.cl\/web\/wp-json\/wp\/v2\/tags?post=48640"}],"curies":[{"name":"wp","href":"https:\/\/api.w.org\/{rel}","templated":true}]}}