{"id":48633,"date":"2024-03-19T17:18:06","date_gmt":"2024-03-19T20:18:06","guid":{"rendered":"https:\/\/temucotelevision.cl\/web\/?p=48633"},"modified":"2024-03-19T17:23:19","modified_gmt":"2024-03-19T20:23:19","slug":"arranca-la-2da-temporada-del-campeonato-gtp-goodyear-50-pilotos-se-espera-compitan-en-el-autodromo-interlomas","status":"publish","type":"post","link":"https:\/\/temucotelevision.cl\/web\/2024\/03\/19\/arranca-la-2da-temporada-del-campeonato-gtp-goodyear-50-pilotos-se-espera-compitan-en-el-autodromo-interlomas\/","title":{"rendered":"Arranca la 2da Temporada del Campeonato GTP Goodyear: 50 pilotos se espera compitan en el Aut\u00f3dromo Interlomas"},"content":{"rendered":"<div class=\"pvc_clear\"><\/div><p id=\"pvc_stats_48633\" class=\"pvc_stats total_only  \" data-element-id=\"48633\" style=\"\"><i class=\"pvc-stats-icon large\" aria-hidden=\"true\"><svg aria-hidden=\"true\" focusable=\"false\" data-prefix=\"far\" data-icon=\"chart-bar\" role=\"img\" xmlns=\"http:\/\/www.w3.org\/2000\/svg\" viewBox=\"0 0 512 512\" class=\"svg-inline--fa fa-chart-bar fa-w-16 fa-2x\"><path fill=\"currentColor\" d=\"M396.8 352h22.4c6.4 0 12.8-6.4 12.8-12.8V108.8c0-6.4-6.4-12.8-12.8-12.8h-22.4c-6.4 0-12.8 6.4-12.8 12.8v230.4c0 6.4 6.4 12.8 12.8 12.8zm-192 0h22.4c6.4 0 12.8-6.4 12.8-12.8V140.8c0-6.4-6.4-12.8-12.8-12.8h-22.4c-6.4 0-12.8 6.4-12.8 12.8v198.4c0 6.4 6.4 12.8 12.8 12.8zm96 0h22.4c6.4 0 12.8-6.4 12.8-12.8V204.8c0-6.4-6.4-12.8-12.8-12.8h-22.4c-6.4 0-12.8 6.4-12.8 12.8v134.4c0 6.4 6.4 12.8 12.8 12.8zM496 400H48V80c0-8.84-7.16-16-16-16H16C7.16 64 0 71.16 0 80v336c0 17.67 14.33 32 32 32h464c8.84 0 16-7.16 16-16v-16c0-8.84-7.16-16-16-16zm-387.2-48h22.4c6.4 0 12.8-6.4 12.8-12.8v-70.4c0-6.4-6.4-12.8-12.8-12.8h-22.4c-6.4 0-12.8 6.4-12.8 12.8v70.4c0 6.4 6.4 12.8 12.8 12.8z\" class=\"\"><\/path><\/svg><\/i> <img loading=\"lazy\" decoding=\"async\" width=\"16\" height=\"16\" alt=\"Loading\" src=\"https:\/\/temucotelevision.cl\/web\/wp-content\/plugins\/page-views-count\/ajax-loader-2x.gif\" border=0 \/><\/p><div class=\"pvc_clear\"><\/div>\n<p>El pr\u00f3ximo s\u00e1bado 23 de marzo regresa la emoci\u00f3n con la segunda temporada del campeonato de automovilismo sobre pista GTP Goodyear. El evento, que formar\u00e1 parte del campeonato nacional de automovilismo federado, se llevar\u00e1 a cabo en el aut\u00f3dromo Interlomas bajo la organizaci\u00f3n de&nbsp;Alvo&nbsp;Comunicaciones.<\/p>\n\n\n\n<p>Unos 50 talentosos pilotos de diversas ciudades como Santiago, Concepci\u00f3n, Temuco, Osorno, entre otras, se dar\u00e1n cita para demostrar sus habilidades al volante. \u201cPrep\u00e1rense para una jornada llena de velocidad y adrenalina. Es un evento nacional que se organiza desde regiones, y que trae en cada jornada alrededor de 350 personas que vienen exclusivamente con los equipos, mec\u00e1nicos, pilotos, sus familias, todos asisten y buscan un buen lugar donde alojar, un restaurante donde comer y estos fines de semana se hacen notar dejando buenos dividendos tanto a Lautaro como por supuesto a Temuco\u201d, asegura Eduardo&nbsp;Alvo&nbsp;productor general del evento.<\/p>\n\n\n\n<p>Dentro de los pilotos que aseguraron butaca este 2024, est\u00e1 la \u00fanica mujer que participa y corre siendo protagonista en la Super Turismo 1600, Catalina Carrasco. Desde Concepci\u00f3n se ha preparado y nos comenta que, \u201ccon mi equipo estamos terminando los \u00faltimos detalles para estar presentes en el Campeonato GTP Goodyear. Estamos muy contentos y emocionados que cada vez se est\u00e1n sumando m\u00e1s autos, creo que 50 pilotos confirmados, el nivel va a subir y vamos a tener mas competitividad. Espero se sumen las familias y la gente y nos pueda ir a ver el s\u00e1bado 23 de marzo a Interlomas\u201d, afirma la Campeona actual de la categor\u00eda Promocional.<\/p>\n\n\n\n<p>En Temuco tambi\u00e9n se est\u00e1n preparando los pilotos locales para decir presente este 2024. Es as\u00ed como Ronald Mittersteiner est\u00e1 listo para ser parte de la grilla GTP. \u201cEste a\u00f1o estaremos en la segunda temporada del GTP by Goodyear. Es el mejor Campeonato de Automovilismo federado del pa\u00eds, estaremos junto a Gaston Gutierrez participando con 2 autos con el equipo Turbales Team Racing. Vienen de todo Chile a correr y es un evento bueno lleno de adrenalina, donde la familia y los amigos pueden ir y pasar una linda tarde\u201d, afirma el piloto local.<\/p>\n\n\n\n<p>Otro piloto penquista que desea meterse de lleno esta nueva temporada en la categor\u00eda Super Turismo 1600, es Mat\u00edas Am\u00e9stica. \u201cPara la fecha inaugural estamos con mucha motivaci\u00f3n y muchas ganas. Vamos con nuevos colores, con nueva energ\u00eda, con nuevas vibras. Ya est\u00e1n afinando los \u00faltimos detalles, vamos con muchas mejoras en el Nissan Tiida. En la octava regi\u00f3n los pilotos y preparadores estamos super motivados y por sobre todo comprometidos con la organizaci\u00f3n, se viene un campeonato bien grande y muy entretenido que parte el 23 de marzo en Interlomas,\u201d asegura Am\u00e9stica.<\/p>\n\n\n\n<p>Cabe se\u00f1alar que el GTP Goodyear es una competencia de automovilismo Federada en Chile y se corre en el Aut\u00f3dromo Interlomas. En su primer a\u00f1o tuvo como logros transformarse en el campeonato vedette de Chile, compartiendo escenario con las mejores categor\u00edas del pa\u00eds, llegando a sumarse categor\u00edas como Porsche con Carrera Cup, Turismo Carretero Chileno y el poder\u00edo de los TC 2000. En las \u00faltimas 2 fechas en el 2023,&nbsp;Alvo&nbsp;Comunicaciones logr\u00f3 convocar 57 y 52 autos, transform\u00e1ndose en el epicentro del&nbsp;<em><u>deporte motor sobre pista.<\/u><\/em><\/p>\n\n\n\n<p>\u201cPara nosotros es muy importante el apoyo que tenemos actualmente del sector privado y el de los pilotos. S\u00ed les puedo decir con certeza lo que falta. Es importante que el alcalde Roberto Neira y el municipio de la capital regional en este caso Temuco, nos tome en cuenta y quiera sumarse de manera seria y comprometida, colaborando para empujar eventos de esta magnitud, hemos invertido cerca de 50 millones en la temporada pasada para seguir mejorando y hasta ahora solo Lautaro mantiene su compromiso con el alcalde Ricardo Jaramillo\u201d, asegura Eduardo&nbsp;Alvo.<\/p>\n\n\n\n<p>El s\u00e1bado 23 de marzo en\u00a0<strong>el aut\u00f3dromo Interlomas<\/strong>\u00a0la clasificaci\u00f3n comenzar\u00e1 a las 11:15 AM con la salida de la Super Turismo 1600 y las 11:45 har\u00e1 lo propio la Super Turismo Promocional mientras que a las 12:05, se espera la llega de autoridades, para dar formalmente en pista el vamos. \u201cEse d\u00eda tendremos stand de marcas de autos, donde podr\u00e1n ver lo nuevo del mercado automotriz, juegos inflables para ni\u00f1os, estar\u00e1 habilitado el casino para comer en familia o con los amigos y tambi\u00e9n habr\u00e1 un punto presencial de venta de entradas en el mismo recinto. Son 4 carreras durante la tarde, siendo la primera manga a las 13:15 horas, todos estan invitados&#8221;, afirma\u00a0Alvo.<\/p>\n\n\n\n<iframe loading=\"lazy\" width=\"560\" height=\"315\" src=\"https:\/\/www.youtube.com\/embed\/CKPZpyM0jDI?si=IVGCo0tUTfyJtxDb\" title=\"YouTube video player\" frameborder=\"0\" allow=\"accelerometer; autoplay; clipboard-write; encrypted-media; gyroscope; picture-in-picture; web-share\" allowfullscreen><\/iframe>\n\n\n\n<p><strong>Claudio Marticorena vuelve a correr<\/strong><\/p>\n\n\n\n<p>La segunda fecha del a\u00f1o pasado, Claudio Marticorena (hijo), sufri\u00f3 un espectacular volcamiento a bordo del Suzuki Swift mientras se daba la tanda de clasificaci\u00f3n. \u201cMarticorena se dio 7 vueltas en su auto quedando a unos 300 metros fuera de la pista.&nbsp; Afortunadamente sali\u00f3 ayudado de los param\u00e9dicos y trasladado a la Cl\u00ednica Alemana en Temuco. Fue un gran susto, sin embargo, los sistemas de seguridad de estos autos son impresionantes y felizmente Claudio se suma a la competencia con un auto nuevo. Es un gran piloto, anda muy r\u00e1pido y esperamos verlo de vuelta el 23 de marzo\u201d, afirman desde la organizaci\u00f3n.<\/p>\n\n\n\n<p>El piloto de Temuco fue entrevistado y nos dio su visi\u00f3n de c\u00f3mo se encuentra para afrontar este inicio de carreras. \u201cEstamos comenzando un 2024 contento con el automovilismo, es parte de nuestras vidas y voy con un auto nuevo. El 2023 tuve un accidente grande si recuerdas y no me permiti\u00f3 terminar el a\u00f1o. Ahora voy con un Nissan March, estamos prepar\u00e1ndolo y vuelvo porque el Campeonato GTP de&nbsp;Alvo&nbsp;Comunicaciones estuvo muy bueno la temporada pasada. Nuestro equipo est\u00e1 listo para iniciar desde la fecha 1 en Interlomas\u201d, cierra Claudio Marticorena Cruz.<\/p>\n\n\n\n<p>Ya queda poco para ver en acci\u00f3n a los pilotos m\u00e1s r\u00e1pidos de Chile en Interlomas.<\/p>\n\n\n\n<p>Las inscripciones para pilotos siguen abiertas hasta este viernes 8 de abril. En tanto se est\u00e1n vendiendo la preventa de entradas con descuentos de hasta un 50%. La preventa puede ser adquirida en\u00a0<a href=\"http:\/\/www.alvocomunicaciones.cl\/\" target=\"_blank\" rel=\"noreferrer noopener\">www.alvocomunicaciones.cl<\/a>\u00a0, ampliando el plazo hasta el 19 de marzo. Luego las entradas podras ser adquiridas directamente en el punto de entrada del autodromo Interlomas el dia de la carrera.<\/p>\n\n\n\n<figure class=\"wp-block-image size-full\"><img loading=\"lazy\" decoding=\"async\" width=\"800\" height=\"455\" src=\"https:\/\/temucotelevision.cl\/web\/wp-content\/uploads\/2024\/03\/GTP3.jpg\" alt=\"\" class=\"wp-image-48638\" srcset=\"https:\/\/temucotelevision.cl\/web\/wp-content\/uploads\/2024\/03\/GTP3.jpg 800w, https:\/\/temucotelevision.cl\/web\/wp-content\/uploads\/2024\/03\/GTP3-768x437.jpg 768w\" sizes=\"auto, (max-width: 800px) 100vw, 800px\" \/><\/figure>\n\n\n\n<figure class=\"wp-block-image size-full\"><img loading=\"lazy\" decoding=\"async\" width=\"800\" height=\"455\" src=\"https:\/\/temucotelevision.cl\/web\/wp-content\/uploads\/2024\/03\/GTP2.jpg\" alt=\"\" class=\"wp-image-48636\" srcset=\"https:\/\/temucotelevision.cl\/web\/wp-content\/uploads\/2024\/03\/GTP2.jpg 800w, https:\/\/temucotelevision.cl\/web\/wp-content\/uploads\/2024\/03\/GTP2-768x437.jpg 768w\" sizes=\"auto, (max-width: 800px) 100vw, 800px\" \/><\/figure>\n","protected":false},"excerpt":{"rendered":"<div class=\"pvc_clear\"><\/div>\n<p id=\"pvc_stats_48633\" class=\"pvc_stats total_only  \" data-element-id=\"48633\" style=\"\"><i class=\"pvc-stats-icon large\" aria-hidden=\"true\"><svg aria-hidden=\"true\" focusable=\"false\" data-prefix=\"far\" data-icon=\"chart-bar\" role=\"img\" xmlns=\"http:\/\/www.w3.org\/2000\/svg\" viewBox=\"0 0 512 512\" class=\"svg-inline--fa fa-chart-bar fa-w-16 fa-2x\"><path fill=\"currentColor\" d=\"M396.8 352h22.4c6.4 0 12.8-6.4 12.8-12.8V108.8c0-6.4-6.4-12.8-12.8-12.8h-22.4c-6.4 0-12.8 6.4-12.8 12.8v230.4c0 6.4 6.4 12.8 12.8 12.8zm-192 0h22.4c6.4 0 12.8-6.4 12.8-12.8V140.8c0-6.4-6.4-12.8-12.8-12.8h-22.4c-6.4 0-12.8 6.4-12.8 12.8v198.4c0 6.4 6.4 12.8 12.8 12.8zm96 0h22.4c6.4 0 12.8-6.4 12.8-12.8V204.8c0-6.4-6.4-12.8-12.8-12.8h-22.4c-6.4 0-12.8 6.4-12.8 12.8v134.4c0 6.4 6.4 12.8 12.8 12.8zM496 400H48V80c0-8.84-7.16-16-16-16H16C7.16 64 0 71.16 0 80v336c0 17.67 14.33 32 32 32h464c8.84 0 16-7.16 16-16v-16c0-8.84-7.16-16-16-16zm-387.2-48h22.4c6.4 0 12.8-6.4 12.8-12.8v-70.4c0-6.4-6.4-12.8-12.8-12.8h-22.4c-6.4 0-12.8 6.4-12.8 12.8v70.4c0 6.4 6.4 12.8 12.8 12.8z\" class=\"\"><\/path><\/svg><\/i> <img loading=\"lazy\" decoding=\"async\" width=\"16\" height=\"16\" alt=\"Loading\" src=\"https:\/\/temucotelevision.cl\/web\/wp-content\/plugins\/page-views-count\/ajax-loader-2x.gif\" border=0 \/><\/p>\n<div class=\"pvc_clear\"><\/div>\n<p>El pr\u00f3ximo s\u00e1bado 23 de marzo regresa la emoci\u00f3n con la segunda temporada del campeonato de automovilismo sobre pista GTP<\/p>\n","protected":false},"author":1,"featured_media":48634,"comment_status":"open","ping_status":"open","sticky":false,"template":"","format":"standard","meta":{"colormag_page_container_layout":"default_layout","colormag_page_sidebar_layout":"default_layout","footnotes":""},"categories":[86,14],"tags":[910,6487,6486],"class_list":["post-48633","post","type-post","status-publish","format-standard","has-post-thumbnail","hentry","category-panoramas","category-temuco","tag-campeonato","tag-goodyear","tag-gtp"],"a3_pvc":{"activated":true,"total_views":5464,"today_views":0},"_links":{"self":[{"href":"https:\/\/temucotelevision.cl\/web\/wp-json\/wp\/v2\/posts\/48633","targetHints":{"allow":["GET"]}}],"collection":[{"href":"https:\/\/temucotelevision.cl\/web\/wp-json\/wp\/v2\/posts"}],"about":[{"href":"https:\/\/temucotelevision.cl\/web\/wp-json\/wp\/v2\/types\/post"}],"author":[{"embeddable":true,"href":"https:\/\/temucotelevision.cl\/web\/wp-json\/wp\/v2\/users\/1"}],"replies":[{"embeddable":true,"href":"https:\/\/temucotelevision.cl\/web\/wp-json\/wp\/v2\/comments?post=48633"}],"version-history":[{"count":2,"href":"https:\/\/temucotelevision.cl\/web\/wp-json\/wp\/v2\/posts\/48633\/revisions"}],"predecessor-version":[{"id":48639,"href":"https:\/\/temucotelevision.cl\/web\/wp-json\/wp\/v2\/posts\/48633\/revisions\/48639"}],"wp:featuredmedia":[{"embeddable":true,"href":"https:\/\/temucotelevision.cl\/web\/wp-json\/wp\/v2\/media\/48634"}],"wp:attachment":[{"href":"https:\/\/temucotelevision.cl\/web\/wp-json\/wp\/v2\/media?parent=48633"}],"wp:term":[{"taxonomy":"category","embeddable":true,"href":"https:\/\/temucotelevision.cl\/web\/wp-json\/wp\/v2\/categories?post=48633"},{"taxonomy":"post_tag","embeddable":true,"href":"https:\/\/temucotelevision.cl\/web\/wp-json\/wp\/v2\/tags?post=48633"}],"curies":[{"name":"wp","href":"https:\/\/api.w.org\/{rel}","templated":true}]}}