{"id":48632,"date":"2024-03-19T19:37:46","date_gmt":"2024-03-19T22:37:46","guid":{"rendered":"https:\/\/temucotelevision.cl\/web\/?p=48632"},"modified":"2024-03-20T18:17:34","modified_gmt":"2024-03-20T21:17:34","slug":"regresa-la-fiesta-de-la-vendimia-de-penaflor-a-parque-el-trapiche","status":"publish","type":"post","link":"https:\/\/temucotelevision.cl\/web\/2024\/03\/19\/regresa-la-fiesta-de-la-vendimia-de-penaflor-a-parque-el-trapiche\/","title":{"rendered":"Regresa la Fiesta de la Vendimia de Pe\u00f1aflor a Parque El Trapiche"},"content":{"rendered":"<div class=\"pvc_clear\"><\/div><p id=\"pvc_stats_48632\" class=\"pvc_stats total_only  \" data-element-id=\"48632\" style=\"\"><i class=\"pvc-stats-icon large\" aria-hidden=\"true\"><svg aria-hidden=\"true\" focusable=\"false\" data-prefix=\"far\" data-icon=\"chart-bar\" role=\"img\" xmlns=\"http:\/\/www.w3.org\/2000\/svg\" viewBox=\"0 0 512 512\" class=\"svg-inline--fa fa-chart-bar fa-w-16 fa-2x\"><path fill=\"currentColor\" d=\"M396.8 352h22.4c6.4 0 12.8-6.4 12.8-12.8V108.8c0-6.4-6.4-12.8-12.8-12.8h-22.4c-6.4 0-12.8 6.4-12.8 12.8v230.4c0 6.4 6.4 12.8 12.8 12.8zm-192 0h22.4c6.4 0 12.8-6.4 12.8-12.8V140.8c0-6.4-6.4-12.8-12.8-12.8h-22.4c-6.4 0-12.8 6.4-12.8 12.8v198.4c0 6.4 6.4 12.8 12.8 12.8zm96 0h22.4c6.4 0 12.8-6.4 12.8-12.8V204.8c0-6.4-6.4-12.8-12.8-12.8h-22.4c-6.4 0-12.8 6.4-12.8 12.8v134.4c0 6.4 6.4 12.8 12.8 12.8zM496 400H48V80c0-8.84-7.16-16-16-16H16C7.16 64 0 71.16 0 80v336c0 17.67 14.33 32 32 32h464c8.84 0 16-7.16 16-16v-16c0-8.84-7.16-16-16-16zm-387.2-48h22.4c6.4 0 12.8-6.4 12.8-12.8v-70.4c0-6.4-6.4-12.8-12.8-12.8h-22.4c-6.4 0-12.8 6.4-12.8 12.8v70.4c0 6.4 6.4 12.8 12.8 12.8z\" class=\"\"><\/path><\/svg><\/i> <img loading=\"lazy\" decoding=\"async\" width=\"16\" height=\"16\" alt=\"Loading\" src=\"https:\/\/temucotelevision.cl\/web\/wp-content\/plugins\/page-views-count\/ajax-loader-2x.gif\" border=0 \/><\/p><div class=\"pvc_clear\"><\/div>\n<p class=\"has-medium-font-size\"><strong>La tradicional fiesta, que se desarrolla<\/strong> <strong>por tercer a\u00f1o consecutivo, el pr\u00f3ximo 23 y 24 de marzo, contar\u00e1 con la presencia de vi\u00f1as del Valle del Maipo, gastronom\u00eda, tours, m\u00fasica, fiesta de la trilla y un interesante entorno natural que incluye visitas al humedal del parque, caminatas y entretenciones familiares.<\/strong><\/p>\n\n\n\n<p>La Municipalidad de Pe\u00f1aflor, por tercer a\u00f1o consecutivo y como parte de la ruta de Vendimias de la Regi\u00f3n Metropolitana realizar\u00e1 este 2024 la\u00a0<strong>Tercera Versi\u00f3n de la Fiesta de la Vendimia de Pe\u00f1aflor, los d\u00edas 23 y 24 de marzo, en su tradicional y renovado Parque El Trapiche.<\/strong><\/p>\n\n\n\n<p>En esta ocasi\u00f3n se espera la participaci\u00f3n de m\u00e1s de&nbsp;<strong>15 vi\u00f1as<\/strong>&nbsp;donde se destaca MaipoOrigen, comunidad que re\u00fane a peque\u00f1os productores de vinos de del Valle del Maipo, entre las cuales se encuentran Chateau Potrero Seco, Vi\u00f1ateros de Ra\u00edz, LOF, Los Quiscos, Mujer Andina, Los Tres, Cavihahue y La Vi\u00f1a del Se\u00f1or. A su vez, contar\u00e1 con la participaci\u00f3n de las Vi\u00f1aTeillery, pionera en vi\u00f1edos org\u00e1nicos en la Provincia de Talagante, Odjfell, Montemar\u00eda, Terramater, Wildmakers, Weichafe y Route and Wine.<\/p>\n\n\n\n<p>El Parque El Trapiche, ubicado a 30 kil\u00f3metros de Santiago, ofrece un panorama familiar con entretenciones para ni\u00f1os, parque canino, paseos por su humedal &#8211; donde se puede apreciar una variada flora y fauna end\u00e9mica. Es posible, a su vez, visitar el estero \u201cAguas Fr\u00edas\u201d- que pasa por el interior del parque \u2013 y su oferta de paseos en kayak, as\u00ed como disfrutar del gran sabor de la cocina chilena con \u201cpicadas pe\u00f1aflorinas\u201d y gastronom\u00eda internacional. En esta ocasi\u00f3n, la \u201cFiesta de la Vendimia, Pe\u00f1aflor 2024\u201d contar\u00e1 con m\u00e1s de 40 stands de comida, y espect\u00e1culos musicales a cargo de bandas locales, en un espacio de 20 hect\u00e1reas.<\/p>\n\n\n\n<p>Para el Alcalde de la Comuna, Nibaldo Meza, la importancia de la realizaci\u00f3n de este evento radica en la posibilidad de m\u00e1s oportunidades de desarrollo econ\u00f3mico:\u00a0<strong>\u201cPara nosotros es muy valioso realizar nuevamente la Fiesta de la Vendimia, pues al ser parte de una ruta de fiestas que se realizan en la Regi\u00f3n Metropolitana, nos permite dar a conocer nuestra comuna, potenciarla como un destino tur\u00edstico y dar oportunidades de trabajo a cientos de emprendedores que se ven beneficiados con esta fiesta\u201d,<\/strong>\u00a0indic\u00f3.<\/p>\n\n\n\n<p>Otro de los atractivos que los visitantes podr\u00e1n apreciar ser\u00e1 la Fiesta de la Trilla del Poroto, actividad tradicional del campo chileno, que consiste en separar sus granos, en medio de un ambiente festivo. Tambi\u00e9n se ofrecer\u00e1 al p\u00fablico tours a vi\u00f1as y a Pe\u00f1aflor, patrio food truck permanente, p\u00e9rgola cervecera y gastron\u00f3mica, actividades recreativas para ni\u00f1os (talleres de cocina y greda) y catas interactivas con introducci\u00f3n a sommeler\u00eda.<\/p>\n\n\n\n<p>El parque cuenta, adem\u00e1s, con una oferta permanente de cervezas artesanales pe\u00f1aflorinas, en un espacio denominado \u201cP\u00e9rgola Cervecera\u201d, que posee m\u00e1s de 15 cervecer\u00edas artesanales y un \u201cPueblito de Artesanos\u201d que re\u00fane alrededor de 80 expositores.<\/p>\n\n\n\n<p><strong>Fiesta de la Vendimia de Pe\u00f1aflor<\/strong>: Parque Municipal El Trapiche<\/p>\n\n\n\n<p><strong>ACCESO VEHICULAR<\/strong>: S\u00f3lo por calle Jaromir Pridal N\u00ba 669 (<a href=\"https:\/\/trackercl1.fidelizador.com\/L107FAB3EG7808560AHE1EB60B676J10F3DE3FF49CK107FAB3E949B8399F0FD71B755EAE2&amp;t=6553\" target=\"_blank\" rel=\"noreferrer noopener\">https:\/\/maps.app.goo.gl\/55mRSER9qrfz8CCa7<\/a>)<\/p>\n\n\n\n<p><br><strong>ACCESO PEATONAL<\/strong>: &nbsp;Por acceso principal al Parque (Manuel Rodr\u00edguez N\u00b0 277) y por calle Concordia.<br><br><strong>HORARIO<\/strong>: s\u00e1bado 23 y domingo 24 de marzo, de 12:00 a 20:00 horas.<\/p>\n\n\n\n<p><br><strong>VENTA DE ENTRADAS<\/strong>: ONLINE&nbsp;<a href=\"https:\/\/trackercl1.fidelizador.com\/L107FAB3EG7808560AHE1EB60B676J10F3DE3FF40FK107FAB3E949B8399F0FD71B755EAE2&amp;t=6553\" target=\"_blank\" rel=\"noreferrer noopener\">www.penaflor.cl<\/a>&nbsp;desde 15 de marzo con descuento para Pe\u00f1aflorinos.<\/p>\n\n\n\n<p>Los valores de los tickets, para el evento \u201c<strong>3\u00aa FIESTA DE LA VENDIMIA 2024<\/strong>\u201d, dan derecho a:<\/p>\n\n\n\n<p><strong>ENTRADA GENERAL:<\/strong><\/p>\n\n\n\n<p>MODALIDAD ONLINE: $2.000 p\u00fablico general \/ $1.000 p\u00fablico Pe\u00f1aflorino y da derecho al ingreso al Parque para el d\u00eda 23 \u00f3 24 de marzo de 2024.<\/p>\n\n\n\n<p>MODALIDAD PRESENCIAL: $2.000 p\u00fablico general el d\u00eda del evento (23 \u00f3 24 de marzo de 2024), excepto menores de 05 a\u00f1os, mayores de 65 a\u00f1os y personas en situaci\u00f3n de discapacidad (con credencial) quienes ingresan gratis.<\/p>\n\n\n\n<p><strong>TICKET COPA + 3 DEGUSTACIONES<\/strong>&nbsp;\u2013 mayores de 18 a\u00f1os:<\/p>\n\n\n\n<p>MODALIDAD ONLINE: $8.000 p\u00fablico general \/ $7.000 p\u00fablico Pe\u00f1aflorino y da derecho a tener la copa oficial del evento (las degustaciones s\u00f3lo se pueden efectuar en esta copa).<\/p>\n\n\n\n<p>MODALIDAD PRESENCIAL: $8.000 p\u00fablico general el d\u00eda del evento (23 y 24 de marzo de 2024) y da derecho a tener la copa oficial del evento (las degustaciones s\u00f3lo se pueden efectuar en esta copa).<\/p>\n\n\n\n<p><strong>TICKET 3 DEGUSTACIONES<\/strong>&nbsp;\u2013 mayores de 18 a\u00f1os:<\/p>\n\n\n\n<p>MODALIDAD ONLINE y PRESENCIAL: $4.000 p\u00fablico general y da derecho a 3 (tres) degustaciones de 60ml c\/u en la copa oficial del evento.<\/p>\n\n\n\n<p>El valor del ticket \u201cENTRADA GENERAL\u201d asociado al evento \u201c3\u00aa FIESTA DE LA VENDIMIA 2024\u201d, no da derecho al estacionamiento. El valor del estacionamiento es de $1.000 por veh\u00edculo, el cual se cancela en efectivo y va en directa ayuda a una Organizaci\u00f3n Social de la comuna, quienes se hacen responsables de la administraci\u00f3n de la zona y el cuidado de veh\u00edculos.<\/p>\n\n\n\n<p><\/p>\n","protected":false},"excerpt":{"rendered":"<div class=\"pvc_clear\"><\/div>\n<p id=\"pvc_stats_48632\" class=\"pvc_stats total_only  \" data-element-id=\"48632\" style=\"\"><i class=\"pvc-stats-icon large\" aria-hidden=\"true\"><svg aria-hidden=\"true\" focusable=\"false\" data-prefix=\"far\" data-icon=\"chart-bar\" role=\"img\" xmlns=\"http:\/\/www.w3.org\/2000\/svg\" viewBox=\"0 0 512 512\" class=\"svg-inline--fa fa-chart-bar fa-w-16 fa-2x\"><path fill=\"currentColor\" d=\"M396.8 352h22.4c6.4 0 12.8-6.4 12.8-12.8V108.8c0-6.4-6.4-12.8-12.8-12.8h-22.4c-6.4 0-12.8 6.4-12.8 12.8v230.4c0 6.4 6.4 12.8 12.8 12.8zm-192 0h22.4c6.4 0 12.8-6.4 12.8-12.8V140.8c0-6.4-6.4-12.8-12.8-12.8h-22.4c-6.4 0-12.8 6.4-12.8 12.8v198.4c0 6.4 6.4 12.8 12.8 12.8zm96 0h22.4c6.4 0 12.8-6.4 12.8-12.8V204.8c0-6.4-6.4-12.8-12.8-12.8h-22.4c-6.4 0-12.8 6.4-12.8 12.8v134.4c0 6.4 6.4 12.8 12.8 12.8zM496 400H48V80c0-8.84-7.16-16-16-16H16C7.16 64 0 71.16 0 80v336c0 17.67 14.33 32 32 32h464c8.84 0 16-7.16 16-16v-16c0-8.84-7.16-16-16-16zm-387.2-48h22.4c6.4 0 12.8-6.4 12.8-12.8v-70.4c0-6.4-6.4-12.8-12.8-12.8h-22.4c-6.4 0-12.8 6.4-12.8 12.8v70.4c0 6.4 6.4 12.8 12.8 12.8z\" class=\"\"><\/path><\/svg><\/i> <img loading=\"lazy\" decoding=\"async\" width=\"16\" height=\"16\" alt=\"Loading\" src=\"https:\/\/temucotelevision.cl\/web\/wp-content\/plugins\/page-views-count\/ajax-loader-2x.gif\" border=0 \/><\/p>\n<div class=\"pvc_clear\"><\/div>\n<p>La tradicional fiesta, que se desarrolla por tercer a\u00f1o consecutivo, el pr\u00f3ximo 23 y 24 de marzo, contar\u00e1 con la<\/p>\n","protected":false},"author":143,"featured_media":48658,"comment_status":"open","ping_status":"open","sticky":false,"template":"","format":"standard","meta":{"colormag_page_container_layout":"default_layout","colormag_page_sidebar_layout":"default_layout","footnotes":""},"categories":[86],"tags":[],"class_list":["post-48632","post","type-post","status-publish","format-standard","has-post-thumbnail","hentry","category-panoramas"],"a3_pvc":{"activated":true,"total_views":1166,"today_views":0},"_links":{"self":[{"href":"https:\/\/temucotelevision.cl\/web\/wp-json\/wp\/v2\/posts\/48632","targetHints":{"allow":["GET"]}}],"collection":[{"href":"https:\/\/temucotelevision.cl\/web\/wp-json\/wp\/v2\/posts"}],"about":[{"href":"https:\/\/temucotelevision.cl\/web\/wp-json\/wp\/v2\/types\/post"}],"author":[{"embeddable":true,"href":"https:\/\/temucotelevision.cl\/web\/wp-json\/wp\/v2\/users\/143"}],"replies":[{"embeddable":true,"href":"https:\/\/temucotelevision.cl\/web\/wp-json\/wp\/v2\/comments?post=48632"}],"version-history":[{"count":2,"href":"https:\/\/temucotelevision.cl\/web\/wp-json\/wp\/v2\/posts\/48632\/revisions"}],"predecessor-version":[{"id":48660,"href":"https:\/\/temucotelevision.cl\/web\/wp-json\/wp\/v2\/posts\/48632\/revisions\/48660"}],"wp:featuredmedia":[{"embeddable":true,"href":"https:\/\/temucotelevision.cl\/web\/wp-json\/wp\/v2\/media\/48658"}],"wp:attachment":[{"href":"https:\/\/temucotelevision.cl\/web\/wp-json\/wp\/v2\/media?parent=48632"}],"wp:term":[{"taxonomy":"category","embeddable":true,"href":"https:\/\/temucotelevision.cl\/web\/wp-json\/wp\/v2\/categories?post=48632"},{"taxonomy":"post_tag","embeddable":true,"href":"https:\/\/temucotelevision.cl\/web\/wp-json\/wp\/v2\/tags?post=48632"}],"curies":[{"name":"wp","href":"https:\/\/api.w.org\/{rel}","templated":true}]}}