{"id":48628,"date":"2024-03-19T11:22:58","date_gmt":"2024-03-19T14:22:58","guid":{"rendered":"https:\/\/temucotelevision.cl\/web\/?p=48628"},"modified":"2024-03-19T11:22:58","modified_gmt":"2024-03-19T14:22:58","slug":"ataque-incendiario-en-ruta-freire-barros-arana-deja-vehiculos-afectados-wam-se-adjundica-el-ataque","status":"publish","type":"post","link":"https:\/\/temucotelevision.cl\/web\/2024\/03\/19\/ataque-incendiario-en-ruta-freire-barros-arana-deja-vehiculos-afectados-wam-se-adjundica-el-ataque\/","title":{"rendered":"Ataque incendiario en ruta Freire &#8211; Barros Arana deja veh\u00edculos afectados, WAM se adjundica el ataque"},"content":{"rendered":"<div class=\"pvc_clear\"><\/div><p id=\"pvc_stats_48628\" class=\"pvc_stats total_only  \" data-element-id=\"48628\" style=\"\"><i class=\"pvc-stats-icon large\" aria-hidden=\"true\"><svg aria-hidden=\"true\" focusable=\"false\" data-prefix=\"far\" data-icon=\"chart-bar\" role=\"img\" xmlns=\"http:\/\/www.w3.org\/2000\/svg\" viewBox=\"0 0 512 512\" class=\"svg-inline--fa fa-chart-bar fa-w-16 fa-2x\"><path fill=\"currentColor\" d=\"M396.8 352h22.4c6.4 0 12.8-6.4 12.8-12.8V108.8c0-6.4-6.4-12.8-12.8-12.8h-22.4c-6.4 0-12.8 6.4-12.8 12.8v230.4c0 6.4 6.4 12.8 12.8 12.8zm-192 0h22.4c6.4 0 12.8-6.4 12.8-12.8V140.8c0-6.4-6.4-12.8-12.8-12.8h-22.4c-6.4 0-12.8 6.4-12.8 12.8v198.4c0 6.4 6.4 12.8 12.8 12.8zm96 0h22.4c6.4 0 12.8-6.4 12.8-12.8V204.8c0-6.4-6.4-12.8-12.8-12.8h-22.4c-6.4 0-12.8 6.4-12.8 12.8v134.4c0 6.4 6.4 12.8 12.8 12.8zM496 400H48V80c0-8.84-7.16-16-16-16H16C7.16 64 0 71.16 0 80v336c0 17.67 14.33 32 32 32h464c8.84 0 16-7.16 16-16v-16c0-8.84-7.16-16-16-16zm-387.2-48h22.4c6.4 0 12.8-6.4 12.8-12.8v-70.4c0-6.4-6.4-12.8-12.8-12.8h-22.4c-6.4 0-12.8 6.4-12.8 12.8v70.4c0 6.4 6.4 12.8 12.8 12.8z\" class=\"\"><\/path><\/svg><\/i> <img loading=\"lazy\" decoding=\"async\" width=\"16\" height=\"16\" alt=\"Loading\" src=\"https:\/\/temucotelevision.cl\/web\/wp-content\/plugins\/page-views-count\/ajax-loader-2x.gif\" border=0 \/><\/p><div class=\"pvc_clear\"><\/div>\n<p>En la madrugada de este martes, un ataque incendiario sacudi\u00f3 la tranquilidad en la ruta Freire &#8211; Barros Arana, dejando como saldo varios veh\u00edculos da\u00f1ados por las llamas. Seg\u00fan los primeros reportes, el suceso ocurri\u00f3 alrededor de las 4 de la ma\u00f1ana, cuando residentes de la zona avistaron llamas provenientes de un predio cercano, mientras conductores se encontraron con una camioneta ardiendo en llamas, colocada como barricada en la ruta.<\/p>\n\n\n\n<p>La r\u00e1pida respuesta de los cuerpos de emergencia fue fundamental para controlar la situaci\u00f3n. Bomberos despleg\u00f3 varias unidades para extinguir el fuego, mientras que Carabineros y el Ej\u00e9rcito se movilizaron para asegurar la zona y facilitar el trabajo de los equipos de emergencia.<\/p>\n\n\n\n<p>Seg\u00fan informes preliminares proporcionados por Bomberos de Freire, al menos cuatro veh\u00edculos se vieron afectados por el incendio, incluyendo camiones y al menos una camioneta. Sin embargo, se espera que en las pr\u00f3ximas horas se confirme el n\u00famero exacto de veh\u00edculos involucrados en este lamentable incidente.<\/p>\n\n\n\n<p>Las autoridades locales est\u00e1n llevando a cabo las investigaciones pertinentes para determinar las circunstancias exactas del ataque y dar con los responsables de este acto de violencia. Los residentes y conductores de la zona est\u00e1n siendo alertados sobre la situaci\u00f3n y se les insta a colaborar con cualquier informaci\u00f3n que pueda ser relevante para esclarecer lo sucedido.<\/p>\n\n\n\n<p>Se espera que en las pr\u00f3ximas horas se brinden m\u00e1s detalles sobre este incidente que ha causado conmoci\u00f3n en la comunidad y que representa un desaf\u00edo para las autoridades en materia de seguridad vial y prevenci\u00f3n de actos delictivos.<\/p>\n\n\n\n<figure class=\"wp-block-image size-large\"><img loading=\"lazy\" decoding=\"async\" width=\"1024\" height=\"576\" src=\"https:\/\/temucotelevision.cl\/web\/wp-content\/uploads\/2024\/03\/Ataque2-1024x576.jpg\" alt=\"\" class=\"wp-image-48630\" srcset=\"https:\/\/temucotelevision.cl\/web\/wp-content\/uploads\/2024\/03\/Ataque2-1024x576.jpg 1024w, https:\/\/temucotelevision.cl\/web\/wp-content\/uploads\/2024\/03\/Ataque2-768x432.jpg 768w, https:\/\/temucotelevision.cl\/web\/wp-content\/uploads\/2024\/03\/Ataque2.jpg 1440w\" sizes=\"auto, (max-width: 1024px) 100vw, 1024px\" \/><\/figure>\n","protected":false},"excerpt":{"rendered":"<div class=\"pvc_clear\"><\/div>\n<p id=\"pvc_stats_48628\" class=\"pvc_stats total_only  \" data-element-id=\"48628\" style=\"\"><i class=\"pvc-stats-icon large\" aria-hidden=\"true\"><svg aria-hidden=\"true\" focusable=\"false\" data-prefix=\"far\" data-icon=\"chart-bar\" role=\"img\" xmlns=\"http:\/\/www.w3.org\/2000\/svg\" viewBox=\"0 0 512 512\" class=\"svg-inline--fa fa-chart-bar fa-w-16 fa-2x\"><path fill=\"currentColor\" d=\"M396.8 352h22.4c6.4 0 12.8-6.4 12.8-12.8V108.8c0-6.4-6.4-12.8-12.8-12.8h-22.4c-6.4 0-12.8 6.4-12.8 12.8v230.4c0 6.4 6.4 12.8 12.8 12.8zm-192 0h22.4c6.4 0 12.8-6.4 12.8-12.8V140.8c0-6.4-6.4-12.8-12.8-12.8h-22.4c-6.4 0-12.8 6.4-12.8 12.8v198.4c0 6.4 6.4 12.8 12.8 12.8zm96 0h22.4c6.4 0 12.8-6.4 12.8-12.8V204.8c0-6.4-6.4-12.8-12.8-12.8h-22.4c-6.4 0-12.8 6.4-12.8 12.8v134.4c0 6.4 6.4 12.8 12.8 12.8zM496 400H48V80c0-8.84-7.16-16-16-16H16C7.16 64 0 71.16 0 80v336c0 17.67 14.33 32 32 32h464c8.84 0 16-7.16 16-16v-16c0-8.84-7.16-16-16-16zm-387.2-48h22.4c6.4 0 12.8-6.4 12.8-12.8v-70.4c0-6.4-6.4-12.8-12.8-12.8h-22.4c-6.4 0-12.8 6.4-12.8 12.8v70.4c0 6.4 6.4 12.8 12.8 12.8z\" class=\"\"><\/path><\/svg><\/i> <img loading=\"lazy\" decoding=\"async\" width=\"16\" height=\"16\" alt=\"Loading\" src=\"https:\/\/temucotelevision.cl\/web\/wp-content\/plugins\/page-views-count\/ajax-loader-2x.gif\" border=0 \/><\/p>\n<div class=\"pvc_clear\"><\/div>\n<p>En la madrugada de este martes, un ataque incendiario sacudi\u00f3 la tranquilidad en la ruta Freire &#8211; Barros Arana, dejando<\/p>\n","protected":false},"author":1,"featured_media":48629,"comment_status":"open","ping_status":"open","sticky":false,"template":"","format":"standard","meta":{"colormag_page_container_layout":"default_layout","colormag_page_sidebar_layout":"default_layout","footnotes":""},"categories":[15],"tags":[231,566,695],"class_list":["post-48628","post","type-post","status-publish","format-standard","has-post-thumbnail","hentry","category-la-araucania","tag-atentado","tag-freire","tag-ruta"],"a3_pvc":{"activated":true,"total_views":4380,"today_views":0},"_links":{"self":[{"href":"https:\/\/temucotelevision.cl\/web\/wp-json\/wp\/v2\/posts\/48628","targetHints":{"allow":["GET"]}}],"collection":[{"href":"https:\/\/temucotelevision.cl\/web\/wp-json\/wp\/v2\/posts"}],"about":[{"href":"https:\/\/temucotelevision.cl\/web\/wp-json\/wp\/v2\/types\/post"}],"author":[{"embeddable":true,"href":"https:\/\/temucotelevision.cl\/web\/wp-json\/wp\/v2\/users\/1"}],"replies":[{"embeddable":true,"href":"https:\/\/temucotelevision.cl\/web\/wp-json\/wp\/v2\/comments?post=48628"}],"version-history":[{"count":1,"href":"https:\/\/temucotelevision.cl\/web\/wp-json\/wp\/v2\/posts\/48628\/revisions"}],"predecessor-version":[{"id":48631,"href":"https:\/\/temucotelevision.cl\/web\/wp-json\/wp\/v2\/posts\/48628\/revisions\/48631"}],"wp:featuredmedia":[{"embeddable":true,"href":"https:\/\/temucotelevision.cl\/web\/wp-json\/wp\/v2\/media\/48629"}],"wp:attachment":[{"href":"https:\/\/temucotelevision.cl\/web\/wp-json\/wp\/v2\/media?parent=48628"}],"wp:term":[{"taxonomy":"category","embeddable":true,"href":"https:\/\/temucotelevision.cl\/web\/wp-json\/wp\/v2\/categories?post=48628"},{"taxonomy":"post_tag","embeddable":true,"href":"https:\/\/temucotelevision.cl\/web\/wp-json\/wp\/v2\/tags?post=48628"}],"curies":[{"name":"wp","href":"https:\/\/api.w.org\/{rel}","templated":true}]}}